{"id":37940,"date":"2016-07-06T11:01:34","date_gmt":"2016-07-06T17:01:34","guid":{"rendered":"http:\/\/snn.imer.gob.mx\/antenaradio\/?p=37940"},"modified":"2016-07-06T11:01:34","modified_gmt":"2016-07-06T17:01:34","slug":"entrevista-con-el-dr-marco-antonio-fernandez-martinez-investigador-asociado-de-mexico-evalua-y-profesor-investigador-del-tec-de-monterrey","status":"publish","type":"post","link":"https:\/\/noticias.imer.mx\/antenaradio\/2016\/07\/06\/entrevista-con-el-dr-marco-antonio-fernandez-martinez-investigador-asociado-de-mexico-evalua-y-profesor-investigador-del-tec-de-monterrey\/","title":{"rendered":"Entrevista con el Dr. Marco Antonio Fern\u00e1ndez Mart\u00ednez, investigador asociado de M\u00e9xico eval\u00faa y profesor investigador del Tec. de Monterrey."},"content":{"rendered":"<p><a href=\"http:\/\/snn.imer.gob.mx\/antenaradio\/files\/2016\/07\/141680225082.jpg\"><img decoding=\"async\" loading=\"lazy\" class=\"alignleft  wp-image-37941\" src=\"http:\/\/snn.imer.gob.mx\/antenaradio\/files\/2016\/07\/141680225082.jpg\" alt=\"141680225082\" width=\"314\" height=\"209\" srcset=\"https:\/\/noticias.imer.mx\/antenaradio\/files\/2016\/07\/141680225082.jpg 600w, https:\/\/noticias.imer.mx\/antenaradio\/files\/2016\/07\/141680225082-300x200.jpg 300w\" sizes=\"(max-width: 314px) 100vw, 314px\" \/><\/a><\/p>\n<p style=\"text-align: justify\">Las comisiones de anticorrupci\u00f3n, estudios legislativos segunda y justicia, del senado, aprobaron ayer martes 5 de julio las modificaciones que enrique pe\u00f1a nieto pidi\u00f3 a la denominada ley 3de3, en cuanto al art\u00edculo 32, que obligaba a que empresarios y particulares presentaran su declaraci\u00f3n fiscal, patrimonial y de intereses al hacer negocios con el gobierno.<\/p>\n<p style=\"text-align: justify\">El dictamen se discute y ser\u00e1 votado en el pleno.<br \/>\nLa l\u00f3gica del art\u00edculo 29, brinc\u00f3 mucho en la sociedad y en los partidos que apoyaron esta ley. Ser\u00e1 fundamental que el personal adscrito este capacitado perfectamente para ocupar el cargo. El art\u00edculo 32 se modifico ayer en el Senado, quitando la exigencia a todo aquel individuo que recibiera ingresos gubernamentales como becas, se eximi\u00f3 a los contratistas a rendir declaraciones fiscales generando riesgos en la ley. Esta declaraci\u00f3n es falsa, hay medidas para combatir la corrupci\u00f3n del sector privado. El art\u00edculo 29 no se vetara por lo tanto no se modificar\u00e1.<\/p>\n<!--[if lt IE 9]><script>document.createElement('audio');<\/script><![endif]-->\n<audio class=\"wp-audio-shortcode\" id=\"audio-37940-1\" preload=\"none\" style=\"width: 100%;\" controls=\"controls\"><source type=\"audio\/mpeg\" src=\"http:\/\/snn.imer.gob.mx\/antenaradio\/files\/2016\/07\/060716-ARPE-ENT-MARCO-ANTONIO-FERNANDEZ-MARTINEZ.mp3?_=1\" \/><a href=\"http:\/\/snn.imer.gob.mx\/antenaradio\/files\/2016\/07\/060716-ARPE-ENT-MARCO-ANTONIO-FERNANDEZ-MARTINEZ.mp3\">http:\/\/snn.imer.gob.mx\/antenaradio\/files\/2016\/07\/060716-ARPE-ENT-MARCO-ANTONIO-FERNANDEZ-MARTINEZ.mp3<\/a><\/audio>\n","protected":false},"excerpt":{"rendered":"<p>Las comisiones de anticorrupci\u00f3n, estudios legislativos segunda y justicia, del senado, aprobaron ayer martes 5 de julio las modificaciones que enrique pe\u00f1a nieto pidi\u00f3 a la denominada ley 3de3, en cuanto al art\u00edculo 32, que obligaba a que empresarios y particulares presentaran su declaraci\u00f3n fiscal, patrimonial y de intereses al hacer negocios con el gobierno.&hellip;<\/p>\n","protected":false},"author":8,"featured_media":0,"comment_status":"closed","ping_status":"closed","sticky":false,"template":"","format":"standard","meta":{"wp_popup_display_lightbox":0,"wp_popup_suppress":"","wp_popup_trigger":"","wp_popup_trigger_amount":0,"wp_popup_disable_on_mobile":false},"categories":[1,5,4937],"tags":[],"yoast_head":"<!-- This site is optimized with the Yoast SEO plugin v21.0 - https:\/\/yoast.com\/wordpress\/plugins\/seo\/ -->\n<title>Entrevista con el Dr. Marco Antonio Fern\u00e1ndez Mart\u00ednez, investigador asociado de M\u00e9xico eval\u00faa y profesor investigador del Tec. de Monterrey. - Antena Radio<\/title>\n<meta name=\"robots\" content=\"index, follow, max-snippet:-1, max-image-preview:large, max-video-preview:-1\" \/>\n<link rel=\"canonical\" href=\"https:\/\/noticias.imer.mx\/antenaradio\/2016\/07\/06\/entrevista-con-el-dr-marco-antonio-fernandez-martinez-investigador-asociado-de-mexico-evalua-y-profesor-investigador-del-tec-de-monterrey\/\" \/>\n<meta property=\"og:locale\" content=\"es_ES\" \/>\n<meta property=\"og:type\" content=\"article\" \/>\n<meta property=\"og:title\" content=\"Entrevista con el Dr. Marco Antonio Fern\u00e1ndez Mart\u00ednez, investigador asociado de M\u00e9xico eval\u00faa y profesor investigador del Tec. de Monterrey. - Antena Radio\" \/>\n<meta property=\"og:description\" content=\"Las comisiones de anticorrupci\u00f3n, estudios legislativos segunda y justicia, del senado, aprobaron ayer martes 5 de julio las modificaciones que enrique pe\u00f1a nieto pidi\u00f3 a la denominada ley 3de3, en cuanto al art\u00edculo 32, que obligaba a que empresarios y particulares presentaran su declaraci\u00f3n fiscal, patrimonial y de intereses al hacer negocios con el gobierno.&hellip;\" \/>\n<meta property=\"og:url\" content=\"https:\/\/noticias.imer.mx\/antenaradio\/2016\/07\/06\/entrevista-con-el-dr-marco-antonio-fernandez-martinez-investigador-asociado-de-mexico-evalua-y-profesor-investigador-del-tec-de-monterrey\/\" \/>\n<meta property=\"og:site_name\" content=\"Antena Radio\" \/>\n<meta property=\"article:published_time\" content=\"2016-07-06T17:01:34+00:00\" \/>\n<meta property=\"og:image\" content=\"http:\/\/snn.imer.gob.mx\/antenaradio\/files\/2016\/07\/141680225082.jpg\" \/>\n<meta name=\"author\" content=\"IMER Noticias\" \/>\n<meta name=\"twitter:card\" content=\"summary_large_image\" \/>\n<meta name=\"twitter:label1\" content=\"Escrito por\" \/>\n\t<meta name=\"twitter:data1\" content=\"IMER Noticias\" \/>\n\t<meta name=\"twitter:label2\" content=\"Tiempo de lectura\" \/>\n\t<meta name=\"twitter:data2\" content=\"1 minuto\" \/>\n<script type=\"application\/ld+json\" class=\"yoast-schema-graph\">{\"@context\":\"https:\/\/schema.org\",\"@graph\":[{\"@type\":\"WebPage\",\"@id\":\"https:\/\/noticias.imer.mx\/antenaradio\/2016\/07\/06\/entrevista-con-el-dr-marco-antonio-fernandez-martinez-investigador-asociado-de-mexico-evalua-y-profesor-investigador-del-tec-de-monterrey\/\",\"url\":\"https:\/\/noticias.imer.mx\/antenaradio\/2016\/07\/06\/entrevista-con-el-dr-marco-antonio-fernandez-martinez-investigador-asociado-de-mexico-evalua-y-profesor-investigador-del-tec-de-monterrey\/\",\"name\":\"Entrevista con el Dr. Marco Antonio Fern\u00e1ndez Mart\u00ednez, investigador asociado de M\u00e9xico eval\u00faa y profesor investigador del Tec. de Monterrey. - Antena Radio\",\"isPartOf\":{\"@id\":\"https:\/\/noticias.imer.mx\/antenaradio\/#website\"},\"datePublished\":\"2016-07-06T17:01:34+00:00\",\"dateModified\":\"2016-07-06T17:01:34+00:00\",\"author\":{\"@id\":\"https:\/\/noticias.imer.mx\/antenaradio\/#\/schema\/person\/72de5454d165c5239bc56a49873e43c9\"},\"breadcrumb\":{\"@id\":\"https:\/\/noticias.imer.mx\/antenaradio\/2016\/07\/06\/entrevista-con-el-dr-marco-antonio-fernandez-martinez-investigador-asociado-de-mexico-evalua-y-profesor-investigador-del-tec-de-monterrey\/#breadcrumb\"},\"inLanguage\":\"es\",\"potentialAction\":[{\"@type\":\"ReadAction\",\"target\":[\"https:\/\/noticias.imer.mx\/antenaradio\/2016\/07\/06\/entrevista-con-el-dr-marco-antonio-fernandez-martinez-investigador-asociado-de-mexico-evalua-y-profesor-investigador-del-tec-de-monterrey\/\"]}]},{\"@type\":\"BreadcrumbList\",\"@id\":\"https:\/\/noticias.imer.mx\/antenaradio\/2016\/07\/06\/entrevista-con-el-dr-marco-antonio-fernandez-martinez-investigador-asociado-de-mexico-evalua-y-profesor-investigador-del-tec-de-monterrey\/#breadcrumb\",\"itemListElement\":[{\"@type\":\"ListItem\",\"position\":1,\"name\":\"Home\",\"item\":\"https:\/\/noticias.imer.mx\/antenaradio\/\"},{\"@type\":\"ListItem\",\"position\":2,\"name\":\"Entrevista con el Dr. Marco Antonio Fern\u00e1ndez Mart\u00ednez, investigador asociado de M\u00e9xico eval\u00faa y profesor investigador del Tec. de Monterrey.\"}]},{\"@type\":\"WebSite\",\"@id\":\"https:\/\/noticias.imer.mx\/antenaradio\/#website\",\"url\":\"https:\/\/noticias.imer.mx\/antenaradio\/\",\"name\":\"Antena Radio\",\"description\":\"La forma m\u00e1s clara de entender la noticia\",\"potentialAction\":[{\"@type\":\"SearchAction\",\"target\":{\"@type\":\"EntryPoint\",\"urlTemplate\":\"https:\/\/noticias.imer.mx\/antenaradio\/?s={search_term_string}\"},\"query-input\":\"required name=search_term_string\"}],\"inLanguage\":\"es\"},{\"@type\":\"Person\",\"@id\":\"https:\/\/noticias.imer.mx\/antenaradio\/#\/schema\/person\/72de5454d165c5239bc56a49873e43c9\",\"name\":\"IMER Noticias\",\"url\":\"https:\/\/noticias.imer.mx\/antenaradio\/author\/antenaradio\/\"}]}<\/script>\n<!-- \/ Yoast SEO plugin. -->","yoast_head_json":{"title":"Entrevista con el Dr. Marco Antonio Fern\u00e1ndez Mart\u00ednez, investigador asociado de M\u00e9xico eval\u00faa y profesor investigador del Tec. de Monterrey. - Antena Radio","robots":{"index":"index","follow":"follow","max-snippet":"max-snippet:-1","max-image-preview":"max-image-preview:large","max-video-preview":"max-video-preview:-1"},"canonical":"https:\/\/noticias.imer.mx\/antenaradio\/2016\/07\/06\/entrevista-con-el-dr-marco-antonio-fernandez-martinez-investigador-asociado-de-mexico-evalua-y-profesor-investigador-del-tec-de-monterrey\/","og_locale":"es_ES","og_type":"article","og_title":"Entrevista con el Dr. Marco Antonio Fern\u00e1ndez Mart\u00ednez, investigador asociado de M\u00e9xico eval\u00faa y profesor investigador del Tec. de Monterrey. - Antena Radio","og_description":"Las comisiones de anticorrupci\u00f3n, estudios legislativos segunda y justicia, del senado, aprobaron ayer martes 5 de julio las modificaciones que enrique pe\u00f1a nieto pidi\u00f3 a la denominada ley 3de3, en cuanto al art\u00edculo 32, que obligaba a que empresarios y particulares presentaran su declaraci\u00f3n fiscal, patrimonial y de intereses al hacer negocios con el gobierno.&hellip;","og_url":"https:\/\/noticias.imer.mx\/antenaradio\/2016\/07\/06\/entrevista-con-el-dr-marco-antonio-fernandez-martinez-investigador-asociado-de-mexico-evalua-y-profesor-investigador-del-tec-de-monterrey\/","og_site_name":"Antena Radio","article_published_time":"2016-07-06T17:01:34+00:00","og_image":[{"url":"http:\/\/snn.imer.gob.mx\/antenaradio\/files\/2016\/07\/141680225082.jpg"}],"author":"IMER Noticias","twitter_card":"summary_large_image","twitter_misc":{"Escrito por":"IMER Noticias","Tiempo de lectura":"1 minuto"},"schema":{"@context":"https:\/\/schema.org","@graph":[{"@type":"WebPage","@id":"https:\/\/noticias.imer.mx\/antenaradio\/2016\/07\/06\/entrevista-con-el-dr-marco-antonio-fernandez-martinez-investigador-asociado-de-mexico-evalua-y-profesor-investigador-del-tec-de-monterrey\/","url":"https:\/\/noticias.imer.mx\/antenaradio\/2016\/07\/06\/entrevista-con-el-dr-marco-antonio-fernandez-martinez-investigador-asociado-de-mexico-evalua-y-profesor-investigador-del-tec-de-monterrey\/","name":"Entrevista con el Dr. Marco Antonio Fern\u00e1ndez Mart\u00ednez, investigador asociado de M\u00e9xico eval\u00faa y profesor investigador del Tec. de Monterrey. - Antena Radio","isPartOf":{"@id":"https:\/\/noticias.imer.mx\/antenaradio\/#website"},"datePublished":"2016-07-06T17:01:34+00:00","dateModified":"2016-07-06T17:01:34+00:00","author":{"@id":"https:\/\/noticias.imer.mx\/antenaradio\/#\/schema\/person\/72de5454d165c5239bc56a49873e43c9"},"breadcrumb":{"@id":"https:\/\/noticias.imer.mx\/antenaradio\/2016\/07\/06\/entrevista-con-el-dr-marco-antonio-fernandez-martinez-investigador-asociado-de-mexico-evalua-y-profesor-investigador-del-tec-de-monterrey\/#breadcrumb"},"inLanguage":"es","potentialAction":[{"@type":"ReadAction","target":["https:\/\/noticias.imer.mx\/antenaradio\/2016\/07\/06\/entrevista-con-el-dr-marco-antonio-fernandez-martinez-investigador-asociado-de-mexico-evalua-y-profesor-investigador-del-tec-de-monterrey\/"]}]},{"@type":"BreadcrumbList","@id":"https:\/\/noticias.imer.mx\/antenaradio\/2016\/07\/06\/entrevista-con-el-dr-marco-antonio-fernandez-martinez-investigador-asociado-de-mexico-evalua-y-profesor-investigador-del-tec-de-monterrey\/#breadcrumb","itemListElement":[{"@type":"ListItem","position":1,"name":"Home","item":"https:\/\/noticias.imer.mx\/antenaradio\/"},{"@type":"ListItem","position":2,"name":"Entrevista con el Dr. Marco Antonio Fern\u00e1ndez Mart\u00ednez, investigador asociado de M\u00e9xico eval\u00faa y profesor investigador del Tec. de Monterrey."}]},{"@type":"WebSite","@id":"https:\/\/noticias.imer.mx\/antenaradio\/#website","url":"https:\/\/noticias.imer.mx\/antenaradio\/","name":"Antena Radio","description":"La forma m\u00e1s clara de entender la noticia","potentialAction":[{"@type":"SearchAction","target":{"@type":"EntryPoint","urlTemplate":"https:\/\/noticias.imer.mx\/antenaradio\/?s={search_term_string}"},"query-input":"required name=search_term_string"}],"inLanguage":"es"},{"@type":"Person","@id":"https:\/\/noticias.imer.mx\/antenaradio\/#\/schema\/person\/72de5454d165c5239bc56a49873e43c9","name":"IMER Noticias","url":"https:\/\/noticias.imer.mx\/antenaradio\/author\/antenaradio\/"}]}},"_links":{"self":[{"href":"https:\/\/noticias.imer.mx\/antenaradio\/wp-json\/wp\/v2\/posts\/37940"}],"collection":[{"href":"https:\/\/noticias.imer.mx\/antenaradio\/wp-json\/wp\/v2\/posts"}],"about":[{"href":"https:\/\/noticias.imer.mx\/antenaradio\/wp-json\/wp\/v2\/types\/post"}],"author":[{"embeddable":true,"href":"https:\/\/noticias.imer.mx\/antenaradio\/wp-json\/wp\/v2\/users\/8"}],"replies":[{"embeddable":true,"href":"https:\/\/noticias.imer.mx\/antenaradio\/wp-json\/wp\/v2\/comments?post=37940"}],"version-history":[{"count":2,"href":"https:\/\/noticias.imer.mx\/antenaradio\/wp-json\/wp\/v2\/posts\/37940\/revisions"}],"predecessor-version":[{"id":37944,"href":"https:\/\/noticias.imer.mx\/antenaradio\/wp-json\/wp\/v2\/posts\/37940\/revisions\/37944"}],"wp:attachment":[{"href":"https:\/\/noticias.imer.mx\/antenaradio\/wp-json\/wp\/v2\/media?parent=37940"}],"wp:term":[{"taxonomy":"category","embeddable":true,"href":"https:\/\/noticias.imer.mx\/antenaradio\/wp-json\/wp\/v2\/categories?post=37940"},{"taxonomy":"post_tag","embeddable":true,"href":"https:\/\/noticias.imer.mx\/antenaradio\/wp-json\/wp\/v2\/tags?post=37940"}],"curies":[{"name":"wp","href":"https:\/\/api.w.org\/{rel}","templated":true}]}}