{"id":37933,"date":"2016-07-06T10:37:45","date_gmt":"2016-07-06T16:37:45","guid":{"rendered":"http:\/\/snn.imer.gob.mx\/antenaradio\/?p=37933"},"modified":"2016-07-06T10:37:45","modified_gmt":"2016-07-06T16:37:45","slug":"entrevista-con-francisco-guerrero-aguirre-secretario-de-fortalecimiento-a-la-democracia","status":"publish","type":"post","link":"https:\/\/noticias.imer.mx\/antenaradio\/2016\/07\/06\/entrevista-con-francisco-guerrero-aguirre-secretario-de-fortalecimiento-a-la-democracia\/","title":{"rendered":"Entrevista con Francisco Guerrero Aguirre, Secretario de Fortalecimiento a la Democracia"},"content":{"rendered":"<p style=\"text-align: justify\"><a href=\"http:\/\/snn.imer.gob.mx\/antenaradio\/files\/2016\/07\/francisco-g.jpg\"><img decoding=\"async\" loading=\"lazy\" class=\"alignleft  wp-image-37935\" src=\"http:\/\/snn.imer.gob.mx\/antenaradio\/files\/2016\/07\/francisco-g.jpg\" alt=\"francisco g\" width=\"263\" height=\"198\" srcset=\"https:\/\/noticias.imer.mx\/antenaradio\/files\/2016\/07\/francisco-g.jpg 665w, https:\/\/noticias.imer.mx\/antenaradio\/files\/2016\/07\/francisco-g-300x225.jpg 300w\" sizes=\"(max-width: 263px) 100vw, 263px\" \/><\/a>El Racismo en las elecciones.\u00a0Se pone sobre la mesa, como el gobierno que se encuentra en turno.\u00a0En gobiernos racistas como Alemania con Hitler o Italia con Mussolini, piensan que su raza es superior, trayendo estos lo que es a la actualidad nuevamente.<br \/>\nEl siglo XXI se caracteriza por que se comienza a vivir periodos de erradicaci\u00f3n de racismo. La migraci\u00f3n parecer ser un tema de inter\u00e9s entre la voz popular. De regreso con los comisios electorales debe de regresar a la mente la imagen de pa\u00edses como Alemania, Italia y Sud\u00e1frica, con la violaci\u00f3n de los derechos humanos.<br \/>\nEl racismo hist\u00f3ricamente ha generado conflictos, dividido sociedades y el principal causante de guerras, por lo que el racismo y la democracia no pueden ir de la mano, porque sus conceptos son contradictorios entre si.<\/p>\n","protected":false},"excerpt":{"rendered":"<p>El Racismo en las elecciones.\u00a0Se pone sobre la mesa, como el gobierno que se encuentra en turno.\u00a0En gobiernos racistas como Alemania con Hitler o Italia con Mussolini, piensan que su raza es superior, trayendo estos lo que es a la actualidad nuevamente. El siglo XXI se caracteriza por que se comienza a vivir periodos de&hellip;<\/p>\n","protected":false},"author":8,"featured_media":0,"comment_status":"closed","ping_status":"closed","sticky":false,"template":"","format":"standard","meta":{"wp_popup_display_lightbox":0,"wp_popup_suppress":"","wp_popup_trigger":"","wp_popup_trigger_amount":0,"wp_popup_disable_on_mobile":false},"categories":[1,5,4937],"tags":[],"yoast_head":"<!-- This site is optimized with the Yoast SEO plugin v21.0 - https:\/\/yoast.com\/wordpress\/plugins\/seo\/ -->\n<title>Entrevista con Francisco Guerrero Aguirre, Secretario de Fortalecimiento a la Democracia - Antena Radio<\/title>\n<meta name=\"robots\" content=\"index, follow, max-snippet:-1, max-image-preview:large, max-video-preview:-1\" \/>\n<link rel=\"canonical\" href=\"https:\/\/noticias.imer.mx\/antenaradio\/2016\/07\/06\/entrevista-con-francisco-guerrero-aguirre-secretario-de-fortalecimiento-a-la-democracia\/\" \/>\n<meta property=\"og:locale\" content=\"es_ES\" \/>\n<meta property=\"og:type\" content=\"article\" \/>\n<meta property=\"og:title\" content=\"Entrevista con Francisco Guerrero Aguirre, Secretario de Fortalecimiento a la Democracia - Antena Radio\" \/>\n<meta property=\"og:description\" content=\"El Racismo en las elecciones.\u00a0Se pone sobre la mesa, como el gobierno que se encuentra en turno.\u00a0En gobiernos racistas como Alemania con Hitler o Italia con Mussolini, piensan que su raza es superior, trayendo estos lo que es a la actualidad nuevamente. El siglo XXI se caracteriza por que se comienza a vivir periodos de&hellip;\" \/>\n<meta property=\"og:url\" content=\"https:\/\/noticias.imer.mx\/antenaradio\/2016\/07\/06\/entrevista-con-francisco-guerrero-aguirre-secretario-de-fortalecimiento-a-la-democracia\/\" \/>\n<meta property=\"og:site_name\" content=\"Antena Radio\" \/>\n<meta property=\"article:published_time\" content=\"2016-07-06T16:37:45+00:00\" \/>\n<meta property=\"og:image\" content=\"http:\/\/snn.imer.gob.mx\/antenaradio\/files\/2016\/07\/francisco-g.jpg\" \/>\n<meta name=\"author\" content=\"IMER Noticias\" \/>\n<meta name=\"twitter:card\" content=\"summary_large_image\" \/>\n<meta name=\"twitter:label1\" content=\"Escrito por\" \/>\n\t<meta name=\"twitter:data1\" content=\"IMER Noticias\" \/>\n\t<meta name=\"twitter:label2\" content=\"Tiempo de lectura\" \/>\n\t<meta name=\"twitter:data2\" content=\"1 minuto\" \/>\n<script type=\"application\/ld+json\" class=\"yoast-schema-graph\">{\"@context\":\"https:\/\/schema.org\",\"@graph\":[{\"@type\":\"WebPage\",\"@id\":\"https:\/\/noticias.imer.mx\/antenaradio\/2016\/07\/06\/entrevista-con-francisco-guerrero-aguirre-secretario-de-fortalecimiento-a-la-democracia\/\",\"url\":\"https:\/\/noticias.imer.mx\/antenaradio\/2016\/07\/06\/entrevista-con-francisco-guerrero-aguirre-secretario-de-fortalecimiento-a-la-democracia\/\",\"name\":\"Entrevista con Francisco Guerrero Aguirre, Secretario de Fortalecimiento a la Democracia - Antena Radio\",\"isPartOf\":{\"@id\":\"https:\/\/noticias.imer.mx\/antenaradio\/#website\"},\"datePublished\":\"2016-07-06T16:37:45+00:00\",\"dateModified\":\"2016-07-06T16:37:45+00:00\",\"author\":{\"@id\":\"https:\/\/noticias.imer.mx\/antenaradio\/#\/schema\/person\/72de5454d165c5239bc56a49873e43c9\"},\"breadcrumb\":{\"@id\":\"https:\/\/noticias.imer.mx\/antenaradio\/2016\/07\/06\/entrevista-con-francisco-guerrero-aguirre-secretario-de-fortalecimiento-a-la-democracia\/#breadcrumb\"},\"inLanguage\":\"es\",\"potentialAction\":[{\"@type\":\"ReadAction\",\"target\":[\"https:\/\/noticias.imer.mx\/antenaradio\/2016\/07\/06\/entrevista-con-francisco-guerrero-aguirre-secretario-de-fortalecimiento-a-la-democracia\/\"]}]},{\"@type\":\"BreadcrumbList\",\"@id\":\"https:\/\/noticias.imer.mx\/antenaradio\/2016\/07\/06\/entrevista-con-francisco-guerrero-aguirre-secretario-de-fortalecimiento-a-la-democracia\/#breadcrumb\",\"itemListElement\":[{\"@type\":\"ListItem\",\"position\":1,\"name\":\"Home\",\"item\":\"https:\/\/noticias.imer.mx\/antenaradio\/\"},{\"@type\":\"ListItem\",\"position\":2,\"name\":\"Entrevista con Francisco Guerrero Aguirre, Secretario de Fortalecimiento a la Democracia\"}]},{\"@type\":\"WebSite\",\"@id\":\"https:\/\/noticias.imer.mx\/antenaradio\/#website\",\"url\":\"https:\/\/noticias.imer.mx\/antenaradio\/\",\"name\":\"Antena Radio\",\"description\":\"La forma m\u00e1s clara de entender la noticia\",\"potentialAction\":[{\"@type\":\"SearchAction\",\"target\":{\"@type\":\"EntryPoint\",\"urlTemplate\":\"https:\/\/noticias.imer.mx\/antenaradio\/?s={search_term_string}\"},\"query-input\":\"required name=search_term_string\"}],\"inLanguage\":\"es\"},{\"@type\":\"Person\",\"@id\":\"https:\/\/noticias.imer.mx\/antenaradio\/#\/schema\/person\/72de5454d165c5239bc56a49873e43c9\",\"name\":\"IMER Noticias\",\"url\":\"https:\/\/noticias.imer.mx\/antenaradio\/author\/antenaradio\/\"}]}<\/script>\n<!-- \/ Yoast SEO plugin. -->","yoast_head_json":{"title":"Entrevista con Francisco Guerrero Aguirre, Secretario de Fortalecimiento a la Democracia - Antena Radio","robots":{"index":"index","follow":"follow","max-snippet":"max-snippet:-1","max-image-preview":"max-image-preview:large","max-video-preview":"max-video-preview:-1"},"canonical":"https:\/\/noticias.imer.mx\/antenaradio\/2016\/07\/06\/entrevista-con-francisco-guerrero-aguirre-secretario-de-fortalecimiento-a-la-democracia\/","og_locale":"es_ES","og_type":"article","og_title":"Entrevista con Francisco Guerrero Aguirre, Secretario de Fortalecimiento a la Democracia - Antena Radio","og_description":"El Racismo en las elecciones.\u00a0Se pone sobre la mesa, como el gobierno que se encuentra en turno.\u00a0En gobiernos racistas como Alemania con Hitler o Italia con Mussolini, piensan que su raza es superior, trayendo estos lo que es a la actualidad nuevamente. El siglo XXI se caracteriza por que se comienza a vivir periodos de&hellip;","og_url":"https:\/\/noticias.imer.mx\/antenaradio\/2016\/07\/06\/entrevista-con-francisco-guerrero-aguirre-secretario-de-fortalecimiento-a-la-democracia\/","og_site_name":"Antena Radio","article_published_time":"2016-07-06T16:37:45+00:00","og_image":[{"url":"http:\/\/snn.imer.gob.mx\/antenaradio\/files\/2016\/07\/francisco-g.jpg"}],"author":"IMER Noticias","twitter_card":"summary_large_image","twitter_misc":{"Escrito por":"IMER Noticias","Tiempo de lectura":"1 minuto"},"schema":{"@context":"https:\/\/schema.org","@graph":[{"@type":"WebPage","@id":"https:\/\/noticias.imer.mx\/antenaradio\/2016\/07\/06\/entrevista-con-francisco-guerrero-aguirre-secretario-de-fortalecimiento-a-la-democracia\/","url":"https:\/\/noticias.imer.mx\/antenaradio\/2016\/07\/06\/entrevista-con-francisco-guerrero-aguirre-secretario-de-fortalecimiento-a-la-democracia\/","name":"Entrevista con Francisco Guerrero Aguirre, Secretario de Fortalecimiento a la Democracia - Antena Radio","isPartOf":{"@id":"https:\/\/noticias.imer.mx\/antenaradio\/#website"},"datePublished":"2016-07-06T16:37:45+00:00","dateModified":"2016-07-06T16:37:45+00:00","author":{"@id":"https:\/\/noticias.imer.mx\/antenaradio\/#\/schema\/person\/72de5454d165c5239bc56a49873e43c9"},"breadcrumb":{"@id":"https:\/\/noticias.imer.mx\/antenaradio\/2016\/07\/06\/entrevista-con-francisco-guerrero-aguirre-secretario-de-fortalecimiento-a-la-democracia\/#breadcrumb"},"inLanguage":"es","potentialAction":[{"@type":"ReadAction","target":["https:\/\/noticias.imer.mx\/antenaradio\/2016\/07\/06\/entrevista-con-francisco-guerrero-aguirre-secretario-de-fortalecimiento-a-la-democracia\/"]}]},{"@type":"BreadcrumbList","@id":"https:\/\/noticias.imer.mx\/antenaradio\/2016\/07\/06\/entrevista-con-francisco-guerrero-aguirre-secretario-de-fortalecimiento-a-la-democracia\/#breadcrumb","itemListElement":[{"@type":"ListItem","position":1,"name":"Home","item":"https:\/\/noticias.imer.mx\/antenaradio\/"},{"@type":"ListItem","position":2,"name":"Entrevista con Francisco Guerrero Aguirre, Secretario de Fortalecimiento a la Democracia"}]},{"@type":"WebSite","@id":"https:\/\/noticias.imer.mx\/antenaradio\/#website","url":"https:\/\/noticias.imer.mx\/antenaradio\/","name":"Antena Radio","description":"La forma m\u00e1s clara de entender la noticia","potentialAction":[{"@type":"SearchAction","target":{"@type":"EntryPoint","urlTemplate":"https:\/\/noticias.imer.mx\/antenaradio\/?s={search_term_string}"},"query-input":"required name=search_term_string"}],"inLanguage":"es"},{"@type":"Person","@id":"https:\/\/noticias.imer.mx\/antenaradio\/#\/schema\/person\/72de5454d165c5239bc56a49873e43c9","name":"IMER Noticias","url":"https:\/\/noticias.imer.mx\/antenaradio\/author\/antenaradio\/"}]}},"_links":{"self":[{"href":"https:\/\/noticias.imer.mx\/antenaradio\/wp-json\/wp\/v2\/posts\/37933"}],"collection":[{"href":"https:\/\/noticias.imer.mx\/antenaradio\/wp-json\/wp\/v2\/posts"}],"about":[{"href":"https:\/\/noticias.imer.mx\/antenaradio\/wp-json\/wp\/v2\/types\/post"}],"author":[{"embeddable":true,"href":"https:\/\/noticias.imer.mx\/antenaradio\/wp-json\/wp\/v2\/users\/8"}],"replies":[{"embeddable":true,"href":"https:\/\/noticias.imer.mx\/antenaradio\/wp-json\/wp\/v2\/comments?post=37933"}],"version-history":[{"count":4,"href":"https:\/\/noticias.imer.mx\/antenaradio\/wp-json\/wp\/v2\/posts\/37933\/revisions"}],"predecessor-version":[{"id":37939,"href":"https:\/\/noticias.imer.mx\/antenaradio\/wp-json\/wp\/v2\/posts\/37933\/revisions\/37939"}],"wp:attachment":[{"href":"https:\/\/noticias.imer.mx\/antenaradio\/wp-json\/wp\/v2\/media?parent=37933"}],"wp:term":[{"taxonomy":"category","embeddable":true,"href":"https:\/\/noticias.imer.mx\/antenaradio\/wp-json\/wp\/v2\/categories?post=37933"},{"taxonomy":"post_tag","embeddable":true,"href":"https:\/\/noticias.imer.mx\/antenaradio\/wp-json\/wp\/v2\/tags?post=37933"}],"curies":[{"name":"wp","href":"https:\/\/api.w.org\/{rel}","templated":true}]}}