{"id":37925,"date":"2016-07-05T10:42:14","date_gmt":"2016-07-05T16:42:14","guid":{"rendered":"http:\/\/snn.imer.gob.mx\/antenaradio\/?p=37925"},"modified":"2016-07-05T10:42:14","modified_gmt":"2016-07-05T16:42:14","slug":"entrevista-con-el-ing-salvador-enrique-casanova-rosellon-escritor-y-profesor-de-fisica-y-estadistica-en-tv","status":"publish","type":"post","link":"https:\/\/noticias.imer.mx\/antenaradio\/2016\/07\/05\/entrevista-con-el-ing-salvador-enrique-casanova-rosellon-escritor-y-profesor-de-fisica-y-estadistica-en-tv\/","title":{"rendered":"Entrevista con el Ing. Salvador Enrique Casanova Rosell\u00f3n, escritor y profesor de f\u00edsica y estad\u00edstica en TV."},"content":{"rendered":"<p style=\"text-align: justify\"><a href=\"http:\/\/snn.imer.gob.mx\/antenaradio\/files\/2016\/07\/Portada-libro.png\"><img decoding=\"async\" loading=\"lazy\" class=\"alignleft  wp-image-37926\" src=\"http:\/\/snn.imer.gob.mx\/antenaradio\/files\/2016\/07\/Portada-libro.png\" alt=\"Portada-libro\" width=\"233\" height=\"273\" srcset=\"https:\/\/noticias.imer.mx\/antenaradio\/files\/2016\/07\/Portada-libro.png 633w, https:\/\/noticias.imer.mx\/antenaradio\/files\/2016\/07\/Portada-libro-256x300.png 256w\" sizes=\"(max-width: 233px) 100vw, 233px\" \/><\/a>SU LIBRO: \u201cLA MARAVILLOSA HISTORIA DEL TIEMPO\u201d<\/p>\n<p style=\"text-align: justify\">El tiempo es como el aire. Vivimos dentro de \u00e9l, pero nunca \u2015o casi nunca\u2015 nos preguntamos de qu\u00e9 est\u00e1 hecho. Cuando lo hacemos, podemos transitar muchos caminos que van de lo biol\u00f3gico a lo c\u00f3smico; sin embargo, debemos proceder con rigor, pues se corre el riesgo de llegar a conclusiones descabelladas.<br \/>\nEl trabajo de este libro pretende hacer un an\u00e1lisis de esa materia inasible que es el tiempo.<\/p>\n<p>Pascual Ortiz Rubio cambio a M\u00e9xico en 3 horarios y as\u00ed, hasta que Vicente Fox creo el horario de verano y Andres Manuel L\u00f3pez Obrador crea un caos por lo mismo. Julio C\u00e9sar implementa el calendario Egipcio en Roma no haciendo la guerra, el calendario Romano implementa el calendario cat\u00f3lico.<br \/>\nEl domingo como d\u00eda de descanso es una desici\u00f3n de los lideres religiosos. Un panorama del porque el minuto, segundo se llaman as\u00ed. Muestro como se encoj\u00e9 y se dilata el tiempo cada vez m\u00e1s rapido . Analizar la temporalidad sufrida junto con el lector.<\/p>\n<!--[if lt IE 9]><script>document.createElement('audio');<\/script><![endif]-->\n<audio class=\"wp-audio-shortcode\" id=\"audio-37925-1\" preload=\"none\" style=\"width: 100%;\" controls=\"controls\"><source type=\"audio\/mpeg\" src=\"http:\/\/snn.imer.gob.mx\/antenaradio\/files\/2016\/07\/040716-ARPE-ENT-SALVADOR-CASANOVA.mp3?_=1\" \/><a href=\"http:\/\/snn.imer.gob.mx\/antenaradio\/files\/2016\/07\/040716-ARPE-ENT-SALVADOR-CASANOVA.mp3\">http:\/\/snn.imer.gob.mx\/antenaradio\/files\/2016\/07\/040716-ARPE-ENT-SALVADOR-CASANOVA.mp3<\/a><\/audio>\n<p>&nbsp;<\/p>\n","protected":false},"excerpt":{"rendered":"<p>SU LIBRO: \u201cLA MARAVILLOSA HISTORIA DEL TIEMPO\u201d El tiempo es como el aire. Vivimos dentro de \u00e9l, pero nunca \u2015o casi nunca\u2015 nos preguntamos de qu\u00e9 est\u00e1 hecho. Cuando lo hacemos, podemos transitar muchos caminos que van de lo biol\u00f3gico a lo c\u00f3smico; sin embargo, debemos proceder con rigor, pues se corre el riesgo de&hellip;<\/p>\n","protected":false},"author":8,"featured_media":0,"comment_status":"closed","ping_status":"closed","sticky":false,"template":"","format":"standard","meta":{"wp_popup_display_lightbox":0,"wp_popup_suppress":"","wp_popup_trigger":"","wp_popup_trigger_amount":0,"wp_popup_disable_on_mobile":false},"categories":[1,5,4937],"tags":[],"yoast_head":"<!-- This site is optimized with the Yoast SEO plugin v21.0 - https:\/\/yoast.com\/wordpress\/plugins\/seo\/ -->\n<title>Entrevista con el Ing. Salvador Enrique Casanova Rosell\u00f3n, escritor y profesor de f\u00edsica y estad\u00edstica en TV. - Antena Radio<\/title>\n<meta name=\"robots\" content=\"index, follow, max-snippet:-1, max-image-preview:large, max-video-preview:-1\" \/>\n<link rel=\"canonical\" href=\"https:\/\/noticias.imer.mx\/antenaradio\/2016\/07\/05\/entrevista-con-el-ing-salvador-enrique-casanova-rosellon-escritor-y-profesor-de-fisica-y-estadistica-en-tv\/\" \/>\n<meta property=\"og:locale\" content=\"es_ES\" \/>\n<meta property=\"og:type\" content=\"article\" \/>\n<meta property=\"og:title\" content=\"Entrevista con el Ing. Salvador Enrique Casanova Rosell\u00f3n, escritor y profesor de f\u00edsica y estad\u00edstica en TV. - Antena Radio\" \/>\n<meta property=\"og:description\" content=\"SU LIBRO: \u201cLA MARAVILLOSA HISTORIA DEL TIEMPO\u201d El tiempo es como el aire. Vivimos dentro de \u00e9l, pero nunca \u2015o casi nunca\u2015 nos preguntamos de qu\u00e9 est\u00e1 hecho. Cuando lo hacemos, podemos transitar muchos caminos que van de lo biol\u00f3gico a lo c\u00f3smico; sin embargo, debemos proceder con rigor, pues se corre el riesgo de&hellip;\" \/>\n<meta property=\"og:url\" content=\"https:\/\/noticias.imer.mx\/antenaradio\/2016\/07\/05\/entrevista-con-el-ing-salvador-enrique-casanova-rosellon-escritor-y-profesor-de-fisica-y-estadistica-en-tv\/\" \/>\n<meta property=\"og:site_name\" content=\"Antena Radio\" \/>\n<meta property=\"article:published_time\" content=\"2016-07-05T16:42:14+00:00\" \/>\n<meta property=\"og:image\" content=\"http:\/\/snn.imer.gob.mx\/antenaradio\/files\/2016\/07\/Portada-libro.png\" \/>\n<meta name=\"author\" content=\"IMER Noticias\" \/>\n<meta name=\"twitter:card\" content=\"summary_large_image\" \/>\n<meta name=\"twitter:label1\" content=\"Escrito por\" \/>\n\t<meta name=\"twitter:data1\" content=\"IMER Noticias\" \/>\n\t<meta name=\"twitter:label2\" content=\"Tiempo de lectura\" \/>\n\t<meta name=\"twitter:data2\" content=\"1 minuto\" \/>\n<script type=\"application\/ld+json\" class=\"yoast-schema-graph\">{\"@context\":\"https:\/\/schema.org\",\"@graph\":[{\"@type\":\"WebPage\",\"@id\":\"https:\/\/noticias.imer.mx\/antenaradio\/2016\/07\/05\/entrevista-con-el-ing-salvador-enrique-casanova-rosellon-escritor-y-profesor-de-fisica-y-estadistica-en-tv\/\",\"url\":\"https:\/\/noticias.imer.mx\/antenaradio\/2016\/07\/05\/entrevista-con-el-ing-salvador-enrique-casanova-rosellon-escritor-y-profesor-de-fisica-y-estadistica-en-tv\/\",\"name\":\"Entrevista con el Ing. Salvador Enrique Casanova Rosell\u00f3n, escritor y profesor de f\u00edsica y estad\u00edstica en TV. - Antena Radio\",\"isPartOf\":{\"@id\":\"https:\/\/noticias.imer.mx\/antenaradio\/#website\"},\"datePublished\":\"2016-07-05T16:42:14+00:00\",\"dateModified\":\"2016-07-05T16:42:14+00:00\",\"author\":{\"@id\":\"https:\/\/noticias.imer.mx\/antenaradio\/#\/schema\/person\/72de5454d165c5239bc56a49873e43c9\"},\"breadcrumb\":{\"@id\":\"https:\/\/noticias.imer.mx\/antenaradio\/2016\/07\/05\/entrevista-con-el-ing-salvador-enrique-casanova-rosellon-escritor-y-profesor-de-fisica-y-estadistica-en-tv\/#breadcrumb\"},\"inLanguage\":\"es\",\"potentialAction\":[{\"@type\":\"ReadAction\",\"target\":[\"https:\/\/noticias.imer.mx\/antenaradio\/2016\/07\/05\/entrevista-con-el-ing-salvador-enrique-casanova-rosellon-escritor-y-profesor-de-fisica-y-estadistica-en-tv\/\"]}]},{\"@type\":\"BreadcrumbList\",\"@id\":\"https:\/\/noticias.imer.mx\/antenaradio\/2016\/07\/05\/entrevista-con-el-ing-salvador-enrique-casanova-rosellon-escritor-y-profesor-de-fisica-y-estadistica-en-tv\/#breadcrumb\",\"itemListElement\":[{\"@type\":\"ListItem\",\"position\":1,\"name\":\"Home\",\"item\":\"https:\/\/noticias.imer.mx\/antenaradio\/\"},{\"@type\":\"ListItem\",\"position\":2,\"name\":\"Entrevista con el Ing. Salvador Enrique Casanova Rosell\u00f3n, escritor y profesor de f\u00edsica y estad\u00edstica en TV.\"}]},{\"@type\":\"WebSite\",\"@id\":\"https:\/\/noticias.imer.mx\/antenaradio\/#website\",\"url\":\"https:\/\/noticias.imer.mx\/antenaradio\/\",\"name\":\"Antena Radio\",\"description\":\"La forma m\u00e1s clara de entender la noticia\",\"potentialAction\":[{\"@type\":\"SearchAction\",\"target\":{\"@type\":\"EntryPoint\",\"urlTemplate\":\"https:\/\/noticias.imer.mx\/antenaradio\/?s={search_term_string}\"},\"query-input\":\"required name=search_term_string\"}],\"inLanguage\":\"es\"},{\"@type\":\"Person\",\"@id\":\"https:\/\/noticias.imer.mx\/antenaradio\/#\/schema\/person\/72de5454d165c5239bc56a49873e43c9\",\"name\":\"IMER Noticias\",\"url\":\"https:\/\/noticias.imer.mx\/antenaradio\/author\/antenaradio\/\"}]}<\/script>\n<!-- \/ Yoast SEO plugin. -->","yoast_head_json":{"title":"Entrevista con el Ing. Salvador Enrique Casanova Rosell\u00f3n, escritor y profesor de f\u00edsica y estad\u00edstica en TV. - Antena Radio","robots":{"index":"index","follow":"follow","max-snippet":"max-snippet:-1","max-image-preview":"max-image-preview:large","max-video-preview":"max-video-preview:-1"},"canonical":"https:\/\/noticias.imer.mx\/antenaradio\/2016\/07\/05\/entrevista-con-el-ing-salvador-enrique-casanova-rosellon-escritor-y-profesor-de-fisica-y-estadistica-en-tv\/","og_locale":"es_ES","og_type":"article","og_title":"Entrevista con el Ing. Salvador Enrique Casanova Rosell\u00f3n, escritor y profesor de f\u00edsica y estad\u00edstica en TV. - Antena Radio","og_description":"SU LIBRO: \u201cLA MARAVILLOSA HISTORIA DEL TIEMPO\u201d El tiempo es como el aire. Vivimos dentro de \u00e9l, pero nunca \u2015o casi nunca\u2015 nos preguntamos de qu\u00e9 est\u00e1 hecho. Cuando lo hacemos, podemos transitar muchos caminos que van de lo biol\u00f3gico a lo c\u00f3smico; sin embargo, debemos proceder con rigor, pues se corre el riesgo de&hellip;","og_url":"https:\/\/noticias.imer.mx\/antenaradio\/2016\/07\/05\/entrevista-con-el-ing-salvador-enrique-casanova-rosellon-escritor-y-profesor-de-fisica-y-estadistica-en-tv\/","og_site_name":"Antena Radio","article_published_time":"2016-07-05T16:42:14+00:00","og_image":[{"url":"http:\/\/snn.imer.gob.mx\/antenaradio\/files\/2016\/07\/Portada-libro.png"}],"author":"IMER Noticias","twitter_card":"summary_large_image","twitter_misc":{"Escrito por":"IMER Noticias","Tiempo de lectura":"1 minuto"},"schema":{"@context":"https:\/\/schema.org","@graph":[{"@type":"WebPage","@id":"https:\/\/noticias.imer.mx\/antenaradio\/2016\/07\/05\/entrevista-con-el-ing-salvador-enrique-casanova-rosellon-escritor-y-profesor-de-fisica-y-estadistica-en-tv\/","url":"https:\/\/noticias.imer.mx\/antenaradio\/2016\/07\/05\/entrevista-con-el-ing-salvador-enrique-casanova-rosellon-escritor-y-profesor-de-fisica-y-estadistica-en-tv\/","name":"Entrevista con el Ing. Salvador Enrique Casanova Rosell\u00f3n, escritor y profesor de f\u00edsica y estad\u00edstica en TV. - Antena Radio","isPartOf":{"@id":"https:\/\/noticias.imer.mx\/antenaradio\/#website"},"datePublished":"2016-07-05T16:42:14+00:00","dateModified":"2016-07-05T16:42:14+00:00","author":{"@id":"https:\/\/noticias.imer.mx\/antenaradio\/#\/schema\/person\/72de5454d165c5239bc56a49873e43c9"},"breadcrumb":{"@id":"https:\/\/noticias.imer.mx\/antenaradio\/2016\/07\/05\/entrevista-con-el-ing-salvador-enrique-casanova-rosellon-escritor-y-profesor-de-fisica-y-estadistica-en-tv\/#breadcrumb"},"inLanguage":"es","potentialAction":[{"@type":"ReadAction","target":["https:\/\/noticias.imer.mx\/antenaradio\/2016\/07\/05\/entrevista-con-el-ing-salvador-enrique-casanova-rosellon-escritor-y-profesor-de-fisica-y-estadistica-en-tv\/"]}]},{"@type":"BreadcrumbList","@id":"https:\/\/noticias.imer.mx\/antenaradio\/2016\/07\/05\/entrevista-con-el-ing-salvador-enrique-casanova-rosellon-escritor-y-profesor-de-fisica-y-estadistica-en-tv\/#breadcrumb","itemListElement":[{"@type":"ListItem","position":1,"name":"Home","item":"https:\/\/noticias.imer.mx\/antenaradio\/"},{"@type":"ListItem","position":2,"name":"Entrevista con el Ing. Salvador Enrique Casanova Rosell\u00f3n, escritor y profesor de f\u00edsica y estad\u00edstica en TV."}]},{"@type":"WebSite","@id":"https:\/\/noticias.imer.mx\/antenaradio\/#website","url":"https:\/\/noticias.imer.mx\/antenaradio\/","name":"Antena Radio","description":"La forma m\u00e1s clara de entender la noticia","potentialAction":[{"@type":"SearchAction","target":{"@type":"EntryPoint","urlTemplate":"https:\/\/noticias.imer.mx\/antenaradio\/?s={search_term_string}"},"query-input":"required name=search_term_string"}],"inLanguage":"es"},{"@type":"Person","@id":"https:\/\/noticias.imer.mx\/antenaradio\/#\/schema\/person\/72de5454d165c5239bc56a49873e43c9","name":"IMER Noticias","url":"https:\/\/noticias.imer.mx\/antenaradio\/author\/antenaradio\/"}]}},"_links":{"self":[{"href":"https:\/\/noticias.imer.mx\/antenaradio\/wp-json\/wp\/v2\/posts\/37925"}],"collection":[{"href":"https:\/\/noticias.imer.mx\/antenaradio\/wp-json\/wp\/v2\/posts"}],"about":[{"href":"https:\/\/noticias.imer.mx\/antenaradio\/wp-json\/wp\/v2\/types\/post"}],"author":[{"embeddable":true,"href":"https:\/\/noticias.imer.mx\/antenaradio\/wp-json\/wp\/v2\/users\/8"}],"replies":[{"embeddable":true,"href":"https:\/\/noticias.imer.mx\/antenaradio\/wp-json\/wp\/v2\/comments?post=37925"}],"version-history":[{"count":4,"href":"https:\/\/noticias.imer.mx\/antenaradio\/wp-json\/wp\/v2\/posts\/37925\/revisions"}],"predecessor-version":[{"id":37931,"href":"https:\/\/noticias.imer.mx\/antenaradio\/wp-json\/wp\/v2\/posts\/37925\/revisions\/37931"}],"wp:attachment":[{"href":"https:\/\/noticias.imer.mx\/antenaradio\/wp-json\/wp\/v2\/media?parent=37925"}],"wp:term":[{"taxonomy":"category","embeddable":true,"href":"https:\/\/noticias.imer.mx\/antenaradio\/wp-json\/wp\/v2\/categories?post=37925"},{"taxonomy":"post_tag","embeddable":true,"href":"https:\/\/noticias.imer.mx\/antenaradio\/wp-json\/wp\/v2\/tags?post=37925"}],"curies":[{"name":"wp","href":"https:\/\/api.w.org\/{rel}","templated":true}]}}