{"id":3781,"date":"2010-01-29T11:53:09","date_gmt":"2010-01-29T16:53:09","guid":{"rendered":"http:\/\/www.blogs.imer.com.mx\/antenaradio\/?p=3781"},"modified":"2010-01-29T11:53:09","modified_gmt":"2010-01-29T16:53:09","slug":"entrevista-con-jorge-ramos","status":"publish","type":"post","link":"https:\/\/noticias.imer.mx\/antenaradio\/2010\/01\/29\/entrevista-con-jorge-ramos\/","title":{"rendered":"Entrevista con Jorge Ramos"},"content":{"rendered":"<p><a href=\"http:\/\/www.blogs.imer.com.mx\/antenaradio\/files\/2010\/01\/hmprjorgeramos.jpg\"><img decoding=\"async\" loading=\"lazy\" class=\"alignright size-thumbnail wp-image-3782\" src=\"http:\/\/www.blogs.imer.com.mx\/antenaradio\/files\/2010\/01\/hmprjorgeramos-150x150.jpg\" alt=\"\" width=\"150\" height=\"150\" \/><\/a>El periodista Jorge Ramos, conductor de la cadena Univisi\u00f3n, analiza cu\u00e1les han sido los cambios en la estrategia de comunicaci\u00f3n del presidente de los Estados Unidos, Barack Obama, desde que asumi\u00f3 el cargo hace poco m\u00e1s de un a\u00f1o.<\/p>\n<p>\u00a0<\/p>\n<p><a href=\"http:\/\/www.blogs.imer.com.mx\/antenaradio\/files\/2010\/01\/jorge-ramos.mp3\">jorge-ramos<\/a><\/p>\n","protected":false},"excerpt":{"rendered":"<p>El periodista Jorge Ramos, conductor de la cadena Univisi\u00f3n, analiza cu\u00e1les han sido los cambios en la estrategia de comunicaci\u00f3n del presidente de los Estados Unidos, Barack Obama, desde que asumi\u00f3 el cargo hace poco m\u00e1s de un a\u00f1o. \u00a0 jorge-ramos<\/p>\n","protected":false},"author":8,"featured_media":0,"comment_status":"open","ping_status":"open","sticky":false,"template":"","format":"standard","meta":{"wp_popup_display_lightbox":0,"wp_popup_suppress":"","wp_popup_trigger":"","wp_popup_trigger_amount":0,"wp_popup_disable_on_mobile":false},"categories":[5],"tags":[11149,534,1028,2533,3650,3890],"yoast_head":"<!-- This site is optimized with the Yoast SEO plugin v21.0 - https:\/\/yoast.com\/wordpress\/plugins\/seo\/ -->\n<title>Entrevista con Jorge Ramos - Antena Radio<\/title>\n<meta name=\"robots\" content=\"index, follow, max-snippet:-1, max-image-preview:large, max-video-preview:-1\" \/>\n<link rel=\"canonical\" href=\"https:\/\/noticias.imer.mx\/antenaradio\/2010\/01\/29\/entrevista-con-jorge-ramos\/\" \/>\n<meta property=\"og:locale\" content=\"es_ES\" \/>\n<meta property=\"og:type\" content=\"article\" \/>\n<meta property=\"og:title\" content=\"Entrevista con Jorge Ramos - Antena Radio\" \/>\n<meta property=\"og:description\" content=\"El periodista Jorge Ramos, conductor de la cadena Univisi\u00f3n, analiza cu\u00e1les han sido los cambios en la estrategia de comunicaci\u00f3n del presidente de los Estados Unidos, Barack Obama, desde que asumi\u00f3 el cargo hace poco m\u00e1s de un a\u00f1o. \u00a0 jorge-ramos\" \/>\n<meta property=\"og:url\" content=\"https:\/\/noticias.imer.mx\/antenaradio\/2010\/01\/29\/entrevista-con-jorge-ramos\/\" \/>\n<meta property=\"og:site_name\" content=\"Antena Radio\" \/>\n<meta property=\"article:published_time\" content=\"2010-01-29T16:53:09+00:00\" \/>\n<meta property=\"og:image\" content=\"http:\/\/www.blogs.imer.com.mx\/antenaradio\/files\/2010\/01\/hmprjorgeramos-150x150.jpg\" \/>\n<meta name=\"author\" content=\"IMER Noticias\" \/>\n<meta name=\"twitter:card\" content=\"summary_large_image\" \/>\n<meta name=\"twitter:label1\" content=\"Escrito por\" \/>\n\t<meta name=\"twitter:data1\" content=\"IMER Noticias\" \/>\n<script type=\"application\/ld+json\" class=\"yoast-schema-graph\">{\"@context\":\"https:\/\/schema.org\",\"@graph\":[{\"@type\":\"WebPage\",\"@id\":\"https:\/\/noticias.imer.mx\/antenaradio\/2010\/01\/29\/entrevista-con-jorge-ramos\/\",\"url\":\"https:\/\/noticias.imer.mx\/antenaradio\/2010\/01\/29\/entrevista-con-jorge-ramos\/\",\"name\":\"Entrevista con Jorge Ramos - Antena Radio\",\"isPartOf\":{\"@id\":\"https:\/\/noticias.imer.mx\/antenaradio\/#website\"},\"datePublished\":\"2010-01-29T16:53:09+00:00\",\"dateModified\":\"2010-01-29T16:53:09+00:00\",\"author\":{\"@id\":\"https:\/\/noticias.imer.mx\/antenaradio\/#\/schema\/person\/72de5454d165c5239bc56a49873e43c9\"},\"breadcrumb\":{\"@id\":\"https:\/\/noticias.imer.mx\/antenaradio\/2010\/01\/29\/entrevista-con-jorge-ramos\/#breadcrumb\"},\"inLanguage\":\"es\",\"potentialAction\":[{\"@type\":\"ReadAction\",\"target\":[\"https:\/\/noticias.imer.mx\/antenaradio\/2010\/01\/29\/entrevista-con-jorge-ramos\/\"]}]},{\"@type\":\"BreadcrumbList\",\"@id\":\"https:\/\/noticias.imer.mx\/antenaradio\/2010\/01\/29\/entrevista-con-jorge-ramos\/#breadcrumb\",\"itemListElement\":[{\"@type\":\"ListItem\",\"position\":1,\"name\":\"Home\",\"item\":\"https:\/\/noticias.imer.mx\/antenaradio\/\"},{\"@type\":\"ListItem\",\"position\":2,\"name\":\"Entrevista con Jorge Ramos\"}]},{\"@type\":\"WebSite\",\"@id\":\"https:\/\/noticias.imer.mx\/antenaradio\/#website\",\"url\":\"https:\/\/noticias.imer.mx\/antenaradio\/\",\"name\":\"Antena Radio\",\"description\":\"La forma m\u00e1s clara de entender la noticia\",\"potentialAction\":[{\"@type\":\"SearchAction\",\"target\":{\"@type\":\"EntryPoint\",\"urlTemplate\":\"https:\/\/noticias.imer.mx\/antenaradio\/?s={search_term_string}\"},\"query-input\":\"required name=search_term_string\"}],\"inLanguage\":\"es\"},{\"@type\":\"Person\",\"@id\":\"https:\/\/noticias.imer.mx\/antenaradio\/#\/schema\/person\/72de5454d165c5239bc56a49873e43c9\",\"name\":\"IMER Noticias\",\"url\":\"https:\/\/noticias.imer.mx\/antenaradio\/author\/antenaradio\/\"}]}<\/script>\n<!-- \/ Yoast SEO plugin. -->","yoast_head_json":{"title":"Entrevista con Jorge Ramos - Antena Radio","robots":{"index":"index","follow":"follow","max-snippet":"max-snippet:-1","max-image-preview":"max-image-preview:large","max-video-preview":"max-video-preview:-1"},"canonical":"https:\/\/noticias.imer.mx\/antenaradio\/2010\/01\/29\/entrevista-con-jorge-ramos\/","og_locale":"es_ES","og_type":"article","og_title":"Entrevista con Jorge Ramos - Antena Radio","og_description":"El periodista Jorge Ramos, conductor de la cadena Univisi\u00f3n, analiza cu\u00e1les han sido los cambios en la estrategia de comunicaci\u00f3n del presidente de los Estados Unidos, Barack Obama, desde que asumi\u00f3 el cargo hace poco m\u00e1s de un a\u00f1o. \u00a0 jorge-ramos","og_url":"https:\/\/noticias.imer.mx\/antenaradio\/2010\/01\/29\/entrevista-con-jorge-ramos\/","og_site_name":"Antena Radio","article_published_time":"2010-01-29T16:53:09+00:00","og_image":[{"url":"http:\/\/www.blogs.imer.com.mx\/antenaradio\/files\/2010\/01\/hmprjorgeramos-150x150.jpg"}],"author":"IMER Noticias","twitter_card":"summary_large_image","twitter_misc":{"Escrito por":"IMER Noticias"},"schema":{"@context":"https:\/\/schema.org","@graph":[{"@type":"WebPage","@id":"https:\/\/noticias.imer.mx\/antenaradio\/2010\/01\/29\/entrevista-con-jorge-ramos\/","url":"https:\/\/noticias.imer.mx\/antenaradio\/2010\/01\/29\/entrevista-con-jorge-ramos\/","name":"Entrevista con Jorge Ramos - Antena Radio","isPartOf":{"@id":"https:\/\/noticias.imer.mx\/antenaradio\/#website"},"datePublished":"2010-01-29T16:53:09+00:00","dateModified":"2010-01-29T16:53:09+00:00","author":{"@id":"https:\/\/noticias.imer.mx\/antenaradio\/#\/schema\/person\/72de5454d165c5239bc56a49873e43c9"},"breadcrumb":{"@id":"https:\/\/noticias.imer.mx\/antenaradio\/2010\/01\/29\/entrevista-con-jorge-ramos\/#breadcrumb"},"inLanguage":"es","potentialAction":[{"@type":"ReadAction","target":["https:\/\/noticias.imer.mx\/antenaradio\/2010\/01\/29\/entrevista-con-jorge-ramos\/"]}]},{"@type":"BreadcrumbList","@id":"https:\/\/noticias.imer.mx\/antenaradio\/2010\/01\/29\/entrevista-con-jorge-ramos\/#breadcrumb","itemListElement":[{"@type":"ListItem","position":1,"name":"Home","item":"https:\/\/noticias.imer.mx\/antenaradio\/"},{"@type":"ListItem","position":2,"name":"Entrevista con Jorge Ramos"}]},{"@type":"WebSite","@id":"https:\/\/noticias.imer.mx\/antenaradio\/#website","url":"https:\/\/noticias.imer.mx\/antenaradio\/","name":"Antena Radio","description":"La forma m\u00e1s clara de entender la noticia","potentialAction":[{"@type":"SearchAction","target":{"@type":"EntryPoint","urlTemplate":"https:\/\/noticias.imer.mx\/antenaradio\/?s={search_term_string}"},"query-input":"required name=search_term_string"}],"inLanguage":"es"},{"@type":"Person","@id":"https:\/\/noticias.imer.mx\/antenaradio\/#\/schema\/person\/72de5454d165c5239bc56a49873e43c9","name":"IMER Noticias","url":"https:\/\/noticias.imer.mx\/antenaradio\/author\/antenaradio\/"}]}},"_links":{"self":[{"href":"https:\/\/noticias.imer.mx\/antenaradio\/wp-json\/wp\/v2\/posts\/3781"}],"collection":[{"href":"https:\/\/noticias.imer.mx\/antenaradio\/wp-json\/wp\/v2\/posts"}],"about":[{"href":"https:\/\/noticias.imer.mx\/antenaradio\/wp-json\/wp\/v2\/types\/post"}],"author":[{"embeddable":true,"href":"https:\/\/noticias.imer.mx\/antenaradio\/wp-json\/wp\/v2\/users\/8"}],"replies":[{"embeddable":true,"href":"https:\/\/noticias.imer.mx\/antenaradio\/wp-json\/wp\/v2\/comments?post=3781"}],"version-history":[{"count":1,"href":"https:\/\/noticias.imer.mx\/antenaradio\/wp-json\/wp\/v2\/posts\/3781\/revisions"}],"predecessor-version":[{"id":3784,"href":"https:\/\/noticias.imer.mx\/antenaradio\/wp-json\/wp\/v2\/posts\/3781\/revisions\/3784"}],"wp:attachment":[{"href":"https:\/\/noticias.imer.mx\/antenaradio\/wp-json\/wp\/v2\/media?parent=3781"}],"wp:term":[{"taxonomy":"category","embeddable":true,"href":"https:\/\/noticias.imer.mx\/antenaradio\/wp-json\/wp\/v2\/categories?post=3781"},{"taxonomy":"post_tag","embeddable":true,"href":"https:\/\/noticias.imer.mx\/antenaradio\/wp-json\/wp\/v2\/tags?post=3781"}],"curies":[{"name":"wp","href":"https:\/\/api.w.org\/{rel}","templated":true}]}}