{"id":37087,"date":"2016-04-19T09:57:40","date_gmt":"2016-04-19T15:57:40","guid":{"rendered":"http:\/\/snn.imer.gob.mx\/antenaradio\/?p=37087"},"modified":"2016-04-19T09:57:40","modified_gmt":"2016-04-19T15:57:40","slug":"entrevista-con-el-ingeniero-saul-olivera-gerente-de-desarrollo-de-negocios-de-soluciones-de-colaboracion-de-cisco-latinoamerica","status":"publish","type":"post","link":"https:\/\/noticias.imer.mx\/antenaradio\/2016\/04\/19\/entrevista-con-el-ingeniero-saul-olivera-gerente-de-desarrollo-de-negocios-de-soluciones-de-colaboracion-de-cisco-latinoamerica\/","title":{"rendered":"Entrevista con el Ingeniero. Sa\u00fal Olivera, gerente de Desarrollo de Negocios de Soluciones de Colaboraci\u00f3n de CISCO Latinoam\u00e9rica."},"content":{"rendered":"<p style=\"text-align: justify\"><a href=\"http:\/\/snn.imer.gob.mx\/antenaradio\/files\/2016\/04\/trabajo-distancia-1.jpg\"><img decoding=\"async\" loading=\"lazy\" class=\"  wp-image-37088 aligncenter\" src=\"http:\/\/snn.imer.gob.mx\/antenaradio\/files\/2016\/04\/trabajo-distancia-1.jpg\" alt=\"trabajo-distancia-1\" width=\"513\" height=\"342\" srcset=\"https:\/\/noticias.imer.mx\/antenaradio\/files\/2016\/04\/trabajo-distancia-1.jpg 1024w, https:\/\/noticias.imer.mx\/antenaradio\/files\/2016\/04\/trabajo-distancia-1-300x200.jpg 300w\" sizes=\"(max-width: 513px) 100vw, 513px\" \/><\/a>Los habitantes de la Ciudad de M\u00e9xico se han enfrentado con niveles de contaminaci\u00f3n que rebasan los l\u00edmites permisibles, por lo que una restricci\u00f3n a la circulaci\u00f3n de autom\u00f3viles ha trastocado el ritmo diario de sus residentes, oblig\u00e1ndolos a buscar nuevas formas de transporte para poder llegar a sus lugares de trabajo y escuela.<\/p>\n<p style=\"text-align: justify\">Para muchos el trabajo a distancia, es una opci\u00f3n de continuar una labor productiva desde el lugar que la persona est\u00e9 sin importar trasladarse a un lugar espec\u00edfico.\u00a0Una persona desde su hogar conectada a las redes sociales puede ser contratado por alguna empresa y trabajar desde su hogar, un beneficio de esto es que las personas ya no usaran tanto su auto y esto evitara mas contaminaci\u00f3n.<\/p>\n<!--[if lt IE 9]><script>document.createElement('audio');<\/script><![endif]-->\n<audio class=\"wp-audio-shortcode\" id=\"audio-37087-1\" preload=\"none\" style=\"width: 100%;\" controls=\"controls\"><source type=\"audio\/mpeg\" src=\"http:\/\/snn.imer.gob.mx\/antenaradio\/files\/2016\/04\/150416-ARPE-ENT-ING-SAUL-OLIVERA.mp3?_=1\" \/><a href=\"http:\/\/snn.imer.gob.mx\/antenaradio\/files\/2016\/04\/150416-ARPE-ENT-ING-SAUL-OLIVERA.mp3\">http:\/\/snn.imer.gob.mx\/antenaradio\/files\/2016\/04\/150416-ARPE-ENT-ING-SAUL-OLIVERA.mp3<\/a><\/audio>\n<p style=\"text-align: justify\">\n","protected":false},"excerpt":{"rendered":"<p>Los habitantes de la Ciudad de M\u00e9xico se han enfrentado con niveles de contaminaci\u00f3n que rebasan los l\u00edmites permisibles, por lo que una restricci\u00f3n a la circulaci\u00f3n de autom\u00f3viles ha trastocado el ritmo diario de sus residentes, oblig\u00e1ndolos a buscar nuevas formas de transporte para poder llegar a sus lugares de trabajo y escuela. Para&hellip;<\/p>\n","protected":false},"author":8,"featured_media":0,"comment_status":"closed","ping_status":"closed","sticky":false,"template":"","format":"standard","meta":{"wp_popup_display_lightbox":0,"wp_popup_suppress":"","wp_popup_trigger":"","wp_popup_trigger_amount":0,"wp_popup_disable_on_mobile":false},"categories":[1,5,4937],"tags":[],"yoast_head":"<!-- This site is optimized with the Yoast SEO plugin v21.0 - https:\/\/yoast.com\/wordpress\/plugins\/seo\/ -->\n<title>Entrevista con el Ingeniero. Sa\u00fal Olivera, gerente de Desarrollo de Negocios de Soluciones de Colaboraci\u00f3n de CISCO Latinoam\u00e9rica. - Antena Radio<\/title>\n<meta name=\"robots\" content=\"index, follow, max-snippet:-1, max-image-preview:large, max-video-preview:-1\" \/>\n<link rel=\"canonical\" href=\"https:\/\/noticias.imer.mx\/antenaradio\/2016\/04\/19\/entrevista-con-el-ingeniero-saul-olivera-gerente-de-desarrollo-de-negocios-de-soluciones-de-colaboracion-de-cisco-latinoamerica\/\" \/>\n<meta property=\"og:locale\" content=\"es_ES\" \/>\n<meta property=\"og:type\" content=\"article\" \/>\n<meta property=\"og:title\" content=\"Entrevista con el Ingeniero. Sa\u00fal Olivera, gerente de Desarrollo de Negocios de Soluciones de Colaboraci\u00f3n de CISCO Latinoam\u00e9rica. - Antena Radio\" \/>\n<meta property=\"og:description\" content=\"Los habitantes de la Ciudad de M\u00e9xico se han enfrentado con niveles de contaminaci\u00f3n que rebasan los l\u00edmites permisibles, por lo que una restricci\u00f3n a la circulaci\u00f3n de autom\u00f3viles ha trastocado el ritmo diario de sus residentes, oblig\u00e1ndolos a buscar nuevas formas de transporte para poder llegar a sus lugares de trabajo y escuela. Para&hellip;\" \/>\n<meta property=\"og:url\" content=\"https:\/\/noticias.imer.mx\/antenaradio\/2016\/04\/19\/entrevista-con-el-ingeniero-saul-olivera-gerente-de-desarrollo-de-negocios-de-soluciones-de-colaboracion-de-cisco-latinoamerica\/\" \/>\n<meta property=\"og:site_name\" content=\"Antena Radio\" \/>\n<meta property=\"article:published_time\" content=\"2016-04-19T15:57:40+00:00\" \/>\n<meta property=\"og:image\" content=\"http:\/\/snn.imer.gob.mx\/antenaradio\/files\/2016\/04\/trabajo-distancia-1.jpg\" \/>\n<meta name=\"author\" content=\"IMER Noticias\" \/>\n<meta name=\"twitter:card\" content=\"summary_large_image\" \/>\n<meta name=\"twitter:label1\" content=\"Escrito por\" \/>\n\t<meta name=\"twitter:data1\" content=\"IMER Noticias\" \/>\n\t<meta name=\"twitter:label2\" content=\"Tiempo de lectura\" \/>\n\t<meta name=\"twitter:data2\" content=\"1 minuto\" \/>\n<script type=\"application\/ld+json\" class=\"yoast-schema-graph\">{\"@context\":\"https:\/\/schema.org\",\"@graph\":[{\"@type\":\"WebPage\",\"@id\":\"https:\/\/noticias.imer.mx\/antenaradio\/2016\/04\/19\/entrevista-con-el-ingeniero-saul-olivera-gerente-de-desarrollo-de-negocios-de-soluciones-de-colaboracion-de-cisco-latinoamerica\/\",\"url\":\"https:\/\/noticias.imer.mx\/antenaradio\/2016\/04\/19\/entrevista-con-el-ingeniero-saul-olivera-gerente-de-desarrollo-de-negocios-de-soluciones-de-colaboracion-de-cisco-latinoamerica\/\",\"name\":\"Entrevista con el Ingeniero. Sa\u00fal Olivera, gerente de Desarrollo de Negocios de Soluciones de Colaboraci\u00f3n de CISCO Latinoam\u00e9rica. - Antena Radio\",\"isPartOf\":{\"@id\":\"https:\/\/noticias.imer.mx\/antenaradio\/#website\"},\"datePublished\":\"2016-04-19T15:57:40+00:00\",\"dateModified\":\"2016-04-19T15:57:40+00:00\",\"author\":{\"@id\":\"https:\/\/noticias.imer.mx\/antenaradio\/#\/schema\/person\/72de5454d165c5239bc56a49873e43c9\"},\"breadcrumb\":{\"@id\":\"https:\/\/noticias.imer.mx\/antenaradio\/2016\/04\/19\/entrevista-con-el-ingeniero-saul-olivera-gerente-de-desarrollo-de-negocios-de-soluciones-de-colaboracion-de-cisco-latinoamerica\/#breadcrumb\"},\"inLanguage\":\"es\",\"potentialAction\":[{\"@type\":\"ReadAction\",\"target\":[\"https:\/\/noticias.imer.mx\/antenaradio\/2016\/04\/19\/entrevista-con-el-ingeniero-saul-olivera-gerente-de-desarrollo-de-negocios-de-soluciones-de-colaboracion-de-cisco-latinoamerica\/\"]}]},{\"@type\":\"BreadcrumbList\",\"@id\":\"https:\/\/noticias.imer.mx\/antenaradio\/2016\/04\/19\/entrevista-con-el-ingeniero-saul-olivera-gerente-de-desarrollo-de-negocios-de-soluciones-de-colaboracion-de-cisco-latinoamerica\/#breadcrumb\",\"itemListElement\":[{\"@type\":\"ListItem\",\"position\":1,\"name\":\"Home\",\"item\":\"https:\/\/noticias.imer.mx\/antenaradio\/\"},{\"@type\":\"ListItem\",\"position\":2,\"name\":\"Entrevista con el Ingeniero. Sa\u00fal Olivera, gerente de Desarrollo de Negocios de Soluciones de Colaboraci\u00f3n de CISCO Latinoam\u00e9rica.\"}]},{\"@type\":\"WebSite\",\"@id\":\"https:\/\/noticias.imer.mx\/antenaradio\/#website\",\"url\":\"https:\/\/noticias.imer.mx\/antenaradio\/\",\"name\":\"Antena Radio\",\"description\":\"La forma m\u00e1s clara de entender la noticia\",\"potentialAction\":[{\"@type\":\"SearchAction\",\"target\":{\"@type\":\"EntryPoint\",\"urlTemplate\":\"https:\/\/noticias.imer.mx\/antenaradio\/?s={search_term_string}\"},\"query-input\":\"required name=search_term_string\"}],\"inLanguage\":\"es\"},{\"@type\":\"Person\",\"@id\":\"https:\/\/noticias.imer.mx\/antenaradio\/#\/schema\/person\/72de5454d165c5239bc56a49873e43c9\",\"name\":\"IMER Noticias\",\"url\":\"https:\/\/noticias.imer.mx\/antenaradio\/author\/antenaradio\/\"}]}<\/script>\n<!-- \/ Yoast SEO plugin. -->","yoast_head_json":{"title":"Entrevista con el Ingeniero. Sa\u00fal Olivera, gerente de Desarrollo de Negocios de Soluciones de Colaboraci\u00f3n de CISCO Latinoam\u00e9rica. - Antena Radio","robots":{"index":"index","follow":"follow","max-snippet":"max-snippet:-1","max-image-preview":"max-image-preview:large","max-video-preview":"max-video-preview:-1"},"canonical":"https:\/\/noticias.imer.mx\/antenaradio\/2016\/04\/19\/entrevista-con-el-ingeniero-saul-olivera-gerente-de-desarrollo-de-negocios-de-soluciones-de-colaboracion-de-cisco-latinoamerica\/","og_locale":"es_ES","og_type":"article","og_title":"Entrevista con el Ingeniero. Sa\u00fal Olivera, gerente de Desarrollo de Negocios de Soluciones de Colaboraci\u00f3n de CISCO Latinoam\u00e9rica. - Antena Radio","og_description":"Los habitantes de la Ciudad de M\u00e9xico se han enfrentado con niveles de contaminaci\u00f3n que rebasan los l\u00edmites permisibles, por lo que una restricci\u00f3n a la circulaci\u00f3n de autom\u00f3viles ha trastocado el ritmo diario de sus residentes, oblig\u00e1ndolos a buscar nuevas formas de transporte para poder llegar a sus lugares de trabajo y escuela. Para&hellip;","og_url":"https:\/\/noticias.imer.mx\/antenaradio\/2016\/04\/19\/entrevista-con-el-ingeniero-saul-olivera-gerente-de-desarrollo-de-negocios-de-soluciones-de-colaboracion-de-cisco-latinoamerica\/","og_site_name":"Antena Radio","article_published_time":"2016-04-19T15:57:40+00:00","og_image":[{"url":"http:\/\/snn.imer.gob.mx\/antenaradio\/files\/2016\/04\/trabajo-distancia-1.jpg"}],"author":"IMER Noticias","twitter_card":"summary_large_image","twitter_misc":{"Escrito por":"IMER Noticias","Tiempo de lectura":"1 minuto"},"schema":{"@context":"https:\/\/schema.org","@graph":[{"@type":"WebPage","@id":"https:\/\/noticias.imer.mx\/antenaradio\/2016\/04\/19\/entrevista-con-el-ingeniero-saul-olivera-gerente-de-desarrollo-de-negocios-de-soluciones-de-colaboracion-de-cisco-latinoamerica\/","url":"https:\/\/noticias.imer.mx\/antenaradio\/2016\/04\/19\/entrevista-con-el-ingeniero-saul-olivera-gerente-de-desarrollo-de-negocios-de-soluciones-de-colaboracion-de-cisco-latinoamerica\/","name":"Entrevista con el Ingeniero. Sa\u00fal Olivera, gerente de Desarrollo de Negocios de Soluciones de Colaboraci\u00f3n de CISCO Latinoam\u00e9rica. - Antena Radio","isPartOf":{"@id":"https:\/\/noticias.imer.mx\/antenaradio\/#website"},"datePublished":"2016-04-19T15:57:40+00:00","dateModified":"2016-04-19T15:57:40+00:00","author":{"@id":"https:\/\/noticias.imer.mx\/antenaradio\/#\/schema\/person\/72de5454d165c5239bc56a49873e43c9"},"breadcrumb":{"@id":"https:\/\/noticias.imer.mx\/antenaradio\/2016\/04\/19\/entrevista-con-el-ingeniero-saul-olivera-gerente-de-desarrollo-de-negocios-de-soluciones-de-colaboracion-de-cisco-latinoamerica\/#breadcrumb"},"inLanguage":"es","potentialAction":[{"@type":"ReadAction","target":["https:\/\/noticias.imer.mx\/antenaradio\/2016\/04\/19\/entrevista-con-el-ingeniero-saul-olivera-gerente-de-desarrollo-de-negocios-de-soluciones-de-colaboracion-de-cisco-latinoamerica\/"]}]},{"@type":"BreadcrumbList","@id":"https:\/\/noticias.imer.mx\/antenaradio\/2016\/04\/19\/entrevista-con-el-ingeniero-saul-olivera-gerente-de-desarrollo-de-negocios-de-soluciones-de-colaboracion-de-cisco-latinoamerica\/#breadcrumb","itemListElement":[{"@type":"ListItem","position":1,"name":"Home","item":"https:\/\/noticias.imer.mx\/antenaradio\/"},{"@type":"ListItem","position":2,"name":"Entrevista con el Ingeniero. Sa\u00fal Olivera, gerente de Desarrollo de Negocios de Soluciones de Colaboraci\u00f3n de CISCO Latinoam\u00e9rica."}]},{"@type":"WebSite","@id":"https:\/\/noticias.imer.mx\/antenaradio\/#website","url":"https:\/\/noticias.imer.mx\/antenaradio\/","name":"Antena Radio","description":"La forma m\u00e1s clara de entender la noticia","potentialAction":[{"@type":"SearchAction","target":{"@type":"EntryPoint","urlTemplate":"https:\/\/noticias.imer.mx\/antenaradio\/?s={search_term_string}"},"query-input":"required name=search_term_string"}],"inLanguage":"es"},{"@type":"Person","@id":"https:\/\/noticias.imer.mx\/antenaradio\/#\/schema\/person\/72de5454d165c5239bc56a49873e43c9","name":"IMER Noticias","url":"https:\/\/noticias.imer.mx\/antenaradio\/author\/antenaradio\/"}]}},"_links":{"self":[{"href":"https:\/\/noticias.imer.mx\/antenaradio\/wp-json\/wp\/v2\/posts\/37087"}],"collection":[{"href":"https:\/\/noticias.imer.mx\/antenaradio\/wp-json\/wp\/v2\/posts"}],"about":[{"href":"https:\/\/noticias.imer.mx\/antenaradio\/wp-json\/wp\/v2\/types\/post"}],"author":[{"embeddable":true,"href":"https:\/\/noticias.imer.mx\/antenaradio\/wp-json\/wp\/v2\/users\/8"}],"replies":[{"embeddable":true,"href":"https:\/\/noticias.imer.mx\/antenaradio\/wp-json\/wp\/v2\/comments?post=37087"}],"version-history":[{"count":2,"href":"https:\/\/noticias.imer.mx\/antenaradio\/wp-json\/wp\/v2\/posts\/37087\/revisions"}],"predecessor-version":[{"id":37091,"href":"https:\/\/noticias.imer.mx\/antenaradio\/wp-json\/wp\/v2\/posts\/37087\/revisions\/37091"}],"wp:attachment":[{"href":"https:\/\/noticias.imer.mx\/antenaradio\/wp-json\/wp\/v2\/media?parent=37087"}],"wp:term":[{"taxonomy":"category","embeddable":true,"href":"https:\/\/noticias.imer.mx\/antenaradio\/wp-json\/wp\/v2\/categories?post=37087"},{"taxonomy":"post_tag","embeddable":true,"href":"https:\/\/noticias.imer.mx\/antenaradio\/wp-json\/wp\/v2\/tags?post=37087"}],"curies":[{"name":"wp","href":"https:\/\/api.w.org\/{rel}","templated":true}]}}