{"id":35861,"date":"2015-11-19T19:35:13","date_gmt":"2015-11-20T01:35:13","guid":{"rendered":"http:\/\/snn.imer.gob.mx\/antenaradio\/?p=35861"},"modified":"2015-11-19T19:35:13","modified_gmt":"2015-11-20T01:35:13","slug":"acuerdo-mexico-argentina","status":"publish","type":"post","link":"https:\/\/noticias.imer.mx\/antenaradio\/2015\/11\/19\/acuerdo-mexico-argentina\/","title":{"rendered":"Acuerdo M\u00e9xico- Argentina"},"content":{"rendered":"<p><a href=\"http:\/\/snn.imer.gob.mx\/antenaradio\/files\/2015\/11\/impuestos.jpg\"><img decoding=\"async\" loading=\"lazy\" class=\"alignleft size-medium wp-image-35863\" src=\"http:\/\/snn.imer.gob.mx\/antenaradio\/files\/2015\/11\/impuestos-300x205.jpg\" alt=\"impuestos\" width=\"300\" height=\"205\" srcset=\"https:\/\/noticias.imer.mx\/antenaradio\/files\/2015\/11\/impuestos-300x205.jpg 300w, https:\/\/noticias.imer.mx\/antenaradio\/files\/2015\/11\/impuestos.jpg 630w\" sizes=\"(max-width: 300px) 100vw, 300px\" \/><\/a>En entrevista para Antena Radio Tercera Emisi\u00f3n el maestro Carlos Aguirre C\u00e1rdenas, fiscalista aduanero y especialista en Comercio Exterior, convers\u00f3 con Julieta Mendoza y Enrique Lazcano sobre el acuerdo recientemente firmado entre los gobiernos de M\u00e9xico y Argentina, en el cual ambas autoridades fiscales podr\u00e1n intercambiar informaci\u00f3n para evitar la evasi\u00f3n y la doble imposici\u00f3n de impuestos.<\/p>\n<p>El objetivo del acuerdo es evitar una carga fiscal excesiva para los residentes de M\u00e9xico y Argentina que realizan operaciones comerciales y financieras en ambos pa\u00edses.<\/p>\n<p>&nbsp;<\/p>\n<p>&nbsp;<\/p>\n<p>&nbsp;<\/p>\n<p>&nbsp;<\/p>\n<!--[if lt IE 9]><script>document.createElement('audio');<\/script><![endif]-->\n<audio class=\"wp-audio-shortcode\" id=\"audio-35861-1\" preload=\"none\" style=\"width: 100%;\" controls=\"controls\"><source type=\"audio\/mpeg\" src=\"http:\/\/snn.imer.gob.mx\/antenaradio\/files\/2015\/11\/10201.mp3?_=1\" \/><a href=\"http:\/\/snn.imer.gob.mx\/antenaradio\/files\/2015\/11\/10201.mp3\">http:\/\/snn.imer.gob.mx\/antenaradio\/files\/2015\/11\/10201.mp3<\/a><\/audio>\n","protected":false},"excerpt":{"rendered":"<p>En entrevista para Antena Radio Tercera Emisi\u00f3n el maestro Carlos Aguirre C\u00e1rdenas, fiscalista aduanero y especialista en Comercio Exterior, convers\u00f3 con Julieta Mendoza y Enrique Lazcano sobre el acuerdo recientemente firmado entre los gobiernos de M\u00e9xico y Argentina, en el cual ambas autoridades fiscales podr\u00e1n intercambiar informaci\u00f3n para evitar la evasi\u00f3n y la doble imposici\u00f3n&hellip;<\/p>\n","protected":false},"author":8,"featured_media":35863,"comment_status":"closed","ping_status":"closed","sticky":false,"template":"","format":"audio","meta":{"wp_popup_display_lightbox":0,"wp_popup_suppress":"","wp_popup_trigger":"","wp_popup_trigger_amount":0,"wp_popup_disable_on_mobile":false},"categories":[8093,4939],"tags":[402,2256,3140],"yoast_head":"<!-- This site is optimized with the Yoast SEO plugin v21.0 - https:\/\/yoast.com\/wordpress\/plugins\/seo\/ -->\n<title>Acuerdo M\u00e9xico- Argentina - Antena Radio<\/title>\n<meta name=\"robots\" content=\"index, follow, max-snippet:-1, max-image-preview:large, max-video-preview:-1\" \/>\n<link rel=\"canonical\" href=\"https:\/\/noticias.imer.mx\/antenaradio\/2015\/11\/19\/acuerdo-mexico-argentina\/\" \/>\n<meta property=\"og:locale\" content=\"es_ES\" \/>\n<meta property=\"og:type\" content=\"article\" \/>\n<meta property=\"og:title\" content=\"Acuerdo M\u00e9xico- Argentina - Antena Radio\" \/>\n<meta property=\"og:description\" content=\"En entrevista para Antena Radio Tercera Emisi\u00f3n el maestro Carlos Aguirre C\u00e1rdenas, fiscalista aduanero y especialista en Comercio Exterior, convers\u00f3 con Julieta Mendoza y Enrique Lazcano sobre el acuerdo recientemente firmado entre los gobiernos de M\u00e9xico y Argentina, en el cual ambas autoridades fiscales podr\u00e1n intercambiar informaci\u00f3n para evitar la evasi\u00f3n y la doble imposici\u00f3n&hellip;\" \/>\n<meta property=\"og:url\" content=\"https:\/\/noticias.imer.mx\/antenaradio\/2015\/11\/19\/acuerdo-mexico-argentina\/\" \/>\n<meta property=\"og:site_name\" content=\"Antena Radio\" \/>\n<meta property=\"article:published_time\" content=\"2015-11-20T01:35:13+00:00\" \/>\n<meta property=\"og:image\" content=\"https:\/\/noticias.imer.mx\/antenaradio\/files\/2015\/11\/impuestos.jpg\" \/>\n\t<meta property=\"og:image:width\" content=\"630\" \/>\n\t<meta property=\"og:image:height\" content=\"430\" \/>\n\t<meta property=\"og:image:type\" content=\"image\/jpeg\" \/>\n<meta name=\"author\" content=\"IMER Noticias\" \/>\n<meta name=\"twitter:card\" content=\"summary_large_image\" \/>\n<meta name=\"twitter:label1\" content=\"Escrito por\" \/>\n\t<meta name=\"twitter:data1\" content=\"IMER Noticias\" \/>\n\t<meta name=\"twitter:label2\" content=\"Tiempo de lectura\" \/>\n\t<meta name=\"twitter:data2\" content=\"1 minuto\" \/>\n<script type=\"application\/ld+json\" class=\"yoast-schema-graph\">{\"@context\":\"https:\/\/schema.org\",\"@graph\":[{\"@type\":\"WebPage\",\"@id\":\"https:\/\/noticias.imer.mx\/antenaradio\/2015\/11\/19\/acuerdo-mexico-argentina\/\",\"url\":\"https:\/\/noticias.imer.mx\/antenaradio\/2015\/11\/19\/acuerdo-mexico-argentina\/\",\"name\":\"Acuerdo M\u00e9xico- Argentina - Antena Radio\",\"isPartOf\":{\"@id\":\"https:\/\/noticias.imer.mx\/antenaradio\/#website\"},\"datePublished\":\"2015-11-20T01:35:13+00:00\",\"dateModified\":\"2015-11-20T01:35:13+00:00\",\"author\":{\"@id\":\"https:\/\/noticias.imer.mx\/antenaradio\/#\/schema\/person\/72de5454d165c5239bc56a49873e43c9\"},\"breadcrumb\":{\"@id\":\"https:\/\/noticias.imer.mx\/antenaradio\/2015\/11\/19\/acuerdo-mexico-argentina\/#breadcrumb\"},\"inLanguage\":\"es\",\"potentialAction\":[{\"@type\":\"ReadAction\",\"target\":[\"https:\/\/noticias.imer.mx\/antenaradio\/2015\/11\/19\/acuerdo-mexico-argentina\/\"]}]},{\"@type\":\"BreadcrumbList\",\"@id\":\"https:\/\/noticias.imer.mx\/antenaradio\/2015\/11\/19\/acuerdo-mexico-argentina\/#breadcrumb\",\"itemListElement\":[{\"@type\":\"ListItem\",\"position\":1,\"name\":\"Home\",\"item\":\"https:\/\/noticias.imer.mx\/antenaradio\/\"},{\"@type\":\"ListItem\",\"position\":2,\"name\":\"Acuerdo M\u00e9xico- Argentina\"}]},{\"@type\":\"WebSite\",\"@id\":\"https:\/\/noticias.imer.mx\/antenaradio\/#website\",\"url\":\"https:\/\/noticias.imer.mx\/antenaradio\/\",\"name\":\"Antena Radio\",\"description\":\"La forma m\u00e1s clara de entender la noticia\",\"potentialAction\":[{\"@type\":\"SearchAction\",\"target\":{\"@type\":\"EntryPoint\",\"urlTemplate\":\"https:\/\/noticias.imer.mx\/antenaradio\/?s={search_term_string}\"},\"query-input\":\"required name=search_term_string\"}],\"inLanguage\":\"es\"},{\"@type\":\"Person\",\"@id\":\"https:\/\/noticias.imer.mx\/antenaradio\/#\/schema\/person\/72de5454d165c5239bc56a49873e43c9\",\"name\":\"IMER Noticias\",\"url\":\"https:\/\/noticias.imer.mx\/antenaradio\/author\/antenaradio\/\"}]}<\/script>\n<!-- \/ Yoast SEO plugin. -->","yoast_head_json":{"title":"Acuerdo M\u00e9xico- Argentina - Antena Radio","robots":{"index":"index","follow":"follow","max-snippet":"max-snippet:-1","max-image-preview":"max-image-preview:large","max-video-preview":"max-video-preview:-1"},"canonical":"https:\/\/noticias.imer.mx\/antenaradio\/2015\/11\/19\/acuerdo-mexico-argentina\/","og_locale":"es_ES","og_type":"article","og_title":"Acuerdo M\u00e9xico- Argentina - Antena Radio","og_description":"En entrevista para Antena Radio Tercera Emisi\u00f3n el maestro Carlos Aguirre C\u00e1rdenas, fiscalista aduanero y especialista en Comercio Exterior, convers\u00f3 con Julieta Mendoza y Enrique Lazcano sobre el acuerdo recientemente firmado entre los gobiernos de M\u00e9xico y Argentina, en el cual ambas autoridades fiscales podr\u00e1n intercambiar informaci\u00f3n para evitar la evasi\u00f3n y la doble imposici\u00f3n&hellip;","og_url":"https:\/\/noticias.imer.mx\/antenaradio\/2015\/11\/19\/acuerdo-mexico-argentina\/","og_site_name":"Antena Radio","article_published_time":"2015-11-20T01:35:13+00:00","og_image":[{"width":630,"height":430,"url":"https:\/\/noticias.imer.mx\/antenaradio\/files\/2015\/11\/impuestos.jpg","type":"image\/jpeg"}],"author":"IMER Noticias","twitter_card":"summary_large_image","twitter_misc":{"Escrito por":"IMER Noticias","Tiempo de lectura":"1 minuto"},"schema":{"@context":"https:\/\/schema.org","@graph":[{"@type":"WebPage","@id":"https:\/\/noticias.imer.mx\/antenaradio\/2015\/11\/19\/acuerdo-mexico-argentina\/","url":"https:\/\/noticias.imer.mx\/antenaradio\/2015\/11\/19\/acuerdo-mexico-argentina\/","name":"Acuerdo M\u00e9xico- Argentina - Antena Radio","isPartOf":{"@id":"https:\/\/noticias.imer.mx\/antenaradio\/#website"},"datePublished":"2015-11-20T01:35:13+00:00","dateModified":"2015-11-20T01:35:13+00:00","author":{"@id":"https:\/\/noticias.imer.mx\/antenaradio\/#\/schema\/person\/72de5454d165c5239bc56a49873e43c9"},"breadcrumb":{"@id":"https:\/\/noticias.imer.mx\/antenaradio\/2015\/11\/19\/acuerdo-mexico-argentina\/#breadcrumb"},"inLanguage":"es","potentialAction":[{"@type":"ReadAction","target":["https:\/\/noticias.imer.mx\/antenaradio\/2015\/11\/19\/acuerdo-mexico-argentina\/"]}]},{"@type":"BreadcrumbList","@id":"https:\/\/noticias.imer.mx\/antenaradio\/2015\/11\/19\/acuerdo-mexico-argentina\/#breadcrumb","itemListElement":[{"@type":"ListItem","position":1,"name":"Home","item":"https:\/\/noticias.imer.mx\/antenaradio\/"},{"@type":"ListItem","position":2,"name":"Acuerdo M\u00e9xico- Argentina"}]},{"@type":"WebSite","@id":"https:\/\/noticias.imer.mx\/antenaradio\/#website","url":"https:\/\/noticias.imer.mx\/antenaradio\/","name":"Antena Radio","description":"La forma m\u00e1s clara de entender la noticia","potentialAction":[{"@type":"SearchAction","target":{"@type":"EntryPoint","urlTemplate":"https:\/\/noticias.imer.mx\/antenaradio\/?s={search_term_string}"},"query-input":"required name=search_term_string"}],"inLanguage":"es"},{"@type":"Person","@id":"https:\/\/noticias.imer.mx\/antenaradio\/#\/schema\/person\/72de5454d165c5239bc56a49873e43c9","name":"IMER Noticias","url":"https:\/\/noticias.imer.mx\/antenaradio\/author\/antenaradio\/"}]}},"_links":{"self":[{"href":"https:\/\/noticias.imer.mx\/antenaradio\/wp-json\/wp\/v2\/posts\/35861"}],"collection":[{"href":"https:\/\/noticias.imer.mx\/antenaradio\/wp-json\/wp\/v2\/posts"}],"about":[{"href":"https:\/\/noticias.imer.mx\/antenaradio\/wp-json\/wp\/v2\/types\/post"}],"author":[{"embeddable":true,"href":"https:\/\/noticias.imer.mx\/antenaradio\/wp-json\/wp\/v2\/users\/8"}],"replies":[{"embeddable":true,"href":"https:\/\/noticias.imer.mx\/antenaradio\/wp-json\/wp\/v2\/comments?post=35861"}],"version-history":[{"count":1,"href":"https:\/\/noticias.imer.mx\/antenaradio\/wp-json\/wp\/v2\/posts\/35861\/revisions"}],"predecessor-version":[{"id":35865,"href":"https:\/\/noticias.imer.mx\/antenaradio\/wp-json\/wp\/v2\/posts\/35861\/revisions\/35865"}],"wp:featuredmedia":[{"embeddable":true,"href":"https:\/\/noticias.imer.mx\/antenaradio\/wp-json\/wp\/v2\/media\/35863"}],"wp:attachment":[{"href":"https:\/\/noticias.imer.mx\/antenaradio\/wp-json\/wp\/v2\/media?parent=35861"}],"wp:term":[{"taxonomy":"category","embeddable":true,"href":"https:\/\/noticias.imer.mx\/antenaradio\/wp-json\/wp\/v2\/categories?post=35861"},{"taxonomy":"post_tag","embeddable":true,"href":"https:\/\/noticias.imer.mx\/antenaradio\/wp-json\/wp\/v2\/tags?post=35861"}],"curies":[{"name":"wp","href":"https:\/\/api.w.org\/{rel}","templated":true}]}}