{"id":35835,"date":"2015-11-16T18:56:21","date_gmt":"2015-11-17T00:56:21","guid":{"rendered":"http:\/\/snn.imer.gob.mx\/antenaradio\/?p=35835"},"modified":"2015-11-16T18:57:48","modified_gmt":"2015-11-17T00:57:48","slug":"francia-intensificara-ataques-contra-ei","status":"publish","type":"post","link":"https:\/\/noticias.imer.mx\/antenaradio\/2015\/11\/16\/francia-intensificara-ataques-contra-ei\/","title":{"rendered":"Francia intensificar\u00e1 ataques contra EI"},"content":{"rendered":"<p><img decoding=\"async\" loading=\"lazy\" class=\"size-medium wp-image-35836 alignleft\" src=\"http:\/\/snn.imer.gob.mx\/antenaradio\/files\/2015\/11\/El-presidente-de-Francia-Francois-Hollande-300x200.jpg\" alt=\"French President Francois Hollande speaks to the media during a news conference at the G20 summit in St. Petersburg September 6, 2013. REUTERS\/Alexander Demianchuk (RUSSIA - Tags: POLITICS BUSINESS)\" width=\"300\" height=\"200\" srcset=\"https:\/\/noticias.imer.mx\/antenaradio\/files\/2015\/11\/El-presidente-de-Francia-Francois-Hollande-300x200.jpg 300w, https:\/\/noticias.imer.mx\/antenaradio\/files\/2015\/11\/El-presidente-de-Francia-Francois-Hollande-1024x683.jpg 1024w\" sizes=\"(max-width: 300px) 100vw, 300px\" \/><\/p>\n<p>En entrevista para Antena Radio Tercera Emisi\u00f3n el doctor Arturo Ponce Urquiza, catedr\u00e1tico de la Facultad de Estudios Superiores Arag\u00f3n y experto en temas internacionales, convers\u00f3 con Julieta Mendoza y Enrique Lazcano sobre el anuncio que realiz\u00f3 el presidente de Francia, Francois Hollande, en\u00a0donde dijo se intensificar\u00e1n las operaciones militares contra el Estado Isl\u00e1mico en Siria. Adem\u00e1s pidi\u00f3 medidas excepcionales al Parlamento en \u00abcontra del terrorismo\u00bb.<\/p>\n<p>&nbsp;<\/p>\n<p>&nbsp;<\/p>\n<p>&nbsp;<\/p>\n<!--[if lt IE 9]><script>document.createElement('audio');<\/script><![endif]-->\n<audio class=\"wp-audio-shortcode\" id=\"audio-35835-1\" preload=\"none\" style=\"width: 100%;\" controls=\"controls\"><source type=\"audio\/mpeg\" src=\"http:\/\/snn.imer.gob.mx\/antenaradio\/files\/2015\/11\/1014.mp3?_=1\" \/><a href=\"http:\/\/snn.imer.gob.mx\/antenaradio\/files\/2015\/11\/1014.mp3\">http:\/\/snn.imer.gob.mx\/antenaradio\/files\/2015\/11\/1014.mp3<\/a><\/audio>\n","protected":false},"excerpt":{"rendered":"<p>En entrevista para Antena Radio Tercera Emisi\u00f3n el doctor Arturo Ponce Urquiza, catedr\u00e1tico de la Facultad de Estudios Superiores Arag\u00f3n y experto en temas internacionales, convers\u00f3 con Julieta Mendoza y Enrique Lazcano sobre el anuncio que realiz\u00f3 el presidente de Francia, Francois Hollande, en\u00a0donde dijo se intensificar\u00e1n las operaciones militares contra el Estado Isl\u00e1mico en&hellip;<\/p>\n","protected":false},"author":8,"featured_media":35836,"comment_status":"closed","ping_status":"closed","sticky":false,"template":"","format":"audio","meta":{"wp_popup_display_lightbox":0,"wp_popup_suppress":"","wp_popup_trigger":"","wp_popup_trigger_amount":0,"wp_popup_disable_on_mobile":false},"categories":[8093,4939],"tags":[1920],"yoast_head":"<!-- This site is optimized with the Yoast SEO plugin v21.0 - https:\/\/yoast.com\/wordpress\/plugins\/seo\/ -->\n<title>Francia intensificar\u00e1 ataques contra EI - Antena Radio<\/title>\n<meta name=\"robots\" content=\"index, follow, max-snippet:-1, max-image-preview:large, max-video-preview:-1\" \/>\n<link rel=\"canonical\" href=\"https:\/\/noticias.imer.mx\/antenaradio\/2015\/11\/16\/francia-intensificara-ataques-contra-ei\/\" \/>\n<meta property=\"og:locale\" content=\"es_ES\" \/>\n<meta property=\"og:type\" content=\"article\" \/>\n<meta property=\"og:title\" content=\"Francia intensificar\u00e1 ataques contra EI - Antena Radio\" \/>\n<meta property=\"og:description\" content=\"En entrevista para Antena Radio Tercera Emisi\u00f3n el doctor Arturo Ponce Urquiza, catedr\u00e1tico de la Facultad de Estudios Superiores Arag\u00f3n y experto en temas internacionales, convers\u00f3 con Julieta Mendoza y Enrique Lazcano sobre el anuncio que realiz\u00f3 el presidente de Francia, Francois Hollande, en\u00a0donde dijo se intensificar\u00e1n las operaciones militares contra el Estado Isl\u00e1mico en&hellip;\" \/>\n<meta property=\"og:url\" content=\"https:\/\/noticias.imer.mx\/antenaradio\/2015\/11\/16\/francia-intensificara-ataques-contra-ei\/\" \/>\n<meta property=\"og:site_name\" content=\"Antena Radio\" \/>\n<meta property=\"article:published_time\" content=\"2015-11-17T00:56:21+00:00\" \/>\n<meta property=\"article:modified_time\" content=\"2015-11-17T00:57:48+00:00\" \/>\n<meta property=\"og:image\" content=\"https:\/\/noticias.imer.mx\/antenaradio\/files\/2015\/11\/El-presidente-de-Francia-Francois-Hollande.jpg\" \/>\n\t<meta property=\"og:image:width\" content=\"3500\" \/>\n\t<meta property=\"og:image:height\" content=\"2333\" \/>\n\t<meta property=\"og:image:type\" content=\"image\/jpeg\" \/>\n<meta name=\"author\" content=\"IMER Noticias\" \/>\n<meta name=\"twitter:card\" content=\"summary_large_image\" \/>\n<meta name=\"twitter:label1\" content=\"Escrito por\" \/>\n\t<meta name=\"twitter:data1\" content=\"IMER Noticias\" \/>\n<script type=\"application\/ld+json\" class=\"yoast-schema-graph\">{\"@context\":\"https:\/\/schema.org\",\"@graph\":[{\"@type\":\"WebPage\",\"@id\":\"https:\/\/noticias.imer.mx\/antenaradio\/2015\/11\/16\/francia-intensificara-ataques-contra-ei\/\",\"url\":\"https:\/\/noticias.imer.mx\/antenaradio\/2015\/11\/16\/francia-intensificara-ataques-contra-ei\/\",\"name\":\"Francia intensificar\u00e1 ataques contra EI - Antena Radio\",\"isPartOf\":{\"@id\":\"https:\/\/noticias.imer.mx\/antenaradio\/#website\"},\"datePublished\":\"2015-11-17T00:56:21+00:00\",\"dateModified\":\"2015-11-17T00:57:48+00:00\",\"author\":{\"@id\":\"https:\/\/noticias.imer.mx\/antenaradio\/#\/schema\/person\/72de5454d165c5239bc56a49873e43c9\"},\"breadcrumb\":{\"@id\":\"https:\/\/noticias.imer.mx\/antenaradio\/2015\/11\/16\/francia-intensificara-ataques-contra-ei\/#breadcrumb\"},\"inLanguage\":\"es\",\"potentialAction\":[{\"@type\":\"ReadAction\",\"target\":[\"https:\/\/noticias.imer.mx\/antenaradio\/2015\/11\/16\/francia-intensificara-ataques-contra-ei\/\"]}]},{\"@type\":\"BreadcrumbList\",\"@id\":\"https:\/\/noticias.imer.mx\/antenaradio\/2015\/11\/16\/francia-intensificara-ataques-contra-ei\/#breadcrumb\",\"itemListElement\":[{\"@type\":\"ListItem\",\"position\":1,\"name\":\"Home\",\"item\":\"https:\/\/noticias.imer.mx\/antenaradio\/\"},{\"@type\":\"ListItem\",\"position\":2,\"name\":\"Francia intensificar\u00e1 ataques contra EI\"}]},{\"@type\":\"WebSite\",\"@id\":\"https:\/\/noticias.imer.mx\/antenaradio\/#website\",\"url\":\"https:\/\/noticias.imer.mx\/antenaradio\/\",\"name\":\"Antena Radio\",\"description\":\"La forma m\u00e1s clara de entender la noticia\",\"potentialAction\":[{\"@type\":\"SearchAction\",\"target\":{\"@type\":\"EntryPoint\",\"urlTemplate\":\"https:\/\/noticias.imer.mx\/antenaradio\/?s={search_term_string}\"},\"query-input\":\"required name=search_term_string\"}],\"inLanguage\":\"es\"},{\"@type\":\"Person\",\"@id\":\"https:\/\/noticias.imer.mx\/antenaradio\/#\/schema\/person\/72de5454d165c5239bc56a49873e43c9\",\"name\":\"IMER Noticias\",\"url\":\"https:\/\/noticias.imer.mx\/antenaradio\/author\/antenaradio\/\"}]}<\/script>\n<!-- \/ Yoast SEO plugin. -->","yoast_head_json":{"title":"Francia intensificar\u00e1 ataques contra EI - Antena Radio","robots":{"index":"index","follow":"follow","max-snippet":"max-snippet:-1","max-image-preview":"max-image-preview:large","max-video-preview":"max-video-preview:-1"},"canonical":"https:\/\/noticias.imer.mx\/antenaradio\/2015\/11\/16\/francia-intensificara-ataques-contra-ei\/","og_locale":"es_ES","og_type":"article","og_title":"Francia intensificar\u00e1 ataques contra EI - Antena Radio","og_description":"En entrevista para Antena Radio Tercera Emisi\u00f3n el doctor Arturo Ponce Urquiza, catedr\u00e1tico de la Facultad de Estudios Superiores Arag\u00f3n y experto en temas internacionales, convers\u00f3 con Julieta Mendoza y Enrique Lazcano sobre el anuncio que realiz\u00f3 el presidente de Francia, Francois Hollande, en\u00a0donde dijo se intensificar\u00e1n las operaciones militares contra el Estado Isl\u00e1mico en&hellip;","og_url":"https:\/\/noticias.imer.mx\/antenaradio\/2015\/11\/16\/francia-intensificara-ataques-contra-ei\/","og_site_name":"Antena Radio","article_published_time":"2015-11-17T00:56:21+00:00","article_modified_time":"2015-11-17T00:57:48+00:00","og_image":[{"width":3500,"height":2333,"url":"https:\/\/noticias.imer.mx\/antenaradio\/files\/2015\/11\/El-presidente-de-Francia-Francois-Hollande.jpg","type":"image\/jpeg"}],"author":"IMER Noticias","twitter_card":"summary_large_image","twitter_misc":{"Escrito por":"IMER Noticias"},"schema":{"@context":"https:\/\/schema.org","@graph":[{"@type":"WebPage","@id":"https:\/\/noticias.imer.mx\/antenaradio\/2015\/11\/16\/francia-intensificara-ataques-contra-ei\/","url":"https:\/\/noticias.imer.mx\/antenaradio\/2015\/11\/16\/francia-intensificara-ataques-contra-ei\/","name":"Francia intensificar\u00e1 ataques contra EI - Antena Radio","isPartOf":{"@id":"https:\/\/noticias.imer.mx\/antenaradio\/#website"},"datePublished":"2015-11-17T00:56:21+00:00","dateModified":"2015-11-17T00:57:48+00:00","author":{"@id":"https:\/\/noticias.imer.mx\/antenaradio\/#\/schema\/person\/72de5454d165c5239bc56a49873e43c9"},"breadcrumb":{"@id":"https:\/\/noticias.imer.mx\/antenaradio\/2015\/11\/16\/francia-intensificara-ataques-contra-ei\/#breadcrumb"},"inLanguage":"es","potentialAction":[{"@type":"ReadAction","target":["https:\/\/noticias.imer.mx\/antenaradio\/2015\/11\/16\/francia-intensificara-ataques-contra-ei\/"]}]},{"@type":"BreadcrumbList","@id":"https:\/\/noticias.imer.mx\/antenaradio\/2015\/11\/16\/francia-intensificara-ataques-contra-ei\/#breadcrumb","itemListElement":[{"@type":"ListItem","position":1,"name":"Home","item":"https:\/\/noticias.imer.mx\/antenaradio\/"},{"@type":"ListItem","position":2,"name":"Francia intensificar\u00e1 ataques contra EI"}]},{"@type":"WebSite","@id":"https:\/\/noticias.imer.mx\/antenaradio\/#website","url":"https:\/\/noticias.imer.mx\/antenaradio\/","name":"Antena Radio","description":"La forma m\u00e1s clara de entender la noticia","potentialAction":[{"@type":"SearchAction","target":{"@type":"EntryPoint","urlTemplate":"https:\/\/noticias.imer.mx\/antenaradio\/?s={search_term_string}"},"query-input":"required name=search_term_string"}],"inLanguage":"es"},{"@type":"Person","@id":"https:\/\/noticias.imer.mx\/antenaradio\/#\/schema\/person\/72de5454d165c5239bc56a49873e43c9","name":"IMER Noticias","url":"https:\/\/noticias.imer.mx\/antenaradio\/author\/antenaradio\/"}]}},"_links":{"self":[{"href":"https:\/\/noticias.imer.mx\/antenaradio\/wp-json\/wp\/v2\/posts\/35835"}],"collection":[{"href":"https:\/\/noticias.imer.mx\/antenaradio\/wp-json\/wp\/v2\/posts"}],"about":[{"href":"https:\/\/noticias.imer.mx\/antenaradio\/wp-json\/wp\/v2\/types\/post"}],"author":[{"embeddable":true,"href":"https:\/\/noticias.imer.mx\/antenaradio\/wp-json\/wp\/v2\/users\/8"}],"replies":[{"embeddable":true,"href":"https:\/\/noticias.imer.mx\/antenaradio\/wp-json\/wp\/v2\/comments?post=35835"}],"version-history":[{"count":3,"href":"https:\/\/noticias.imer.mx\/antenaradio\/wp-json\/wp\/v2\/posts\/35835\/revisions"}],"predecessor-version":[{"id":35840,"href":"https:\/\/noticias.imer.mx\/antenaradio\/wp-json\/wp\/v2\/posts\/35835\/revisions\/35840"}],"wp:featuredmedia":[{"embeddable":true,"href":"https:\/\/noticias.imer.mx\/antenaradio\/wp-json\/wp\/v2\/media\/35836"}],"wp:attachment":[{"href":"https:\/\/noticias.imer.mx\/antenaradio\/wp-json\/wp\/v2\/media?parent=35835"}],"wp:term":[{"taxonomy":"category","embeddable":true,"href":"https:\/\/noticias.imer.mx\/antenaradio\/wp-json\/wp\/v2\/categories?post=35835"},{"taxonomy":"post_tag","embeddable":true,"href":"https:\/\/noticias.imer.mx\/antenaradio\/wp-json\/wp\/v2\/tags?post=35835"}],"curies":[{"name":"wp","href":"https:\/\/api.w.org\/{rel}","templated":true}]}}