{"id":31812,"date":"2014-09-24T14:48:04","date_gmt":"2014-09-24T20:48:04","guid":{"rendered":"http:\/\/snn.imer.gob.mx\/antenaradio\/?p=31812"},"modified":"2014-09-24T14:50:02","modified_gmt":"2014-09-24T20:50:02","slug":"31812","status":"publish","type":"post","link":"https:\/\/noticias.imer.mx\/antenaradio\/2014\/09\/24\/31812\/","title":{"rendered":"\u00bfCu\u00e1l es la ruta a seguir tras el NO a la independencia de Escocia?"},"content":{"rendered":"<p><a href=\"http:\/\/snn.imer.gob.mx\/antenaradio\/files\/2014\/09\/54178e452fb42.jpg\"><img decoding=\"async\" loading=\"lazy\" class=\"wp-image-31814 alignleft\" src=\"http:\/\/snn.imer.gob.mx\/antenaradio\/files\/2014\/09\/54178e452fb42-300x164.jpg\" alt=\"54178e452fb42\" width=\"191\" height=\"141\" \/><\/a><\/p>\n<p>Tras el refer\u00e9ndum el pasado 18 de septiembre, donde fracaso el intento de separaci\u00f3n de Escocia del Reino Unido, el Doctor German Mart\u00ednez Mart\u00ednez, analista del Departamento de Estudios Internacionales de la Universidad Iberoamericana y ex catedr\u00e1tico de la Universidad de Londres, en Gran Breta\u00f1a nos explica, cu\u00e1l es la ruta a seguir, tras este resultado. Le invitamos a escuchar.<\/p>\n<!--[if lt IE 9]><script>document.createElement('audio');<\/script><![endif]-->\n<audio class=\"wp-audio-shortcode\" id=\"audio-31812-1\" preload=\"none\" style=\"width: 100%;\" controls=\"controls\"><source type=\"audio\/mpeg\" src=\"http:\/\/snn.imer.gob.mx\/antenaradio\/files\/2014\/09\/ENT-DR-GERMAN-MARTINEZ-OK.mp3?_=1\" \/><a href=\"http:\/\/snn.imer.gob.mx\/antenaradio\/files\/2014\/09\/ENT-DR-GERMAN-MARTINEZ-OK.mp3\">http:\/\/snn.imer.gob.mx\/antenaradio\/files\/2014\/09\/ENT-DR-GERMAN-MARTINEZ-OK.mp3<\/a><\/audio>\n","protected":false},"excerpt":{"rendered":"<p>Tras el refer\u00e9ndum el pasado 18 de septiembre, donde fracaso el intento de separaci\u00f3n de Escocia del Reino Unido, el Doctor German Mart\u00ednez Mart\u00ednez, analista del Departamento de Estudios Internacionales de la Universidad Iberoamericana y ex catedr\u00e1tico de la Universidad de Londres, en Gran Breta\u00f1a nos explica, cu\u00e1l es la ruta a seguir, tras este&hellip;<\/p>\n","protected":false},"author":8,"featured_media":0,"comment_status":"closed","ping_status":"closed","sticky":false,"template":"","format":"standard","meta":{"wp_popup_display_lightbox":0,"wp_popup_suppress":"","wp_popup_trigger":"","wp_popup_trigger_amount":0,"wp_popup_disable_on_mobile":false},"categories":[1],"tags":[],"yoast_head":"<!-- This site is optimized with the Yoast SEO plugin v21.0 - https:\/\/yoast.com\/wordpress\/plugins\/seo\/ -->\n<title>\u00bfCu\u00e1l es la ruta a seguir tras el NO a la independencia de Escocia? - Antena Radio<\/title>\n<meta name=\"robots\" content=\"index, follow, max-snippet:-1, max-image-preview:large, max-video-preview:-1\" \/>\n<link rel=\"canonical\" href=\"https:\/\/noticias.imer.mx\/antenaradio\/2014\/09\/24\/31812\/\" \/>\n<meta property=\"og:locale\" content=\"es_ES\" \/>\n<meta property=\"og:type\" content=\"article\" \/>\n<meta property=\"og:title\" content=\"\u00bfCu\u00e1l es la ruta a seguir tras el NO a la independencia de Escocia? - Antena Radio\" \/>\n<meta property=\"og:description\" content=\"Tras el refer\u00e9ndum el pasado 18 de septiembre, donde fracaso el intento de separaci\u00f3n de Escocia del Reino Unido, el Doctor German Mart\u00ednez Mart\u00ednez, analista del Departamento de Estudios Internacionales de la Universidad Iberoamericana y ex catedr\u00e1tico de la Universidad de Londres, en Gran Breta\u00f1a nos explica, cu\u00e1l es la ruta a seguir, tras este&hellip;\" \/>\n<meta property=\"og:url\" content=\"https:\/\/noticias.imer.mx\/antenaradio\/2014\/09\/24\/31812\/\" \/>\n<meta property=\"og:site_name\" content=\"Antena Radio\" \/>\n<meta property=\"article:published_time\" content=\"2014-09-24T20:48:04+00:00\" \/>\n<meta property=\"article:modified_time\" content=\"2014-09-24T20:50:02+00:00\" \/>\n<meta property=\"og:image\" content=\"http:\/\/snn.imer.gob.mx\/antenaradio\/files\/2014\/09\/54178e452fb42-300x164.jpg\" \/>\n<meta name=\"author\" content=\"IMER Noticias\" \/>\n<meta name=\"twitter:card\" content=\"summary_large_image\" \/>\n<meta name=\"twitter:label1\" content=\"Escrito por\" \/>\n\t<meta name=\"twitter:data1\" content=\"IMER Noticias\" \/>\n<script type=\"application\/ld+json\" class=\"yoast-schema-graph\">{\"@context\":\"https:\/\/schema.org\",\"@graph\":[{\"@type\":\"WebPage\",\"@id\":\"https:\/\/noticias.imer.mx\/antenaradio\/2014\/09\/24\/31812\/\",\"url\":\"https:\/\/noticias.imer.mx\/antenaradio\/2014\/09\/24\/31812\/\",\"name\":\"\u00bfCu\u00e1l es la ruta a seguir tras el NO a la independencia de Escocia? - Antena Radio\",\"isPartOf\":{\"@id\":\"https:\/\/noticias.imer.mx\/antenaradio\/#website\"},\"datePublished\":\"2014-09-24T20:48:04+00:00\",\"dateModified\":\"2014-09-24T20:50:02+00:00\",\"author\":{\"@id\":\"https:\/\/noticias.imer.mx\/antenaradio\/#\/schema\/person\/72de5454d165c5239bc56a49873e43c9\"},\"breadcrumb\":{\"@id\":\"https:\/\/noticias.imer.mx\/antenaradio\/2014\/09\/24\/31812\/#breadcrumb\"},\"inLanguage\":\"es\",\"potentialAction\":[{\"@type\":\"ReadAction\",\"target\":[\"https:\/\/noticias.imer.mx\/antenaradio\/2014\/09\/24\/31812\/\"]}]},{\"@type\":\"BreadcrumbList\",\"@id\":\"https:\/\/noticias.imer.mx\/antenaradio\/2014\/09\/24\/31812\/#breadcrumb\",\"itemListElement\":[{\"@type\":\"ListItem\",\"position\":1,\"name\":\"Home\",\"item\":\"https:\/\/noticias.imer.mx\/antenaradio\/\"},{\"@type\":\"ListItem\",\"position\":2,\"name\":\"\u00bfCu\u00e1l es la ruta a seguir tras el NO a la independencia de Escocia?\"}]},{\"@type\":\"WebSite\",\"@id\":\"https:\/\/noticias.imer.mx\/antenaradio\/#website\",\"url\":\"https:\/\/noticias.imer.mx\/antenaradio\/\",\"name\":\"Antena Radio\",\"description\":\"La forma m\u00e1s clara de entender la noticia\",\"potentialAction\":[{\"@type\":\"SearchAction\",\"target\":{\"@type\":\"EntryPoint\",\"urlTemplate\":\"https:\/\/noticias.imer.mx\/antenaradio\/?s={search_term_string}\"},\"query-input\":\"required name=search_term_string\"}],\"inLanguage\":\"es\"},{\"@type\":\"Person\",\"@id\":\"https:\/\/noticias.imer.mx\/antenaradio\/#\/schema\/person\/72de5454d165c5239bc56a49873e43c9\",\"name\":\"IMER Noticias\",\"url\":\"https:\/\/noticias.imer.mx\/antenaradio\/author\/antenaradio\/\"}]}<\/script>\n<!-- \/ Yoast SEO plugin. -->","yoast_head_json":{"title":"\u00bfCu\u00e1l es la ruta a seguir tras el NO a la independencia de Escocia? - Antena Radio","robots":{"index":"index","follow":"follow","max-snippet":"max-snippet:-1","max-image-preview":"max-image-preview:large","max-video-preview":"max-video-preview:-1"},"canonical":"https:\/\/noticias.imer.mx\/antenaradio\/2014\/09\/24\/31812\/","og_locale":"es_ES","og_type":"article","og_title":"\u00bfCu\u00e1l es la ruta a seguir tras el NO a la independencia de Escocia? - Antena Radio","og_description":"Tras el refer\u00e9ndum el pasado 18 de septiembre, donde fracaso el intento de separaci\u00f3n de Escocia del Reino Unido, el Doctor German Mart\u00ednez Mart\u00ednez, analista del Departamento de Estudios Internacionales de la Universidad Iberoamericana y ex catedr\u00e1tico de la Universidad de Londres, en Gran Breta\u00f1a nos explica, cu\u00e1l es la ruta a seguir, tras este&hellip;","og_url":"https:\/\/noticias.imer.mx\/antenaradio\/2014\/09\/24\/31812\/","og_site_name":"Antena Radio","article_published_time":"2014-09-24T20:48:04+00:00","article_modified_time":"2014-09-24T20:50:02+00:00","og_image":[{"url":"http:\/\/snn.imer.gob.mx\/antenaradio\/files\/2014\/09\/54178e452fb42-300x164.jpg"}],"author":"IMER Noticias","twitter_card":"summary_large_image","twitter_misc":{"Escrito por":"IMER Noticias"},"schema":{"@context":"https:\/\/schema.org","@graph":[{"@type":"WebPage","@id":"https:\/\/noticias.imer.mx\/antenaradio\/2014\/09\/24\/31812\/","url":"https:\/\/noticias.imer.mx\/antenaradio\/2014\/09\/24\/31812\/","name":"\u00bfCu\u00e1l es la ruta a seguir tras el NO a la independencia de Escocia? - Antena Radio","isPartOf":{"@id":"https:\/\/noticias.imer.mx\/antenaradio\/#website"},"datePublished":"2014-09-24T20:48:04+00:00","dateModified":"2014-09-24T20:50:02+00:00","author":{"@id":"https:\/\/noticias.imer.mx\/antenaradio\/#\/schema\/person\/72de5454d165c5239bc56a49873e43c9"},"breadcrumb":{"@id":"https:\/\/noticias.imer.mx\/antenaradio\/2014\/09\/24\/31812\/#breadcrumb"},"inLanguage":"es","potentialAction":[{"@type":"ReadAction","target":["https:\/\/noticias.imer.mx\/antenaradio\/2014\/09\/24\/31812\/"]}]},{"@type":"BreadcrumbList","@id":"https:\/\/noticias.imer.mx\/antenaradio\/2014\/09\/24\/31812\/#breadcrumb","itemListElement":[{"@type":"ListItem","position":1,"name":"Home","item":"https:\/\/noticias.imer.mx\/antenaradio\/"},{"@type":"ListItem","position":2,"name":"\u00bfCu\u00e1l es la ruta a seguir tras el NO a la independencia de Escocia?"}]},{"@type":"WebSite","@id":"https:\/\/noticias.imer.mx\/antenaradio\/#website","url":"https:\/\/noticias.imer.mx\/antenaradio\/","name":"Antena Radio","description":"La forma m\u00e1s clara de entender la noticia","potentialAction":[{"@type":"SearchAction","target":{"@type":"EntryPoint","urlTemplate":"https:\/\/noticias.imer.mx\/antenaradio\/?s={search_term_string}"},"query-input":"required name=search_term_string"}],"inLanguage":"es"},{"@type":"Person","@id":"https:\/\/noticias.imer.mx\/antenaradio\/#\/schema\/person\/72de5454d165c5239bc56a49873e43c9","name":"IMER Noticias","url":"https:\/\/noticias.imer.mx\/antenaradio\/author\/antenaradio\/"}]}},"_links":{"self":[{"href":"https:\/\/noticias.imer.mx\/antenaradio\/wp-json\/wp\/v2\/posts\/31812"}],"collection":[{"href":"https:\/\/noticias.imer.mx\/antenaradio\/wp-json\/wp\/v2\/posts"}],"about":[{"href":"https:\/\/noticias.imer.mx\/antenaradio\/wp-json\/wp\/v2\/types\/post"}],"author":[{"embeddable":true,"href":"https:\/\/noticias.imer.mx\/antenaradio\/wp-json\/wp\/v2\/users\/8"}],"replies":[{"embeddable":true,"href":"https:\/\/noticias.imer.mx\/antenaradio\/wp-json\/wp\/v2\/comments?post=31812"}],"version-history":[{"count":3,"href":"https:\/\/noticias.imer.mx\/antenaradio\/wp-json\/wp\/v2\/posts\/31812\/revisions"}],"predecessor-version":[{"id":31816,"href":"https:\/\/noticias.imer.mx\/antenaradio\/wp-json\/wp\/v2\/posts\/31812\/revisions\/31816"}],"wp:attachment":[{"href":"https:\/\/noticias.imer.mx\/antenaradio\/wp-json\/wp\/v2\/media?parent=31812"}],"wp:term":[{"taxonomy":"category","embeddable":true,"href":"https:\/\/noticias.imer.mx\/antenaradio\/wp-json\/wp\/v2\/categories?post=31812"},{"taxonomy":"post_tag","embeddable":true,"href":"https:\/\/noticias.imer.mx\/antenaradio\/wp-json\/wp\/v2\/tags?post=31812"}],"curies":[{"name":"wp","href":"https:\/\/api.w.org\/{rel}","templated":true}]}}