{"id":31127,"date":"2014-08-08T11:55:35","date_gmt":"2014-08-08T17:55:35","guid":{"rendered":"http:\/\/snn.imer.gob.mx\/antenaradio\/?p=31127"},"modified":"2014-08-08T11:57:14","modified_gmt":"2014-08-08T17:57:14","slug":"cierre-del-periodo-extraordinario-del-congreso-de-la-union-despues-de-la-aprobacion-del-ultimo-dictamen-de-las-leyes-secundarias-en-materia-energetica","status":"publish","type":"post","link":"https:\/\/noticias.imer.mx\/antenaradio\/2014\/08\/08\/cierre-del-periodo-extraordinario-del-congreso-de-la-union-despues-de-la-aprobacion-del-ultimo-dictamen-de-las-leyes-secundarias-en-materia-energetica\/","title":{"rendered":"Cierre del periodo extraordinario del Congreso de la Uni\u00f3n despues de la aprobaci\u00f3n del ultimo dictamen de las leyes secundarias en materia energ\u00e9tica"},"content":{"rendered":"<p><a href=\"http:\/\/snn.imer.gob.mx\/antenaradio\/files\/2014\/08\/senado-de-la-republica.jpg\"><img decoding=\"async\" loading=\"lazy\" class=\"alignleft size-thumbnail wp-image-31129\" src=\"http:\/\/snn.imer.gob.mx\/antenaradio\/files\/2014\/08\/senado-de-la-republica-150x150.jpg\" alt=\"senado-de-la-republica\" width=\"150\" height=\"150\" \/><\/a><\/p>\n<p>Este viernes en entrevista para Antena Radio Primera Emisi\u00f3n con Carlos Urdiales, estuvo con nosotros Ana Lilia Herrera, senadora del PRI y vicepresidente de la Mesa Directiva, para comentarnos acerca del cierre del periodo extraordinario del congreso de la uni\u00f3n despues de la aprobaci\u00f3n del ultimo dictamen de las leyes secundarias en materia energ\u00e9tica.<\/p>\n<p>&nbsp;<\/p>\n<p>&nbsp;<\/p>\n<!--[if lt IE 9]><script>document.createElement('audio');<\/script><![endif]-->\n<audio class=\"wp-audio-shortcode\" id=\"audio-31127-1\" preload=\"none\" style=\"width: 100%;\" controls=\"controls\"><source type=\"audio\/mpeg\" src=\"http:\/\/snn.imer.gob.mx\/antenaradio\/files\/2014\/08\/080814-ARPE-ENT-ANA-LILIA-HERRERA-OK.mp3?_=1\" \/><a href=\"http:\/\/snn.imer.gob.mx\/antenaradio\/files\/2014\/08\/080814-ARPE-ENT-ANA-LILIA-HERRERA-OK.mp3\">http:\/\/snn.imer.gob.mx\/antenaradio\/files\/2014\/08\/080814-ARPE-ENT-ANA-LILIA-HERRERA-OK.mp3<\/a><\/audio>\n","protected":false},"excerpt":{"rendered":"<p>Este viernes en entrevista para Antena Radio Primera Emisi\u00f3n con Carlos Urdiales, estuvo con nosotros Ana Lilia Herrera, senadora del PRI y vicepresidente de la Mesa Directiva, para comentarnos acerca del cierre del periodo extraordinario del congreso de la uni\u00f3n despues de la aprobaci\u00f3n del ultimo dictamen de las leyes secundarias en materia energ\u00e9tica. &nbsp;&hellip;<\/p>\n","protected":false},"author":8,"featured_media":0,"comment_status":"closed","ping_status":"closed","sticky":false,"template":"","format":"standard","meta":{"wp_popup_display_lightbox":0,"wp_popup_suppress":"","wp_popup_trigger":"","wp_popup_trigger_amount":0,"wp_popup_disable_on_mobile":false},"categories":[1,5,4937],"tags":[],"yoast_head":"<!-- This site is optimized with the Yoast SEO plugin v21.0 - https:\/\/yoast.com\/wordpress\/plugins\/seo\/ -->\n<title>Cierre del periodo extraordinario del Congreso de la Uni\u00f3n despues de la aprobaci\u00f3n del ultimo dictamen de las leyes secundarias en materia energ\u00e9tica - Antena Radio<\/title>\n<meta name=\"robots\" content=\"index, follow, max-snippet:-1, max-image-preview:large, max-video-preview:-1\" \/>\n<link rel=\"canonical\" href=\"https:\/\/noticias.imer.mx\/antenaradio\/2014\/08\/08\/cierre-del-periodo-extraordinario-del-congreso-de-la-union-despues-de-la-aprobacion-del-ultimo-dictamen-de-las-leyes-secundarias-en-materia-energetica\/\" \/>\n<meta property=\"og:locale\" content=\"es_ES\" \/>\n<meta property=\"og:type\" content=\"article\" \/>\n<meta property=\"og:title\" content=\"Cierre del periodo extraordinario del Congreso de la Uni\u00f3n despues de la aprobaci\u00f3n del ultimo dictamen de las leyes secundarias en materia energ\u00e9tica - Antena Radio\" \/>\n<meta property=\"og:description\" content=\"Este viernes en entrevista para Antena Radio Primera Emisi\u00f3n con Carlos Urdiales, estuvo con nosotros Ana Lilia Herrera, senadora del PRI y vicepresidente de la Mesa Directiva, para comentarnos acerca del cierre del periodo extraordinario del congreso de la uni\u00f3n despues de la aprobaci\u00f3n del ultimo dictamen de las leyes secundarias en materia energ\u00e9tica. &nbsp;&hellip;\" \/>\n<meta property=\"og:url\" content=\"https:\/\/noticias.imer.mx\/antenaradio\/2014\/08\/08\/cierre-del-periodo-extraordinario-del-congreso-de-la-union-despues-de-la-aprobacion-del-ultimo-dictamen-de-las-leyes-secundarias-en-materia-energetica\/\" \/>\n<meta property=\"og:site_name\" content=\"Antena Radio\" \/>\n<meta property=\"article:published_time\" content=\"2014-08-08T17:55:35+00:00\" \/>\n<meta property=\"article:modified_time\" content=\"2014-08-08T17:57:14+00:00\" \/>\n<meta property=\"og:image\" content=\"http:\/\/snn.imer.gob.mx\/antenaradio\/files\/2014\/08\/senado-de-la-republica-150x150.jpg\" \/>\n<meta name=\"author\" content=\"IMER Noticias\" \/>\n<meta name=\"twitter:card\" content=\"summary_large_image\" \/>\n<meta name=\"twitter:label1\" content=\"Escrito por\" \/>\n\t<meta name=\"twitter:data1\" content=\"IMER Noticias\" \/>\n<script type=\"application\/ld+json\" class=\"yoast-schema-graph\">{\"@context\":\"https:\/\/schema.org\",\"@graph\":[{\"@type\":\"WebPage\",\"@id\":\"https:\/\/noticias.imer.mx\/antenaradio\/2014\/08\/08\/cierre-del-periodo-extraordinario-del-congreso-de-la-union-despues-de-la-aprobacion-del-ultimo-dictamen-de-las-leyes-secundarias-en-materia-energetica\/\",\"url\":\"https:\/\/noticias.imer.mx\/antenaradio\/2014\/08\/08\/cierre-del-periodo-extraordinario-del-congreso-de-la-union-despues-de-la-aprobacion-del-ultimo-dictamen-de-las-leyes-secundarias-en-materia-energetica\/\",\"name\":\"Cierre del periodo extraordinario del Congreso de la Uni\u00f3n despues de la aprobaci\u00f3n del ultimo dictamen de las leyes secundarias en materia energ\u00e9tica - Antena Radio\",\"isPartOf\":{\"@id\":\"https:\/\/noticias.imer.mx\/antenaradio\/#website\"},\"datePublished\":\"2014-08-08T17:55:35+00:00\",\"dateModified\":\"2014-08-08T17:57:14+00:00\",\"author\":{\"@id\":\"https:\/\/noticias.imer.mx\/antenaradio\/#\/schema\/person\/72de5454d165c5239bc56a49873e43c9\"},\"breadcrumb\":{\"@id\":\"https:\/\/noticias.imer.mx\/antenaradio\/2014\/08\/08\/cierre-del-periodo-extraordinario-del-congreso-de-la-union-despues-de-la-aprobacion-del-ultimo-dictamen-de-las-leyes-secundarias-en-materia-energetica\/#breadcrumb\"},\"inLanguage\":\"es\",\"potentialAction\":[{\"@type\":\"ReadAction\",\"target\":[\"https:\/\/noticias.imer.mx\/antenaradio\/2014\/08\/08\/cierre-del-periodo-extraordinario-del-congreso-de-la-union-despues-de-la-aprobacion-del-ultimo-dictamen-de-las-leyes-secundarias-en-materia-energetica\/\"]}]},{\"@type\":\"BreadcrumbList\",\"@id\":\"https:\/\/noticias.imer.mx\/antenaradio\/2014\/08\/08\/cierre-del-periodo-extraordinario-del-congreso-de-la-union-despues-de-la-aprobacion-del-ultimo-dictamen-de-las-leyes-secundarias-en-materia-energetica\/#breadcrumb\",\"itemListElement\":[{\"@type\":\"ListItem\",\"position\":1,\"name\":\"Home\",\"item\":\"https:\/\/noticias.imer.mx\/antenaradio\/\"},{\"@type\":\"ListItem\",\"position\":2,\"name\":\"Cierre del periodo extraordinario del Congreso de la Uni\u00f3n despues de la aprobaci\u00f3n del ultimo dictamen de las leyes secundarias en materia energ\u00e9tica\"}]},{\"@type\":\"WebSite\",\"@id\":\"https:\/\/noticias.imer.mx\/antenaradio\/#website\",\"url\":\"https:\/\/noticias.imer.mx\/antenaradio\/\",\"name\":\"Antena Radio\",\"description\":\"La forma m\u00e1s clara de entender la noticia\",\"potentialAction\":[{\"@type\":\"SearchAction\",\"target\":{\"@type\":\"EntryPoint\",\"urlTemplate\":\"https:\/\/noticias.imer.mx\/antenaradio\/?s={search_term_string}\"},\"query-input\":\"required name=search_term_string\"}],\"inLanguage\":\"es\"},{\"@type\":\"Person\",\"@id\":\"https:\/\/noticias.imer.mx\/antenaradio\/#\/schema\/person\/72de5454d165c5239bc56a49873e43c9\",\"name\":\"IMER Noticias\",\"url\":\"https:\/\/noticias.imer.mx\/antenaradio\/author\/antenaradio\/\"}]}<\/script>\n<!-- \/ Yoast SEO plugin. -->","yoast_head_json":{"title":"Cierre del periodo extraordinario del Congreso de la Uni\u00f3n despues de la aprobaci\u00f3n del ultimo dictamen de las leyes secundarias en materia energ\u00e9tica - Antena Radio","robots":{"index":"index","follow":"follow","max-snippet":"max-snippet:-1","max-image-preview":"max-image-preview:large","max-video-preview":"max-video-preview:-1"},"canonical":"https:\/\/noticias.imer.mx\/antenaradio\/2014\/08\/08\/cierre-del-periodo-extraordinario-del-congreso-de-la-union-despues-de-la-aprobacion-del-ultimo-dictamen-de-las-leyes-secundarias-en-materia-energetica\/","og_locale":"es_ES","og_type":"article","og_title":"Cierre del periodo extraordinario del Congreso de la Uni\u00f3n despues de la aprobaci\u00f3n del ultimo dictamen de las leyes secundarias en materia energ\u00e9tica - Antena Radio","og_description":"Este viernes en entrevista para Antena Radio Primera Emisi\u00f3n con Carlos Urdiales, estuvo con nosotros Ana Lilia Herrera, senadora del PRI y vicepresidente de la Mesa Directiva, para comentarnos acerca del cierre del periodo extraordinario del congreso de la uni\u00f3n despues de la aprobaci\u00f3n del ultimo dictamen de las leyes secundarias en materia energ\u00e9tica. &nbsp;&hellip;","og_url":"https:\/\/noticias.imer.mx\/antenaradio\/2014\/08\/08\/cierre-del-periodo-extraordinario-del-congreso-de-la-union-despues-de-la-aprobacion-del-ultimo-dictamen-de-las-leyes-secundarias-en-materia-energetica\/","og_site_name":"Antena Radio","article_published_time":"2014-08-08T17:55:35+00:00","article_modified_time":"2014-08-08T17:57:14+00:00","og_image":[{"url":"http:\/\/snn.imer.gob.mx\/antenaradio\/files\/2014\/08\/senado-de-la-republica-150x150.jpg"}],"author":"IMER Noticias","twitter_card":"summary_large_image","twitter_misc":{"Escrito por":"IMER Noticias"},"schema":{"@context":"https:\/\/schema.org","@graph":[{"@type":"WebPage","@id":"https:\/\/noticias.imer.mx\/antenaradio\/2014\/08\/08\/cierre-del-periodo-extraordinario-del-congreso-de-la-union-despues-de-la-aprobacion-del-ultimo-dictamen-de-las-leyes-secundarias-en-materia-energetica\/","url":"https:\/\/noticias.imer.mx\/antenaradio\/2014\/08\/08\/cierre-del-periodo-extraordinario-del-congreso-de-la-union-despues-de-la-aprobacion-del-ultimo-dictamen-de-las-leyes-secundarias-en-materia-energetica\/","name":"Cierre del periodo extraordinario del Congreso de la Uni\u00f3n despues de la aprobaci\u00f3n del ultimo dictamen de las leyes secundarias en materia energ\u00e9tica - Antena Radio","isPartOf":{"@id":"https:\/\/noticias.imer.mx\/antenaradio\/#website"},"datePublished":"2014-08-08T17:55:35+00:00","dateModified":"2014-08-08T17:57:14+00:00","author":{"@id":"https:\/\/noticias.imer.mx\/antenaradio\/#\/schema\/person\/72de5454d165c5239bc56a49873e43c9"},"breadcrumb":{"@id":"https:\/\/noticias.imer.mx\/antenaradio\/2014\/08\/08\/cierre-del-periodo-extraordinario-del-congreso-de-la-union-despues-de-la-aprobacion-del-ultimo-dictamen-de-las-leyes-secundarias-en-materia-energetica\/#breadcrumb"},"inLanguage":"es","potentialAction":[{"@type":"ReadAction","target":["https:\/\/noticias.imer.mx\/antenaradio\/2014\/08\/08\/cierre-del-periodo-extraordinario-del-congreso-de-la-union-despues-de-la-aprobacion-del-ultimo-dictamen-de-las-leyes-secundarias-en-materia-energetica\/"]}]},{"@type":"BreadcrumbList","@id":"https:\/\/noticias.imer.mx\/antenaradio\/2014\/08\/08\/cierre-del-periodo-extraordinario-del-congreso-de-la-union-despues-de-la-aprobacion-del-ultimo-dictamen-de-las-leyes-secundarias-en-materia-energetica\/#breadcrumb","itemListElement":[{"@type":"ListItem","position":1,"name":"Home","item":"https:\/\/noticias.imer.mx\/antenaradio\/"},{"@type":"ListItem","position":2,"name":"Cierre del periodo extraordinario del Congreso de la Uni\u00f3n despues de la aprobaci\u00f3n del ultimo dictamen de las leyes secundarias en materia energ\u00e9tica"}]},{"@type":"WebSite","@id":"https:\/\/noticias.imer.mx\/antenaradio\/#website","url":"https:\/\/noticias.imer.mx\/antenaradio\/","name":"Antena Radio","description":"La forma m\u00e1s clara de entender la noticia","potentialAction":[{"@type":"SearchAction","target":{"@type":"EntryPoint","urlTemplate":"https:\/\/noticias.imer.mx\/antenaradio\/?s={search_term_string}"},"query-input":"required name=search_term_string"}],"inLanguage":"es"},{"@type":"Person","@id":"https:\/\/noticias.imer.mx\/antenaradio\/#\/schema\/person\/72de5454d165c5239bc56a49873e43c9","name":"IMER Noticias","url":"https:\/\/noticias.imer.mx\/antenaradio\/author\/antenaradio\/"}]}},"_links":{"self":[{"href":"https:\/\/noticias.imer.mx\/antenaradio\/wp-json\/wp\/v2\/posts\/31127"}],"collection":[{"href":"https:\/\/noticias.imer.mx\/antenaradio\/wp-json\/wp\/v2\/posts"}],"about":[{"href":"https:\/\/noticias.imer.mx\/antenaradio\/wp-json\/wp\/v2\/types\/post"}],"author":[{"embeddable":true,"href":"https:\/\/noticias.imer.mx\/antenaradio\/wp-json\/wp\/v2\/users\/8"}],"replies":[{"embeddable":true,"href":"https:\/\/noticias.imer.mx\/antenaradio\/wp-json\/wp\/v2\/comments?post=31127"}],"version-history":[{"count":3,"href":"https:\/\/noticias.imer.mx\/antenaradio\/wp-json\/wp\/v2\/posts\/31127\/revisions"}],"predecessor-version":[{"id":31132,"href":"https:\/\/noticias.imer.mx\/antenaradio\/wp-json\/wp\/v2\/posts\/31127\/revisions\/31132"}],"wp:attachment":[{"href":"https:\/\/noticias.imer.mx\/antenaradio\/wp-json\/wp\/v2\/media?parent=31127"}],"wp:term":[{"taxonomy":"category","embeddable":true,"href":"https:\/\/noticias.imer.mx\/antenaradio\/wp-json\/wp\/v2\/categories?post=31127"},{"taxonomy":"post_tag","embeddable":true,"href":"https:\/\/noticias.imer.mx\/antenaradio\/wp-json\/wp\/v2\/tags?post=31127"}],"curies":[{"name":"wp","href":"https:\/\/api.w.org\/{rel}","templated":true}]}}