{"id":28196,"date":"2013-07-08T16:39:12","date_gmt":"2013-07-08T16:39:12","guid":{"rendered":"http:\/\/snn.imer.gob.mx\/todosloslunes\/?p=2326"},"modified":"2013-07-08T16:39:12","modified_gmt":"2013-07-08T16:39:12","slug":"mesa-de-analisis-las-elecciones-del-7-de-julio","status":"publish","type":"post","link":"https:\/\/noticias.imer.mx\/antenaradio\/2013\/07\/08\/mesa-de-analisis-las-elecciones-del-7-de-julio\/","title":{"rendered":"Mesa de an\u00e1lisis: Las elecciones del 7 de julio"},"content":{"rendered":"<p><a href=\"http:\/\/snn.imer.gob.mx\/todosloslunes\/files\/2013\/07\/Elecciones_Michoacan.jpg\"><img decoding=\"async\" loading=\"lazy\" class=\"alignleft size-thumbnail wp-image-2327\" alt=\"Elecciones\" src=\"http:\/\/snn.imer.gob.mx\/todosloslunes\/files\/2013\/07\/Elecciones_Michoacan-150x150.jpg\" width=\"150\" height=\"150\" \/><\/a><\/p>\n<p>Lo invitamos a escuchar nuestra mesa de an\u00e1lisis sobre los resultados de la elecci\u00f3n de este domingo 7 de julio con el Maestro Jes\u00fas Silva Herzog M\u00e1rquez, analista pol\u00edtico y profesor del ITAM y el Doctor Nicol\u00e1s Loza, profesor investigador de la Facultad Latinoamericana de Ciencias Sociales (Flacso) e integrante del Sistema Nacional de Investigadores. Descargue audio aqu\u00ed: <a href=\"http:\/\/snn.imer.gob.mx\/todosloslunes\/files\/2013\/07\/08-JULIO-JESUS-SIVLA-H-Y-NICOLAS-LOZA.mp3\">Mesa de an\u00e1lisis<\/a><\/p>\n","protected":false},"excerpt":{"rendered":"<p>Lo invitamos a escuchar nuestra mesa de an\u00e1lisis sobre los resultados de la elecci\u00f3n de este domingo 7 de julio con el Maestro Jes\u00fas Silva Herzog M\u00e1rquez, analista pol\u00edtico y profesor del ITAM y el Doctor Nicol\u00e1s Loza, profesor investigador de la Facultad Latinoamericana de Ciencias Sociales (Flacso) e integrante del Sistema Nacional de Investigadores.&hellip;<\/p>\n","protected":false},"author":8,"featured_media":0,"comment_status":"open","ping_status":"open","sticky":false,"template":"","format":"standard","meta":{"wp_popup_display_lightbox":0,"wp_popup_suppress":"","wp_popup_trigger":"","wp_popup_trigger_amount":0,"wp_popup_disable_on_mobile":false},"categories":[9187],"tags":[1594,11151,3122],"yoast_head":"<!-- This site is optimized with the Yoast SEO plugin v21.0 - https:\/\/yoast.com\/wordpress\/plugins\/seo\/ -->\n<title>Mesa de an\u00e1lisis: Las elecciones del 7 de julio - Antena Radio<\/title>\n<meta name=\"robots\" content=\"index, follow, max-snippet:-1, max-image-preview:large, max-video-preview:-1\" \/>\n<link rel=\"canonical\" href=\"https:\/\/noticias.imer.mx\/antenaradio\/2013\/07\/08\/mesa-de-analisis-las-elecciones-del-7-de-julio\/\" \/>\n<meta property=\"og:locale\" content=\"es_ES\" \/>\n<meta property=\"og:type\" content=\"article\" \/>\n<meta property=\"og:title\" content=\"Mesa de an\u00e1lisis: Las elecciones del 7 de julio - Antena Radio\" \/>\n<meta property=\"og:description\" content=\"Lo invitamos a escuchar nuestra mesa de an\u00e1lisis sobre los resultados de la elecci\u00f3n de este domingo 7 de julio con el Maestro Jes\u00fas Silva Herzog M\u00e1rquez, analista pol\u00edtico y profesor del ITAM y el Doctor Nicol\u00e1s Loza, profesor investigador de la Facultad Latinoamericana de Ciencias Sociales (Flacso) e integrante del Sistema Nacional de Investigadores.&hellip;\" \/>\n<meta property=\"og:url\" content=\"https:\/\/noticias.imer.mx\/antenaradio\/2013\/07\/08\/mesa-de-analisis-las-elecciones-del-7-de-julio\/\" \/>\n<meta property=\"og:site_name\" content=\"Antena Radio\" \/>\n<meta property=\"article:published_time\" content=\"2013-07-08T16:39:12+00:00\" \/>\n<meta property=\"og:image\" content=\"http:\/\/snn.imer.gob.mx\/todosloslunes\/files\/2013\/07\/Elecciones_Michoacan-150x150.jpg\" \/>\n<meta name=\"author\" content=\"IMER Noticias\" \/>\n<meta name=\"twitter:card\" content=\"summary_large_image\" \/>\n<meta name=\"twitter:label1\" content=\"Escrito por\" \/>\n\t<meta name=\"twitter:data1\" content=\"IMER Noticias\" \/>\n<script type=\"application\/ld+json\" class=\"yoast-schema-graph\">{\"@context\":\"https:\/\/schema.org\",\"@graph\":[{\"@type\":\"WebPage\",\"@id\":\"https:\/\/noticias.imer.mx\/antenaradio\/2013\/07\/08\/mesa-de-analisis-las-elecciones-del-7-de-julio\/\",\"url\":\"https:\/\/noticias.imer.mx\/antenaradio\/2013\/07\/08\/mesa-de-analisis-las-elecciones-del-7-de-julio\/\",\"name\":\"Mesa de an\u00e1lisis: Las elecciones del 7 de julio - Antena Radio\",\"isPartOf\":{\"@id\":\"https:\/\/noticias.imer.mx\/antenaradio\/#website\"},\"datePublished\":\"2013-07-08T16:39:12+00:00\",\"dateModified\":\"2013-07-08T16:39:12+00:00\",\"author\":{\"@id\":\"https:\/\/noticias.imer.mx\/antenaradio\/#\/schema\/person\/72de5454d165c5239bc56a49873e43c9\"},\"breadcrumb\":{\"@id\":\"https:\/\/noticias.imer.mx\/antenaradio\/2013\/07\/08\/mesa-de-analisis-las-elecciones-del-7-de-julio\/#breadcrumb\"},\"inLanguage\":\"es\",\"potentialAction\":[{\"@type\":\"ReadAction\",\"target\":[\"https:\/\/noticias.imer.mx\/antenaradio\/2013\/07\/08\/mesa-de-analisis-las-elecciones-del-7-de-julio\/\"]}]},{\"@type\":\"BreadcrumbList\",\"@id\":\"https:\/\/noticias.imer.mx\/antenaradio\/2013\/07\/08\/mesa-de-analisis-las-elecciones-del-7-de-julio\/#breadcrumb\",\"itemListElement\":[{\"@type\":\"ListItem\",\"position\":1,\"name\":\"Home\",\"item\":\"https:\/\/noticias.imer.mx\/antenaradio\/\"},{\"@type\":\"ListItem\",\"position\":2,\"name\":\"Mesa de an\u00e1lisis: Las elecciones del 7 de julio\"}]},{\"@type\":\"WebSite\",\"@id\":\"https:\/\/noticias.imer.mx\/antenaradio\/#website\",\"url\":\"https:\/\/noticias.imer.mx\/antenaradio\/\",\"name\":\"Antena Radio\",\"description\":\"La forma m\u00e1s clara de entender la noticia\",\"potentialAction\":[{\"@type\":\"SearchAction\",\"target\":{\"@type\":\"EntryPoint\",\"urlTemplate\":\"https:\/\/noticias.imer.mx\/antenaradio\/?s={search_term_string}\"},\"query-input\":\"required name=search_term_string\"}],\"inLanguage\":\"es\"},{\"@type\":\"Person\",\"@id\":\"https:\/\/noticias.imer.mx\/antenaradio\/#\/schema\/person\/72de5454d165c5239bc56a49873e43c9\",\"name\":\"IMER Noticias\",\"url\":\"https:\/\/noticias.imer.mx\/antenaradio\/author\/antenaradio\/\"}]}<\/script>\n<!-- \/ Yoast SEO plugin. -->","yoast_head_json":{"title":"Mesa de an\u00e1lisis: Las elecciones del 7 de julio - Antena Radio","robots":{"index":"index","follow":"follow","max-snippet":"max-snippet:-1","max-image-preview":"max-image-preview:large","max-video-preview":"max-video-preview:-1"},"canonical":"https:\/\/noticias.imer.mx\/antenaradio\/2013\/07\/08\/mesa-de-analisis-las-elecciones-del-7-de-julio\/","og_locale":"es_ES","og_type":"article","og_title":"Mesa de an\u00e1lisis: Las elecciones del 7 de julio - Antena Radio","og_description":"Lo invitamos a escuchar nuestra mesa de an\u00e1lisis sobre los resultados de la elecci\u00f3n de este domingo 7 de julio con el Maestro Jes\u00fas Silva Herzog M\u00e1rquez, analista pol\u00edtico y profesor del ITAM y el Doctor Nicol\u00e1s Loza, profesor investigador de la Facultad Latinoamericana de Ciencias Sociales (Flacso) e integrante del Sistema Nacional de Investigadores.&hellip;","og_url":"https:\/\/noticias.imer.mx\/antenaradio\/2013\/07\/08\/mesa-de-analisis-las-elecciones-del-7-de-julio\/","og_site_name":"Antena Radio","article_published_time":"2013-07-08T16:39:12+00:00","og_image":[{"url":"http:\/\/snn.imer.gob.mx\/todosloslunes\/files\/2013\/07\/Elecciones_Michoacan-150x150.jpg"}],"author":"IMER Noticias","twitter_card":"summary_large_image","twitter_misc":{"Escrito por":"IMER Noticias"},"schema":{"@context":"https:\/\/schema.org","@graph":[{"@type":"WebPage","@id":"https:\/\/noticias.imer.mx\/antenaradio\/2013\/07\/08\/mesa-de-analisis-las-elecciones-del-7-de-julio\/","url":"https:\/\/noticias.imer.mx\/antenaradio\/2013\/07\/08\/mesa-de-analisis-las-elecciones-del-7-de-julio\/","name":"Mesa de an\u00e1lisis: Las elecciones del 7 de julio - Antena Radio","isPartOf":{"@id":"https:\/\/noticias.imer.mx\/antenaradio\/#website"},"datePublished":"2013-07-08T16:39:12+00:00","dateModified":"2013-07-08T16:39:12+00:00","author":{"@id":"https:\/\/noticias.imer.mx\/antenaradio\/#\/schema\/person\/72de5454d165c5239bc56a49873e43c9"},"breadcrumb":{"@id":"https:\/\/noticias.imer.mx\/antenaradio\/2013\/07\/08\/mesa-de-analisis-las-elecciones-del-7-de-julio\/#breadcrumb"},"inLanguage":"es","potentialAction":[{"@type":"ReadAction","target":["https:\/\/noticias.imer.mx\/antenaradio\/2013\/07\/08\/mesa-de-analisis-las-elecciones-del-7-de-julio\/"]}]},{"@type":"BreadcrumbList","@id":"https:\/\/noticias.imer.mx\/antenaradio\/2013\/07\/08\/mesa-de-analisis-las-elecciones-del-7-de-julio\/#breadcrumb","itemListElement":[{"@type":"ListItem","position":1,"name":"Home","item":"https:\/\/noticias.imer.mx\/antenaradio\/"},{"@type":"ListItem","position":2,"name":"Mesa de an\u00e1lisis: Las elecciones del 7 de julio"}]},{"@type":"WebSite","@id":"https:\/\/noticias.imer.mx\/antenaradio\/#website","url":"https:\/\/noticias.imer.mx\/antenaradio\/","name":"Antena Radio","description":"La forma m\u00e1s clara de entender la noticia","potentialAction":[{"@type":"SearchAction","target":{"@type":"EntryPoint","urlTemplate":"https:\/\/noticias.imer.mx\/antenaradio\/?s={search_term_string}"},"query-input":"required name=search_term_string"}],"inLanguage":"es"},{"@type":"Person","@id":"https:\/\/noticias.imer.mx\/antenaradio\/#\/schema\/person\/72de5454d165c5239bc56a49873e43c9","name":"IMER Noticias","url":"https:\/\/noticias.imer.mx\/antenaradio\/author\/antenaradio\/"}]}},"_links":{"self":[{"href":"https:\/\/noticias.imer.mx\/antenaradio\/wp-json\/wp\/v2\/posts\/28196"}],"collection":[{"href":"https:\/\/noticias.imer.mx\/antenaradio\/wp-json\/wp\/v2\/posts"}],"about":[{"href":"https:\/\/noticias.imer.mx\/antenaradio\/wp-json\/wp\/v2\/types\/post"}],"author":[{"embeddable":true,"href":"https:\/\/noticias.imer.mx\/antenaradio\/wp-json\/wp\/v2\/users\/8"}],"replies":[{"embeddable":true,"href":"https:\/\/noticias.imer.mx\/antenaradio\/wp-json\/wp\/v2\/comments?post=28196"}],"version-history":[{"count":0,"href":"https:\/\/noticias.imer.mx\/antenaradio\/wp-json\/wp\/v2\/posts\/28196\/revisions"}],"wp:attachment":[{"href":"https:\/\/noticias.imer.mx\/antenaradio\/wp-json\/wp\/v2\/media?parent=28196"}],"wp:term":[{"taxonomy":"category","embeddable":true,"href":"https:\/\/noticias.imer.mx\/antenaradio\/wp-json\/wp\/v2\/categories?post=28196"},{"taxonomy":"post_tag","embeddable":true,"href":"https:\/\/noticias.imer.mx\/antenaradio\/wp-json\/wp\/v2\/tags?post=28196"}],"curies":[{"name":"wp","href":"https:\/\/api.w.org\/{rel}","templated":true}]}}