{"id":28168,"date":"2013-03-25T11:14:00","date_gmt":"2013-03-25T11:14:00","guid":{"rendered":"http:\/\/www.blogs.imer.gob.mx\/todosloslunes\/?p=2025"},"modified":"2013-03-25T11:14:00","modified_gmt":"2013-03-25T11:14:00","slug":"todos-los-lunes-25-de-marzo","status":"publish","type":"post","link":"https:\/\/noticias.imer.mx\/antenaradio\/2013\/03\/25\/todos-los-lunes-25-de-marzo\/","title":{"rendered":"Todos los Lunes 25 de Marzo"},"content":{"rendered":"<p><a href=\"http:\/\/snn.imer.gob.mx\/todosloslunes\/files\/2013\/03\/Canc\u00fan-01.jpg\"><img decoding=\"async\" loading=\"lazy\" class=\"alignnone size-thumbnail wp-image-2027\" alt=\"Canc\u00fan 01\" src=\"http:\/\/snn.imer.gob.mx\/todosloslunes\/files\/2013\/03\/Canc\u00fan-01-150x150.jpg\" width=\"150\" height=\"150\" \/><\/a><\/p>\n<p>Acerca del tratamiento que dan los medios en los casos en los que se ven involucrados menores de edad como el de la ni\u00f1a de once a\u00f1os detenida en Canc\u00fan, Quintana Roo, por transportar droga, platicamos con la doctora <strong>Nashieli Ram\u00edrez<\/strong>, directora de Ririki Intervenci\u00f3n Social y promotora de la Alianza por la Infancia y la Adolescencia.<\/p>\n<p><a href=\"http:\/\/snn.imer.gob.mx\/todosloslunes\/files\/2013\/03\/25-MARZO-NASHIELY-RAM\u00cdREZ.mp3\">Descargue aqu\u00ed el audio de Nashieli Ram\u00edrez<\/a><\/p>\n<p>&nbsp;<\/p>\n<p><a href=\"http:\/\/snn.imer.gob.mx\/todosloslunes\/files\/2013\/03\/Ford-Berlusconi-01.jpg\"><img decoding=\"async\" loading=\"lazy\" class=\"alignnone size-thumbnail wp-image-2029\" alt=\"Ford Berlusconi 01\" src=\"http:\/\/snn.imer.gob.mx\/todosloslunes\/files\/2013\/03\/Ford-Berlusconi-01-150x150.jpg\" width=\"150\" height=\"150\" \/><\/a><\/p>\n<p><strong>Ricardo Far\u00edas<\/strong>, analista de comunicaci\u00f3n y nuevas tecnolog\u00edas, acad\u00e9mico de la Universidad Iberoamericana, hablo con nosotros acerca de los medios y el entretenimiento.<\/p>\n<p><a href=\"http:\/\/snn.imer.gob.mx\/todosloslunes\/files\/2013\/03\/25-MARZO-RICARDO-FARIAS.mp3\">Descargue aqu\u00ed el audio de Ricardo Far\u00edas<\/a><\/p>\n","protected":false},"excerpt":{"rendered":"<p>Acerca del tratamiento que dan los medios en los casos en los que se ven involucrados menores de edad como el de la ni\u00f1a de once a\u00f1os detenida en Canc\u00fan, Quintana Roo, por transportar droga, platicamos con la doctora Nashieli Ram\u00edrez, directora de Ririki Intervenci\u00f3n Social y promotora de la Alianza por la Infancia y&hellip;<\/p>\n","protected":false},"author":8,"featured_media":0,"comment_status":"open","ping_status":"open","sticky":false,"template":"","format":"standard","meta":{"wp_popup_display_lightbox":0,"wp_popup_suppress":"","wp_popup_trigger":"","wp_popup_trigger_amount":0,"wp_popup_disable_on_mobile":false},"categories":[9187],"tags":[9514,3288,9515,3956],"yoast_head":"<!-- This site is optimized with the Yoast SEO plugin v21.0 - https:\/\/yoast.com\/wordpress\/plugins\/seo\/ -->\n<title>Todos los Lunes 25 de Marzo  - Antena Radio<\/title>\n<meta name=\"robots\" content=\"index, follow, max-snippet:-1, max-image-preview:large, max-video-preview:-1\" \/>\n<link rel=\"canonical\" href=\"https:\/\/noticias.imer.mx\/antenaradio\/2013\/03\/25\/todos-los-lunes-25-de-marzo\/\" \/>\n<meta property=\"og:locale\" content=\"es_ES\" \/>\n<meta property=\"og:type\" content=\"article\" \/>\n<meta property=\"og:title\" content=\"Todos los Lunes 25 de Marzo  - Antena Radio\" \/>\n<meta property=\"og:description\" content=\"Acerca del tratamiento que dan los medios en los casos en los que se ven involucrados menores de edad como el de la ni\u00f1a de once a\u00f1os detenida en Canc\u00fan, Quintana Roo, por transportar droga, platicamos con la doctora Nashieli Ram\u00edrez, directora de Ririki Intervenci\u00f3n Social y promotora de la Alianza por la Infancia y&hellip;\" \/>\n<meta property=\"og:url\" content=\"https:\/\/noticias.imer.mx\/antenaradio\/2013\/03\/25\/todos-los-lunes-25-de-marzo\/\" \/>\n<meta property=\"og:site_name\" content=\"Antena Radio\" \/>\n<meta property=\"article:published_time\" content=\"2013-03-25T11:14:00+00:00\" \/>\n<meta property=\"og:image\" content=\"http:\/\/snn.imer.gob.mx\/todosloslunes\/files\/2013\/03\/Ford-Berlusconi-01-150x150.jpg\" \/>\n<meta name=\"author\" content=\"IMER Noticias\" \/>\n<meta name=\"twitter:card\" content=\"summary_large_image\" \/>\n<meta name=\"twitter:label1\" content=\"Escrito por\" \/>\n\t<meta name=\"twitter:data1\" content=\"IMER Noticias\" \/>\n\t<meta name=\"twitter:label2\" content=\"Tiempo de lectura\" \/>\n\t<meta name=\"twitter:data2\" content=\"1 minuto\" \/>\n<script type=\"application\/ld+json\" class=\"yoast-schema-graph\">{\"@context\":\"https:\/\/schema.org\",\"@graph\":[{\"@type\":\"WebPage\",\"@id\":\"https:\/\/noticias.imer.mx\/antenaradio\/2013\/03\/25\/todos-los-lunes-25-de-marzo\/\",\"url\":\"https:\/\/noticias.imer.mx\/antenaradio\/2013\/03\/25\/todos-los-lunes-25-de-marzo\/\",\"name\":\"Todos los Lunes 25 de Marzo - Antena Radio\",\"isPartOf\":{\"@id\":\"https:\/\/noticias.imer.mx\/antenaradio\/#website\"},\"datePublished\":\"2013-03-25T11:14:00+00:00\",\"dateModified\":\"2013-03-25T11:14:00+00:00\",\"author\":{\"@id\":\"https:\/\/noticias.imer.mx\/antenaradio\/#\/schema\/person\/72de5454d165c5239bc56a49873e43c9\"},\"breadcrumb\":{\"@id\":\"https:\/\/noticias.imer.mx\/antenaradio\/2013\/03\/25\/todos-los-lunes-25-de-marzo\/#breadcrumb\"},\"inLanguage\":\"es\",\"potentialAction\":[{\"@type\":\"ReadAction\",\"target\":[\"https:\/\/noticias.imer.mx\/antenaradio\/2013\/03\/25\/todos-los-lunes-25-de-marzo\/\"]}]},{\"@type\":\"BreadcrumbList\",\"@id\":\"https:\/\/noticias.imer.mx\/antenaradio\/2013\/03\/25\/todos-los-lunes-25-de-marzo\/#breadcrumb\",\"itemListElement\":[{\"@type\":\"ListItem\",\"position\":1,\"name\":\"Home\",\"item\":\"https:\/\/noticias.imer.mx\/antenaradio\/\"},{\"@type\":\"ListItem\",\"position\":2,\"name\":\"Todos los Lunes 25 de Marzo\"}]},{\"@type\":\"WebSite\",\"@id\":\"https:\/\/noticias.imer.mx\/antenaradio\/#website\",\"url\":\"https:\/\/noticias.imer.mx\/antenaradio\/\",\"name\":\"Antena Radio\",\"description\":\"La forma m\u00e1s clara de entender la noticia\",\"potentialAction\":[{\"@type\":\"SearchAction\",\"target\":{\"@type\":\"EntryPoint\",\"urlTemplate\":\"https:\/\/noticias.imer.mx\/antenaradio\/?s={search_term_string}\"},\"query-input\":\"required name=search_term_string\"}],\"inLanguage\":\"es\"},{\"@type\":\"Person\",\"@id\":\"https:\/\/noticias.imer.mx\/antenaradio\/#\/schema\/person\/72de5454d165c5239bc56a49873e43c9\",\"name\":\"IMER Noticias\",\"url\":\"https:\/\/noticias.imer.mx\/antenaradio\/author\/antenaradio\/\"}]}<\/script>\n<!-- \/ Yoast SEO plugin. -->","yoast_head_json":{"title":"Todos los Lunes 25 de Marzo  - Antena Radio","robots":{"index":"index","follow":"follow","max-snippet":"max-snippet:-1","max-image-preview":"max-image-preview:large","max-video-preview":"max-video-preview:-1"},"canonical":"https:\/\/noticias.imer.mx\/antenaradio\/2013\/03\/25\/todos-los-lunes-25-de-marzo\/","og_locale":"es_ES","og_type":"article","og_title":"Todos los Lunes 25 de Marzo  - Antena Radio","og_description":"Acerca del tratamiento que dan los medios en los casos en los que se ven involucrados menores de edad como el de la ni\u00f1a de once a\u00f1os detenida en Canc\u00fan, Quintana Roo, por transportar droga, platicamos con la doctora Nashieli Ram\u00edrez, directora de Ririki Intervenci\u00f3n Social y promotora de la Alianza por la Infancia y&hellip;","og_url":"https:\/\/noticias.imer.mx\/antenaradio\/2013\/03\/25\/todos-los-lunes-25-de-marzo\/","og_site_name":"Antena Radio","article_published_time":"2013-03-25T11:14:00+00:00","og_image":[{"url":"http:\/\/snn.imer.gob.mx\/todosloslunes\/files\/2013\/03\/Ford-Berlusconi-01-150x150.jpg"}],"author":"IMER Noticias","twitter_card":"summary_large_image","twitter_misc":{"Escrito por":"IMER Noticias","Tiempo de lectura":"1 minuto"},"schema":{"@context":"https:\/\/schema.org","@graph":[{"@type":"WebPage","@id":"https:\/\/noticias.imer.mx\/antenaradio\/2013\/03\/25\/todos-los-lunes-25-de-marzo\/","url":"https:\/\/noticias.imer.mx\/antenaradio\/2013\/03\/25\/todos-los-lunes-25-de-marzo\/","name":"Todos los Lunes 25 de Marzo - Antena Radio","isPartOf":{"@id":"https:\/\/noticias.imer.mx\/antenaradio\/#website"},"datePublished":"2013-03-25T11:14:00+00:00","dateModified":"2013-03-25T11:14:00+00:00","author":{"@id":"https:\/\/noticias.imer.mx\/antenaradio\/#\/schema\/person\/72de5454d165c5239bc56a49873e43c9"},"breadcrumb":{"@id":"https:\/\/noticias.imer.mx\/antenaradio\/2013\/03\/25\/todos-los-lunes-25-de-marzo\/#breadcrumb"},"inLanguage":"es","potentialAction":[{"@type":"ReadAction","target":["https:\/\/noticias.imer.mx\/antenaradio\/2013\/03\/25\/todos-los-lunes-25-de-marzo\/"]}]},{"@type":"BreadcrumbList","@id":"https:\/\/noticias.imer.mx\/antenaradio\/2013\/03\/25\/todos-los-lunes-25-de-marzo\/#breadcrumb","itemListElement":[{"@type":"ListItem","position":1,"name":"Home","item":"https:\/\/noticias.imer.mx\/antenaradio\/"},{"@type":"ListItem","position":2,"name":"Todos los Lunes 25 de Marzo"}]},{"@type":"WebSite","@id":"https:\/\/noticias.imer.mx\/antenaradio\/#website","url":"https:\/\/noticias.imer.mx\/antenaradio\/","name":"Antena Radio","description":"La forma m\u00e1s clara de entender la noticia","potentialAction":[{"@type":"SearchAction","target":{"@type":"EntryPoint","urlTemplate":"https:\/\/noticias.imer.mx\/antenaradio\/?s={search_term_string}"},"query-input":"required name=search_term_string"}],"inLanguage":"es"},{"@type":"Person","@id":"https:\/\/noticias.imer.mx\/antenaradio\/#\/schema\/person\/72de5454d165c5239bc56a49873e43c9","name":"IMER Noticias","url":"https:\/\/noticias.imer.mx\/antenaradio\/author\/antenaradio\/"}]}},"_links":{"self":[{"href":"https:\/\/noticias.imer.mx\/antenaradio\/wp-json\/wp\/v2\/posts\/28168"}],"collection":[{"href":"https:\/\/noticias.imer.mx\/antenaradio\/wp-json\/wp\/v2\/posts"}],"about":[{"href":"https:\/\/noticias.imer.mx\/antenaradio\/wp-json\/wp\/v2\/types\/post"}],"author":[{"embeddable":true,"href":"https:\/\/noticias.imer.mx\/antenaradio\/wp-json\/wp\/v2\/users\/8"}],"replies":[{"embeddable":true,"href":"https:\/\/noticias.imer.mx\/antenaradio\/wp-json\/wp\/v2\/comments?post=28168"}],"version-history":[{"count":0,"href":"https:\/\/noticias.imer.mx\/antenaradio\/wp-json\/wp\/v2\/posts\/28168\/revisions"}],"wp:attachment":[{"href":"https:\/\/noticias.imer.mx\/antenaradio\/wp-json\/wp\/v2\/media?parent=28168"}],"wp:term":[{"taxonomy":"category","embeddable":true,"href":"https:\/\/noticias.imer.mx\/antenaradio\/wp-json\/wp\/v2\/categories?post=28168"},{"taxonomy":"post_tag","embeddable":true,"href":"https:\/\/noticias.imer.mx\/antenaradio\/wp-json\/wp\/v2\/tags?post=28168"}],"curies":[{"name":"wp","href":"https:\/\/api.w.org\/{rel}","templated":true}]}}