{"id":2816,"date":"2009-12-09T12:46:10","date_gmt":"2009-12-09T17:46:10","guid":{"rendered":"http:\/\/www.blogs.imer.com.mx\/antenaradio\/?p=2816"},"modified":"2009-12-09T12:46:10","modified_gmt":"2009-12-09T17:46:10","slug":"entrevista-a-arturo-huerta","status":"publish","type":"post","link":"https:\/\/noticias.imer.mx\/antenaradio\/2009\/12\/09\/entrevista-a-arturo-huerta\/","title":{"rendered":"Entrevista a Arturo Huerta"},"content":{"rendered":"<p><a href=\"http:\/\/www.blogs.imer.com.mx\/antenaradio\/files\/2009\/12\/arturo-huerta.jpg\"><img decoding=\"async\" loading=\"lazy\" class=\"alignright size-thumbnail wp-image-2818\" src=\"http:\/\/www.blogs.imer.com.mx\/antenaradio\/files\/2009\/12\/arturo-huerta-150x150.jpg\" alt=\"\" width=\"150\" height=\"150\" \/><\/a>Mario Campos platic\u00f3 con el doctor <strong>Arturo Huerta,<\/strong> acad\u00e9mico de la Facultad de Econom\u00eda de la UNAM, sobre el impacto de la crisis en Estados Unidos, en esta temporada navide\u00f1a.<\/p>\n<p><a href=\"http:\/\/www.blogs.imer.com.mx\/antenaradio\/files\/2009\/12\/arturo-huerta.mp3\">arturo-huerta<\/a><\/p>\n","protected":false},"excerpt":{"rendered":"<p>Mario Campos platic\u00f3 con el doctor Arturo Huerta, acad\u00e9mico de la Facultad de Econom\u00eda de la UNAM, sobre el impacto de la crisis en Estados Unidos, en esta temporada navide\u00f1a. arturo-huerta<\/p>\n","protected":false},"author":8,"featured_media":0,"comment_status":"open","ping_status":"open","sticky":false,"template":"","format":"standard","meta":{"wp_popup_display_lightbox":0,"wp_popup_suppress":"","wp_popup_trigger":"","wp_popup_trigger_amount":0,"wp_popup_disable_on_mobile":false},"categories":[5],"tags":[440,1027,1505,1508,1732,11150,3294,4532],"yoast_head":"<!-- This site is optimized with the Yoast SEO plugin v21.0 - https:\/\/yoast.com\/wordpress\/plugins\/seo\/ -->\n<title>Entrevista a Arturo Huerta - Antena Radio<\/title>\n<meta name=\"robots\" content=\"index, follow, max-snippet:-1, max-image-preview:large, max-video-preview:-1\" \/>\n<link rel=\"canonical\" href=\"https:\/\/noticias.imer.mx\/antenaradio\/2009\/12\/09\/entrevista-a-arturo-huerta\/\" \/>\n<meta property=\"og:locale\" content=\"es_ES\" \/>\n<meta property=\"og:type\" content=\"article\" \/>\n<meta property=\"og:title\" content=\"Entrevista a Arturo Huerta - Antena Radio\" \/>\n<meta property=\"og:description\" content=\"Mario Campos platic\u00f3 con el doctor Arturo Huerta, acad\u00e9mico de la Facultad de Econom\u00eda de la UNAM, sobre el impacto de la crisis en Estados Unidos, en esta temporada navide\u00f1a. arturo-huerta\" \/>\n<meta property=\"og:url\" content=\"https:\/\/noticias.imer.mx\/antenaradio\/2009\/12\/09\/entrevista-a-arturo-huerta\/\" \/>\n<meta property=\"og:site_name\" content=\"Antena Radio\" \/>\n<meta property=\"article:published_time\" content=\"2009-12-09T17:46:10+00:00\" \/>\n<meta property=\"og:image\" content=\"http:\/\/www.blogs.imer.com.mx\/antenaradio\/files\/2009\/12\/arturo-huerta-150x150.jpg\" \/>\n<meta name=\"author\" content=\"IMER Noticias\" \/>\n<meta name=\"twitter:card\" content=\"summary_large_image\" \/>\n<meta name=\"twitter:label1\" content=\"Escrito por\" \/>\n\t<meta name=\"twitter:data1\" content=\"IMER Noticias\" \/>\n<script type=\"application\/ld+json\" class=\"yoast-schema-graph\">{\"@context\":\"https:\/\/schema.org\",\"@graph\":[{\"@type\":\"WebPage\",\"@id\":\"https:\/\/noticias.imer.mx\/antenaradio\/2009\/12\/09\/entrevista-a-arturo-huerta\/\",\"url\":\"https:\/\/noticias.imer.mx\/antenaradio\/2009\/12\/09\/entrevista-a-arturo-huerta\/\",\"name\":\"Entrevista a Arturo Huerta - Antena Radio\",\"isPartOf\":{\"@id\":\"https:\/\/noticias.imer.mx\/antenaradio\/#website\"},\"datePublished\":\"2009-12-09T17:46:10+00:00\",\"dateModified\":\"2009-12-09T17:46:10+00:00\",\"author\":{\"@id\":\"https:\/\/noticias.imer.mx\/antenaradio\/#\/schema\/person\/72de5454d165c5239bc56a49873e43c9\"},\"breadcrumb\":{\"@id\":\"https:\/\/noticias.imer.mx\/antenaradio\/2009\/12\/09\/entrevista-a-arturo-huerta\/#breadcrumb\"},\"inLanguage\":\"es\",\"potentialAction\":[{\"@type\":\"ReadAction\",\"target\":[\"https:\/\/noticias.imer.mx\/antenaradio\/2009\/12\/09\/entrevista-a-arturo-huerta\/\"]}]},{\"@type\":\"BreadcrumbList\",\"@id\":\"https:\/\/noticias.imer.mx\/antenaradio\/2009\/12\/09\/entrevista-a-arturo-huerta\/#breadcrumb\",\"itemListElement\":[{\"@type\":\"ListItem\",\"position\":1,\"name\":\"Home\",\"item\":\"https:\/\/noticias.imer.mx\/antenaradio\/\"},{\"@type\":\"ListItem\",\"position\":2,\"name\":\"Entrevista a Arturo Huerta\"}]},{\"@type\":\"WebSite\",\"@id\":\"https:\/\/noticias.imer.mx\/antenaradio\/#website\",\"url\":\"https:\/\/noticias.imer.mx\/antenaradio\/\",\"name\":\"Antena Radio\",\"description\":\"La forma m\u00e1s clara de entender la noticia\",\"potentialAction\":[{\"@type\":\"SearchAction\",\"target\":{\"@type\":\"EntryPoint\",\"urlTemplate\":\"https:\/\/noticias.imer.mx\/antenaradio\/?s={search_term_string}\"},\"query-input\":\"required name=search_term_string\"}],\"inLanguage\":\"es\"},{\"@type\":\"Person\",\"@id\":\"https:\/\/noticias.imer.mx\/antenaradio\/#\/schema\/person\/72de5454d165c5239bc56a49873e43c9\",\"name\":\"IMER Noticias\",\"url\":\"https:\/\/noticias.imer.mx\/antenaradio\/author\/antenaradio\/\"}]}<\/script>\n<!-- \/ Yoast SEO plugin. -->","yoast_head_json":{"title":"Entrevista a Arturo Huerta - Antena Radio","robots":{"index":"index","follow":"follow","max-snippet":"max-snippet:-1","max-image-preview":"max-image-preview:large","max-video-preview":"max-video-preview:-1"},"canonical":"https:\/\/noticias.imer.mx\/antenaradio\/2009\/12\/09\/entrevista-a-arturo-huerta\/","og_locale":"es_ES","og_type":"article","og_title":"Entrevista a Arturo Huerta - Antena Radio","og_description":"Mario Campos platic\u00f3 con el doctor Arturo Huerta, acad\u00e9mico de la Facultad de Econom\u00eda de la UNAM, sobre el impacto de la crisis en Estados Unidos, en esta temporada navide\u00f1a. arturo-huerta","og_url":"https:\/\/noticias.imer.mx\/antenaradio\/2009\/12\/09\/entrevista-a-arturo-huerta\/","og_site_name":"Antena Radio","article_published_time":"2009-12-09T17:46:10+00:00","og_image":[{"url":"http:\/\/www.blogs.imer.com.mx\/antenaradio\/files\/2009\/12\/arturo-huerta-150x150.jpg"}],"author":"IMER Noticias","twitter_card":"summary_large_image","twitter_misc":{"Escrito por":"IMER Noticias"},"schema":{"@context":"https:\/\/schema.org","@graph":[{"@type":"WebPage","@id":"https:\/\/noticias.imer.mx\/antenaradio\/2009\/12\/09\/entrevista-a-arturo-huerta\/","url":"https:\/\/noticias.imer.mx\/antenaradio\/2009\/12\/09\/entrevista-a-arturo-huerta\/","name":"Entrevista a Arturo Huerta - Antena Radio","isPartOf":{"@id":"https:\/\/noticias.imer.mx\/antenaradio\/#website"},"datePublished":"2009-12-09T17:46:10+00:00","dateModified":"2009-12-09T17:46:10+00:00","author":{"@id":"https:\/\/noticias.imer.mx\/antenaradio\/#\/schema\/person\/72de5454d165c5239bc56a49873e43c9"},"breadcrumb":{"@id":"https:\/\/noticias.imer.mx\/antenaradio\/2009\/12\/09\/entrevista-a-arturo-huerta\/#breadcrumb"},"inLanguage":"es","potentialAction":[{"@type":"ReadAction","target":["https:\/\/noticias.imer.mx\/antenaradio\/2009\/12\/09\/entrevista-a-arturo-huerta\/"]}]},{"@type":"BreadcrumbList","@id":"https:\/\/noticias.imer.mx\/antenaradio\/2009\/12\/09\/entrevista-a-arturo-huerta\/#breadcrumb","itemListElement":[{"@type":"ListItem","position":1,"name":"Home","item":"https:\/\/noticias.imer.mx\/antenaradio\/"},{"@type":"ListItem","position":2,"name":"Entrevista a Arturo Huerta"}]},{"@type":"WebSite","@id":"https:\/\/noticias.imer.mx\/antenaradio\/#website","url":"https:\/\/noticias.imer.mx\/antenaradio\/","name":"Antena Radio","description":"La forma m\u00e1s clara de entender la noticia","potentialAction":[{"@type":"SearchAction","target":{"@type":"EntryPoint","urlTemplate":"https:\/\/noticias.imer.mx\/antenaradio\/?s={search_term_string}"},"query-input":"required name=search_term_string"}],"inLanguage":"es"},{"@type":"Person","@id":"https:\/\/noticias.imer.mx\/antenaradio\/#\/schema\/person\/72de5454d165c5239bc56a49873e43c9","name":"IMER Noticias","url":"https:\/\/noticias.imer.mx\/antenaradio\/author\/antenaradio\/"}]}},"_links":{"self":[{"href":"https:\/\/noticias.imer.mx\/antenaradio\/wp-json\/wp\/v2\/posts\/2816"}],"collection":[{"href":"https:\/\/noticias.imer.mx\/antenaradio\/wp-json\/wp\/v2\/posts"}],"about":[{"href":"https:\/\/noticias.imer.mx\/antenaradio\/wp-json\/wp\/v2\/types\/post"}],"author":[{"embeddable":true,"href":"https:\/\/noticias.imer.mx\/antenaradio\/wp-json\/wp\/v2\/users\/8"}],"replies":[{"embeddable":true,"href":"https:\/\/noticias.imer.mx\/antenaradio\/wp-json\/wp\/v2\/comments?post=2816"}],"version-history":[{"count":1,"href":"https:\/\/noticias.imer.mx\/antenaradio\/wp-json\/wp\/v2\/posts\/2816\/revisions"}],"predecessor-version":[{"id":2819,"href":"https:\/\/noticias.imer.mx\/antenaradio\/wp-json\/wp\/v2\/posts\/2816\/revisions\/2819"}],"wp:attachment":[{"href":"https:\/\/noticias.imer.mx\/antenaradio\/wp-json\/wp\/v2\/media?parent=2816"}],"wp:term":[{"taxonomy":"category","embeddable":true,"href":"https:\/\/noticias.imer.mx\/antenaradio\/wp-json\/wp\/v2\/categories?post=2816"},{"taxonomy":"post_tag","embeddable":true,"href":"https:\/\/noticias.imer.mx\/antenaradio\/wp-json\/wp\/v2\/tags?post=2816"}],"curies":[{"name":"wp","href":"https:\/\/api.w.org\/{rel}","templated":true}]}}