{"id":28149,"date":"2012-12-10T17:24:10","date_gmt":"2012-12-10T17:24:10","guid":{"rendered":"http:\/\/www.blogs.imer.gob.mx\/todosloslunes\/?p=1895"},"modified":"2012-12-10T17:24:10","modified_gmt":"2012-12-10T17:24:10","slug":"todos-los-lunes-10-de-diciembre","status":"publish","type":"post","link":"https:\/\/noticias.imer.mx\/antenaradio\/2012\/12\/10\/todos-los-lunes-10-de-diciembre\/","title":{"rendered":"Todos los Lunes 10 de Diciembre"},"content":{"rendered":"<p><a href=\"http:\/\/snn.imer.gob.mx\/todosloslunes\/files\/2012\/12\/Protestas-1-de-diciembre.jpg\"><img decoding=\"async\" loading=\"lazy\" class=\"alignnone size-thumbnail wp-image-1897\" src=\"http:\/\/snn.imer.gob.mx\/todosloslunes\/files\/2012\/12\/Protestas-1-de-diciembre-150x150.jpg\" alt=\"\" width=\"150\" height=\"150\" \/><\/a><\/p>\n<p>El periodista y analista de comunicaci\u00f3n, <strong>Alejandro Navarrete<\/strong>, en entrevista abord\u00f3 el tema de la cobertura de la manifestaciones del primero de diciembre en contra de la toma de protesta del presidente Enrique Pe\u00f1a Nieto.<\/p>\n<p><a href=\"http:\/\/snn.imer.gob.mx\/todosloslunes\/files\/2012\/12\/10-DIC-ALEJANDRO-NAVARRETE.mp3\">Descargue aqu\u00ed el audio de Alejandro Navarrete<\/a><\/p>\n<p>&nbsp;<\/p>\n<p><a href=\"http:\/\/snn.imer.gob.mx\/todosloslunes\/files\/2012\/12\/Ricardo-Raphael-01.jpg\"><img decoding=\"async\" loading=\"lazy\" class=\"alignnone size-thumbnail wp-image-1899\" src=\"http:\/\/snn.imer.gob.mx\/todosloslunes\/files\/2012\/12\/Ricardo-Raphael-01-150x150.jpg\" alt=\"\" width=\"150\" height=\"150\" \/><\/a><\/p>\n<p>Sobre el Pacto por M\u00e9xico en materia de Educaci\u00f3n hablamos con el maestro <strong>Ricardo Raphael<\/strong>, acad\u00e9micos del CIDE y coordinador de la Maestr\u00eda de Periodismo y Tecnolog\u00edas Multimedia.<\/p>\n<p><a href=\"http:\/\/snn.imer.gob.mx\/todosloslunes\/files\/2012\/12\/10-DIC-RICARDO-RAPHAEL.mp3\">Descargue aqu\u00ed el audio de Ricardo Raphael<\/a><\/p>\n","protected":false},"excerpt":{"rendered":"<p>El periodista y analista de comunicaci\u00f3n, Alejandro Navarrete, en entrevista abord\u00f3 el tema de la cobertura de la manifestaciones del primero de diciembre en contra de la toma de protesta del presidente Enrique Pe\u00f1a Nieto. Descargue aqu\u00ed el audio de Alejandro Navarrete &nbsp; Sobre el Pacto por M\u00e9xico en materia de Educaci\u00f3n hablamos con el&hellip;<\/p>\n","protected":false},"author":8,"featured_media":0,"comment_status":"open","ping_status":"open","sticky":false,"template":"","format":"standard","meta":{"wp_popup_display_lightbox":0,"wp_popup_suppress":"","wp_popup_trigger":"","wp_popup_trigger_amount":0,"wp_popup_disable_on_mobile":false},"categories":[9187],"tags":[5510,1544,6907,9482,3961],"yoast_head":"<!-- This site is optimized with the Yoast SEO plugin v21.0 - https:\/\/yoast.com\/wordpress\/plugins\/seo\/ -->\n<title>Todos los Lunes 10 de Diciembre - Antena Radio<\/title>\n<meta name=\"robots\" content=\"index, follow, max-snippet:-1, max-image-preview:large, max-video-preview:-1\" \/>\n<link rel=\"canonical\" href=\"https:\/\/noticias.imer.mx\/antenaradio\/2012\/12\/10\/todos-los-lunes-10-de-diciembre\/\" \/>\n<meta property=\"og:locale\" content=\"es_ES\" \/>\n<meta property=\"og:type\" content=\"article\" \/>\n<meta property=\"og:title\" content=\"Todos los Lunes 10 de Diciembre - Antena Radio\" \/>\n<meta property=\"og:description\" content=\"El periodista y analista de comunicaci\u00f3n, Alejandro Navarrete, en entrevista abord\u00f3 el tema de la cobertura de la manifestaciones del primero de diciembre en contra de la toma de protesta del presidente Enrique Pe\u00f1a Nieto. Descargue aqu\u00ed el audio de Alejandro Navarrete &nbsp; Sobre el Pacto por M\u00e9xico en materia de Educaci\u00f3n hablamos con el&hellip;\" \/>\n<meta property=\"og:url\" content=\"https:\/\/noticias.imer.mx\/antenaradio\/2012\/12\/10\/todos-los-lunes-10-de-diciembre\/\" \/>\n<meta property=\"og:site_name\" content=\"Antena Radio\" \/>\n<meta property=\"article:published_time\" content=\"2012-12-10T17:24:10+00:00\" \/>\n<meta property=\"og:image\" content=\"http:\/\/snn.imer.gob.mx\/todosloslunes\/files\/2012\/12\/Protestas-1-de-diciembre-150x150.jpg\" \/>\n<meta name=\"author\" content=\"IMER Noticias\" \/>\n<meta name=\"twitter:card\" content=\"summary_large_image\" \/>\n<meta name=\"twitter:label1\" content=\"Escrito por\" \/>\n\t<meta name=\"twitter:data1\" content=\"IMER Noticias\" \/>\n<script type=\"application\/ld+json\" class=\"yoast-schema-graph\">{\"@context\":\"https:\/\/schema.org\",\"@graph\":[{\"@type\":\"WebPage\",\"@id\":\"https:\/\/noticias.imer.mx\/antenaradio\/2012\/12\/10\/todos-los-lunes-10-de-diciembre\/\",\"url\":\"https:\/\/noticias.imer.mx\/antenaradio\/2012\/12\/10\/todos-los-lunes-10-de-diciembre\/\",\"name\":\"Todos los Lunes 10 de Diciembre - Antena Radio\",\"isPartOf\":{\"@id\":\"https:\/\/noticias.imer.mx\/antenaradio\/#website\"},\"datePublished\":\"2012-12-10T17:24:10+00:00\",\"dateModified\":\"2012-12-10T17:24:10+00:00\",\"author\":{\"@id\":\"https:\/\/noticias.imer.mx\/antenaradio\/#\/schema\/person\/72de5454d165c5239bc56a49873e43c9\"},\"breadcrumb\":{\"@id\":\"https:\/\/noticias.imer.mx\/antenaradio\/2012\/12\/10\/todos-los-lunes-10-de-diciembre\/#breadcrumb\"},\"inLanguage\":\"es\",\"potentialAction\":[{\"@type\":\"ReadAction\",\"target\":[\"https:\/\/noticias.imer.mx\/antenaradio\/2012\/12\/10\/todos-los-lunes-10-de-diciembre\/\"]}]},{\"@type\":\"BreadcrumbList\",\"@id\":\"https:\/\/noticias.imer.mx\/antenaradio\/2012\/12\/10\/todos-los-lunes-10-de-diciembre\/#breadcrumb\",\"itemListElement\":[{\"@type\":\"ListItem\",\"position\":1,\"name\":\"Home\",\"item\":\"https:\/\/noticias.imer.mx\/antenaradio\/\"},{\"@type\":\"ListItem\",\"position\":2,\"name\":\"Todos los Lunes 10 de Diciembre\"}]},{\"@type\":\"WebSite\",\"@id\":\"https:\/\/noticias.imer.mx\/antenaradio\/#website\",\"url\":\"https:\/\/noticias.imer.mx\/antenaradio\/\",\"name\":\"Antena Radio\",\"description\":\"La forma m\u00e1s clara de entender la noticia\",\"potentialAction\":[{\"@type\":\"SearchAction\",\"target\":{\"@type\":\"EntryPoint\",\"urlTemplate\":\"https:\/\/noticias.imer.mx\/antenaradio\/?s={search_term_string}\"},\"query-input\":\"required name=search_term_string\"}],\"inLanguage\":\"es\"},{\"@type\":\"Person\",\"@id\":\"https:\/\/noticias.imer.mx\/antenaradio\/#\/schema\/person\/72de5454d165c5239bc56a49873e43c9\",\"name\":\"IMER Noticias\",\"url\":\"https:\/\/noticias.imer.mx\/antenaradio\/author\/antenaradio\/\"}]}<\/script>\n<!-- \/ Yoast SEO plugin. -->","yoast_head_json":{"title":"Todos los Lunes 10 de Diciembre - Antena Radio","robots":{"index":"index","follow":"follow","max-snippet":"max-snippet:-1","max-image-preview":"max-image-preview:large","max-video-preview":"max-video-preview:-1"},"canonical":"https:\/\/noticias.imer.mx\/antenaradio\/2012\/12\/10\/todos-los-lunes-10-de-diciembre\/","og_locale":"es_ES","og_type":"article","og_title":"Todos los Lunes 10 de Diciembre - Antena Radio","og_description":"El periodista y analista de comunicaci\u00f3n, Alejandro Navarrete, en entrevista abord\u00f3 el tema de la cobertura de la manifestaciones del primero de diciembre en contra de la toma de protesta del presidente Enrique Pe\u00f1a Nieto. Descargue aqu\u00ed el audio de Alejandro Navarrete &nbsp; Sobre el Pacto por M\u00e9xico en materia de Educaci\u00f3n hablamos con el&hellip;","og_url":"https:\/\/noticias.imer.mx\/antenaradio\/2012\/12\/10\/todos-los-lunes-10-de-diciembre\/","og_site_name":"Antena Radio","article_published_time":"2012-12-10T17:24:10+00:00","og_image":[{"url":"http:\/\/snn.imer.gob.mx\/todosloslunes\/files\/2012\/12\/Protestas-1-de-diciembre-150x150.jpg"}],"author":"IMER Noticias","twitter_card":"summary_large_image","twitter_misc":{"Escrito por":"IMER Noticias"},"schema":{"@context":"https:\/\/schema.org","@graph":[{"@type":"WebPage","@id":"https:\/\/noticias.imer.mx\/antenaradio\/2012\/12\/10\/todos-los-lunes-10-de-diciembre\/","url":"https:\/\/noticias.imer.mx\/antenaradio\/2012\/12\/10\/todos-los-lunes-10-de-diciembre\/","name":"Todos los Lunes 10 de Diciembre - Antena Radio","isPartOf":{"@id":"https:\/\/noticias.imer.mx\/antenaradio\/#website"},"datePublished":"2012-12-10T17:24:10+00:00","dateModified":"2012-12-10T17:24:10+00:00","author":{"@id":"https:\/\/noticias.imer.mx\/antenaradio\/#\/schema\/person\/72de5454d165c5239bc56a49873e43c9"},"breadcrumb":{"@id":"https:\/\/noticias.imer.mx\/antenaradio\/2012\/12\/10\/todos-los-lunes-10-de-diciembre\/#breadcrumb"},"inLanguage":"es","potentialAction":[{"@type":"ReadAction","target":["https:\/\/noticias.imer.mx\/antenaradio\/2012\/12\/10\/todos-los-lunes-10-de-diciembre\/"]}]},{"@type":"BreadcrumbList","@id":"https:\/\/noticias.imer.mx\/antenaradio\/2012\/12\/10\/todos-los-lunes-10-de-diciembre\/#breadcrumb","itemListElement":[{"@type":"ListItem","position":1,"name":"Home","item":"https:\/\/noticias.imer.mx\/antenaradio\/"},{"@type":"ListItem","position":2,"name":"Todos los Lunes 10 de Diciembre"}]},{"@type":"WebSite","@id":"https:\/\/noticias.imer.mx\/antenaradio\/#website","url":"https:\/\/noticias.imer.mx\/antenaradio\/","name":"Antena Radio","description":"La forma m\u00e1s clara de entender la noticia","potentialAction":[{"@type":"SearchAction","target":{"@type":"EntryPoint","urlTemplate":"https:\/\/noticias.imer.mx\/antenaradio\/?s={search_term_string}"},"query-input":"required name=search_term_string"}],"inLanguage":"es"},{"@type":"Person","@id":"https:\/\/noticias.imer.mx\/antenaradio\/#\/schema\/person\/72de5454d165c5239bc56a49873e43c9","name":"IMER Noticias","url":"https:\/\/noticias.imer.mx\/antenaradio\/author\/antenaradio\/"}]}},"_links":{"self":[{"href":"https:\/\/noticias.imer.mx\/antenaradio\/wp-json\/wp\/v2\/posts\/28149"}],"collection":[{"href":"https:\/\/noticias.imer.mx\/antenaradio\/wp-json\/wp\/v2\/posts"}],"about":[{"href":"https:\/\/noticias.imer.mx\/antenaradio\/wp-json\/wp\/v2\/types\/post"}],"author":[{"embeddable":true,"href":"https:\/\/noticias.imer.mx\/antenaradio\/wp-json\/wp\/v2\/users\/8"}],"replies":[{"embeddable":true,"href":"https:\/\/noticias.imer.mx\/antenaradio\/wp-json\/wp\/v2\/comments?post=28149"}],"version-history":[{"count":0,"href":"https:\/\/noticias.imer.mx\/antenaradio\/wp-json\/wp\/v2\/posts\/28149\/revisions"}],"wp:attachment":[{"href":"https:\/\/noticias.imer.mx\/antenaradio\/wp-json\/wp\/v2\/media?parent=28149"}],"wp:term":[{"taxonomy":"category","embeddable":true,"href":"https:\/\/noticias.imer.mx\/antenaradio\/wp-json\/wp\/v2\/categories?post=28149"},{"taxonomy":"post_tag","embeddable":true,"href":"https:\/\/noticias.imer.mx\/antenaradio\/wp-json\/wp\/v2\/tags?post=28149"}],"curies":[{"name":"wp","href":"https:\/\/api.w.org\/{rel}","templated":true}]}}