{"id":28132,"date":"2012-09-17T16:02:57","date_gmt":"2012-09-17T16:02:57","guid":{"rendered":"http:\/\/www.blogs.imer.gob.mx\/todosloslunes\/?p=1779"},"modified":"2012-09-17T16:02:57","modified_gmt":"2012-09-17T16:02:57","slug":"todos-los-lunes-17-de-septiembre","status":"publish","type":"post","link":"https:\/\/noticias.imer.mx\/antenaradio\/2012\/09\/17\/todos-los-lunes-17-de-septiembre\/","title":{"rendered":"Todos los Lunes 17 de Septiembre"},"content":{"rendered":"<p><a href=\"http:\/\/snn.imer.gob.mx\/todosloslunes\/files\/2012\/09\/Arturo-Huerta.jpg\"><img decoding=\"async\" loading=\"lazy\" class=\"alignnone size-thumbnail wp-image-1782\" title=\"Arturo Huerta\" src=\"http:\/\/snn.imer.gob.mx\/todosloslunes\/files\/2012\/09\/Arturo-Huerta-150x150.jpg\" alt=\"\" width=\"150\" height=\"150\" \/><\/a><\/p>\n<p>El ingeniero <strong>Arturo Huerta<\/strong> habl\u00f3 con nosotros de la Cumbre de la Comunicaci\u00f3n.<\/p>\n<p><a href=\"http:\/\/snn.imer.gob.mx\/todosloslunes\/files\/2012\/09\/17-SEP-ARTURO-HUERTA.mp3\">17 SEP ARTURO HUERTA<\/a><\/p>\n<p><a href=\"http:\/\/snn.imer.gob.mx\/todosloslunes\/files\/2012\/09\/Paola-Migoya.jpg\"><img decoding=\"async\" loading=\"lazy\" class=\"alignnone size-thumbnail wp-image-1785\" title=\"Paola Migoya\" src=\"http:\/\/snn.imer.gob.mx\/todosloslunes\/files\/2012\/09\/Paola-Migoya-e1347898074550-150x144.jpg\" alt=\"\" width=\"150\" height=\"144\" \/><\/a><\/p>\n<p><strong>Paola Migoya<\/strong>, coordinadora de la Organizaci\u00f3n Evoluci\u00f3n Mexicana, habl\u00f3 sobre el debate de las organizaciones sociales para realizar una reforma de medios.<\/p>\n<p><a href=\"http:\/\/snn.imer.gob.mx\/todosloslunes\/files\/2012\/09\/17-SEP-PAOLA-MIGOYA.mp3\">17 SEP PAOLA MIGOYA<\/a><\/p>\n","protected":false},"excerpt":{"rendered":"<p>El ingeniero Arturo Huerta habl\u00f3 con nosotros de la Cumbre de la Comunicaci\u00f3n. 17 SEP ARTURO HUERTA Paola Migoya, coordinadora de la Organizaci\u00f3n Evoluci\u00f3n Mexicana, habl\u00f3 sobre el debate de las organizaciones sociales para realizar una reforma de medios. 17 SEP PAOLA MIGOYA<\/p>\n","protected":false},"author":8,"featured_media":0,"comment_status":"open","ping_status":"open","sticky":false,"template":"","format":"standard","meta":{"wp_popup_display_lightbox":0,"wp_popup_suppress":"","wp_popup_trigger":"","wp_popup_trigger_amount":0,"wp_popup_disable_on_mobile":false},"categories":[9187],"tags":[440,9449],"yoast_head":"<!-- This site is optimized with the Yoast SEO plugin v21.0 - https:\/\/yoast.com\/wordpress\/plugins\/seo\/ -->\n<title>Todos los Lunes 17 de Septiembre  - Antena Radio<\/title>\n<meta name=\"robots\" content=\"index, follow, max-snippet:-1, max-image-preview:large, max-video-preview:-1\" \/>\n<link rel=\"canonical\" href=\"https:\/\/noticias.imer.mx\/antenaradio\/2012\/09\/17\/todos-los-lunes-17-de-septiembre\/\" \/>\n<meta property=\"og:locale\" content=\"es_ES\" \/>\n<meta property=\"og:type\" content=\"article\" \/>\n<meta property=\"og:title\" content=\"Todos los Lunes 17 de Septiembre  - Antena Radio\" \/>\n<meta property=\"og:description\" content=\"El ingeniero Arturo Huerta habl\u00f3 con nosotros de la Cumbre de la Comunicaci\u00f3n. 17 SEP ARTURO HUERTA Paola Migoya, coordinadora de la Organizaci\u00f3n Evoluci\u00f3n Mexicana, habl\u00f3 sobre el debate de las organizaciones sociales para realizar una reforma de medios. 17 SEP PAOLA MIGOYA\" \/>\n<meta property=\"og:url\" content=\"https:\/\/noticias.imer.mx\/antenaradio\/2012\/09\/17\/todos-los-lunes-17-de-septiembre\/\" \/>\n<meta property=\"og:site_name\" content=\"Antena Radio\" \/>\n<meta property=\"article:published_time\" content=\"2012-09-17T16:02:57+00:00\" \/>\n<meta property=\"og:image\" content=\"http:\/\/snn.imer.gob.mx\/todosloslunes\/files\/2012\/09\/Arturo-Huerta-150x150.jpg\" \/>\n<meta name=\"author\" content=\"IMER Noticias\" \/>\n<meta name=\"twitter:card\" content=\"summary_large_image\" \/>\n<meta name=\"twitter:label1\" content=\"Escrito por\" \/>\n\t<meta name=\"twitter:data1\" content=\"IMER Noticias\" \/>\n<script type=\"application\/ld+json\" class=\"yoast-schema-graph\">{\"@context\":\"https:\/\/schema.org\",\"@graph\":[{\"@type\":\"WebPage\",\"@id\":\"https:\/\/noticias.imer.mx\/antenaradio\/2012\/09\/17\/todos-los-lunes-17-de-septiembre\/\",\"url\":\"https:\/\/noticias.imer.mx\/antenaradio\/2012\/09\/17\/todos-los-lunes-17-de-septiembre\/\",\"name\":\"Todos los Lunes 17 de Septiembre - Antena Radio\",\"isPartOf\":{\"@id\":\"https:\/\/noticias.imer.mx\/antenaradio\/#website\"},\"datePublished\":\"2012-09-17T16:02:57+00:00\",\"dateModified\":\"2012-09-17T16:02:57+00:00\",\"author\":{\"@id\":\"https:\/\/noticias.imer.mx\/antenaradio\/#\/schema\/person\/72de5454d165c5239bc56a49873e43c9\"},\"breadcrumb\":{\"@id\":\"https:\/\/noticias.imer.mx\/antenaradio\/2012\/09\/17\/todos-los-lunes-17-de-septiembre\/#breadcrumb\"},\"inLanguage\":\"es\",\"potentialAction\":[{\"@type\":\"ReadAction\",\"target\":[\"https:\/\/noticias.imer.mx\/antenaradio\/2012\/09\/17\/todos-los-lunes-17-de-septiembre\/\"]}]},{\"@type\":\"BreadcrumbList\",\"@id\":\"https:\/\/noticias.imer.mx\/antenaradio\/2012\/09\/17\/todos-los-lunes-17-de-septiembre\/#breadcrumb\",\"itemListElement\":[{\"@type\":\"ListItem\",\"position\":1,\"name\":\"Home\",\"item\":\"https:\/\/noticias.imer.mx\/antenaradio\/\"},{\"@type\":\"ListItem\",\"position\":2,\"name\":\"Todos los Lunes 17 de Septiembre\"}]},{\"@type\":\"WebSite\",\"@id\":\"https:\/\/noticias.imer.mx\/antenaradio\/#website\",\"url\":\"https:\/\/noticias.imer.mx\/antenaradio\/\",\"name\":\"Antena Radio\",\"description\":\"La forma m\u00e1s clara de entender la noticia\",\"potentialAction\":[{\"@type\":\"SearchAction\",\"target\":{\"@type\":\"EntryPoint\",\"urlTemplate\":\"https:\/\/noticias.imer.mx\/antenaradio\/?s={search_term_string}\"},\"query-input\":\"required name=search_term_string\"}],\"inLanguage\":\"es\"},{\"@type\":\"Person\",\"@id\":\"https:\/\/noticias.imer.mx\/antenaradio\/#\/schema\/person\/72de5454d165c5239bc56a49873e43c9\",\"name\":\"IMER Noticias\",\"url\":\"https:\/\/noticias.imer.mx\/antenaradio\/author\/antenaradio\/\"}]}<\/script>\n<!-- \/ Yoast SEO plugin. -->","yoast_head_json":{"title":"Todos los Lunes 17 de Septiembre  - Antena Radio","robots":{"index":"index","follow":"follow","max-snippet":"max-snippet:-1","max-image-preview":"max-image-preview:large","max-video-preview":"max-video-preview:-1"},"canonical":"https:\/\/noticias.imer.mx\/antenaradio\/2012\/09\/17\/todos-los-lunes-17-de-septiembre\/","og_locale":"es_ES","og_type":"article","og_title":"Todos los Lunes 17 de Septiembre  - Antena Radio","og_description":"El ingeniero Arturo Huerta habl\u00f3 con nosotros de la Cumbre de la Comunicaci\u00f3n. 17 SEP ARTURO HUERTA Paola Migoya, coordinadora de la Organizaci\u00f3n Evoluci\u00f3n Mexicana, habl\u00f3 sobre el debate de las organizaciones sociales para realizar una reforma de medios. 17 SEP PAOLA MIGOYA","og_url":"https:\/\/noticias.imer.mx\/antenaradio\/2012\/09\/17\/todos-los-lunes-17-de-septiembre\/","og_site_name":"Antena Radio","article_published_time":"2012-09-17T16:02:57+00:00","og_image":[{"url":"http:\/\/snn.imer.gob.mx\/todosloslunes\/files\/2012\/09\/Arturo-Huerta-150x150.jpg"}],"author":"IMER Noticias","twitter_card":"summary_large_image","twitter_misc":{"Escrito por":"IMER Noticias"},"schema":{"@context":"https:\/\/schema.org","@graph":[{"@type":"WebPage","@id":"https:\/\/noticias.imer.mx\/antenaradio\/2012\/09\/17\/todos-los-lunes-17-de-septiembre\/","url":"https:\/\/noticias.imer.mx\/antenaradio\/2012\/09\/17\/todos-los-lunes-17-de-septiembre\/","name":"Todos los Lunes 17 de Septiembre - Antena Radio","isPartOf":{"@id":"https:\/\/noticias.imer.mx\/antenaradio\/#website"},"datePublished":"2012-09-17T16:02:57+00:00","dateModified":"2012-09-17T16:02:57+00:00","author":{"@id":"https:\/\/noticias.imer.mx\/antenaradio\/#\/schema\/person\/72de5454d165c5239bc56a49873e43c9"},"breadcrumb":{"@id":"https:\/\/noticias.imer.mx\/antenaradio\/2012\/09\/17\/todos-los-lunes-17-de-septiembre\/#breadcrumb"},"inLanguage":"es","potentialAction":[{"@type":"ReadAction","target":["https:\/\/noticias.imer.mx\/antenaradio\/2012\/09\/17\/todos-los-lunes-17-de-septiembre\/"]}]},{"@type":"BreadcrumbList","@id":"https:\/\/noticias.imer.mx\/antenaradio\/2012\/09\/17\/todos-los-lunes-17-de-septiembre\/#breadcrumb","itemListElement":[{"@type":"ListItem","position":1,"name":"Home","item":"https:\/\/noticias.imer.mx\/antenaradio\/"},{"@type":"ListItem","position":2,"name":"Todos los Lunes 17 de Septiembre"}]},{"@type":"WebSite","@id":"https:\/\/noticias.imer.mx\/antenaradio\/#website","url":"https:\/\/noticias.imer.mx\/antenaradio\/","name":"Antena Radio","description":"La forma m\u00e1s clara de entender la noticia","potentialAction":[{"@type":"SearchAction","target":{"@type":"EntryPoint","urlTemplate":"https:\/\/noticias.imer.mx\/antenaradio\/?s={search_term_string}"},"query-input":"required name=search_term_string"}],"inLanguage":"es"},{"@type":"Person","@id":"https:\/\/noticias.imer.mx\/antenaradio\/#\/schema\/person\/72de5454d165c5239bc56a49873e43c9","name":"IMER Noticias","url":"https:\/\/noticias.imer.mx\/antenaradio\/author\/antenaradio\/"}]}},"_links":{"self":[{"href":"https:\/\/noticias.imer.mx\/antenaradio\/wp-json\/wp\/v2\/posts\/28132"}],"collection":[{"href":"https:\/\/noticias.imer.mx\/antenaradio\/wp-json\/wp\/v2\/posts"}],"about":[{"href":"https:\/\/noticias.imer.mx\/antenaradio\/wp-json\/wp\/v2\/types\/post"}],"author":[{"embeddable":true,"href":"https:\/\/noticias.imer.mx\/antenaradio\/wp-json\/wp\/v2\/users\/8"}],"replies":[{"embeddable":true,"href":"https:\/\/noticias.imer.mx\/antenaradio\/wp-json\/wp\/v2\/comments?post=28132"}],"version-history":[{"count":0,"href":"https:\/\/noticias.imer.mx\/antenaradio\/wp-json\/wp\/v2\/posts\/28132\/revisions"}],"wp:attachment":[{"href":"https:\/\/noticias.imer.mx\/antenaradio\/wp-json\/wp\/v2\/media?parent=28132"}],"wp:term":[{"taxonomy":"category","embeddable":true,"href":"https:\/\/noticias.imer.mx\/antenaradio\/wp-json\/wp\/v2\/categories?post=28132"},{"taxonomy":"post_tag","embeddable":true,"href":"https:\/\/noticias.imer.mx\/antenaradio\/wp-json\/wp\/v2\/tags?post=28132"}],"curies":[{"name":"wp","href":"https:\/\/api.w.org\/{rel}","templated":true}]}}