{"id":2812,"date":"2009-12-09T12:36:48","date_gmt":"2009-12-09T17:36:48","guid":{"rendered":"http:\/\/www.blogs.imer.com.mx\/antenaradio\/?p=2812"},"modified":"2009-12-09T12:36:48","modified_gmt":"2009-12-09T17:36:48","slug":"mesa-de-analisis-participacion-ciudadana","status":"publish","type":"post","link":"https:\/\/noticias.imer.mx\/antenaradio\/2009\/12\/09\/mesa-de-analisis-participacion-ciudadana\/","title":{"rendered":"Mesa de An\u00e1lisis. Participaci\u00f3n ciudadana"},"content":{"rendered":"<p><a href=\"http:\/\/www.blogs.imer.com.mx\/antenaradio\/files\/2009\/12\/foco_ciudadano_3.jpg\"><img decoding=\"async\" loading=\"lazy\" class=\"alignleft size-thumbnail wp-image-2814\" src=\"http:\/\/www.blogs.imer.com.mx\/antenaradio\/files\/2009\/12\/foco_ciudadano_3-150x150.jpg\" alt=\"\" width=\"150\" height=\"150\" \/><\/a>\u00bfC\u00f3mo lograr que la ciudadan\u00eda tenga una mayor participaci\u00f3n en la pol\u00edtica del pa\u00eds? En nuestra mesa de an\u00e1lisis participaron <strong>Fernando Dworak,<\/strong> maestro en estudios legislativos por la Universidad de Hull en el Reino Unido, y <strong>Edna Jaime,<\/strong> directora de la Organizaci\u00f3n Eval\u00faa M\u00e9xico.<\/p>\n<p><a href=\"http:\/\/www.blogs.imer.com.mx\/antenaradio\/files\/2009\/12\/mesa-miercoles.mp3\">mesa-miercoles<\/a>\u00a0<\/p>\n<p>\u00a0<\/p>\n<p class=\"MsoNormal\">\u00a0<\/p>\n","protected":false},"excerpt":{"rendered":"<p>\u00bfC\u00f3mo lograr que la ciudadan\u00eda tenga una mayor participaci\u00f3n en la pol\u00edtica del pa\u00eds? En nuestra mesa de an\u00e1lisis participaron Fernando Dworak, maestro en estudios legislativos por la Universidad de Hull en el Reino Unido, y Edna Jaime, directora de la Organizaci\u00f3n Eval\u00faa M\u00e9xico. mesa-miercoles\u00a0 \u00a0 \u00a0<\/p>\n","protected":false},"author":8,"featured_media":0,"comment_status":"open","ping_status":"open","sticky":false,"template":"","format":"standard","meta":{"wp_popup_display_lightbox":0,"wp_popup_suppress":"","wp_popup_trigger":"","wp_popup_trigger_amount":0,"wp_popup_disable_on_mobile":false},"categories":[5],"tags":[1526,1751,1850,11150,3122,3480],"yoast_head":"<!-- This site is optimized with the Yoast SEO plugin v21.0 - https:\/\/yoast.com\/wordpress\/plugins\/seo\/ -->\n<title>Mesa de An\u00e1lisis. Participaci\u00f3n ciudadana - Antena Radio<\/title>\n<meta name=\"robots\" content=\"index, follow, max-snippet:-1, max-image-preview:large, max-video-preview:-1\" \/>\n<link rel=\"canonical\" href=\"https:\/\/noticias.imer.mx\/antenaradio\/2009\/12\/09\/mesa-de-analisis-participacion-ciudadana\/\" \/>\n<meta property=\"og:locale\" content=\"es_ES\" \/>\n<meta property=\"og:type\" content=\"article\" \/>\n<meta property=\"og:title\" content=\"Mesa de An\u00e1lisis. Participaci\u00f3n ciudadana - Antena Radio\" \/>\n<meta property=\"og:description\" content=\"\u00bfC\u00f3mo lograr que la ciudadan\u00eda tenga una mayor participaci\u00f3n en la pol\u00edtica del pa\u00eds? En nuestra mesa de an\u00e1lisis participaron Fernando Dworak, maestro en estudios legislativos por la Universidad de Hull en el Reino Unido, y Edna Jaime, directora de la Organizaci\u00f3n Eval\u00faa M\u00e9xico. mesa-miercoles\u00a0 \u00a0 \u00a0\" \/>\n<meta property=\"og:url\" content=\"https:\/\/noticias.imer.mx\/antenaradio\/2009\/12\/09\/mesa-de-analisis-participacion-ciudadana\/\" \/>\n<meta property=\"og:site_name\" content=\"Antena Radio\" \/>\n<meta property=\"article:published_time\" content=\"2009-12-09T17:36:48+00:00\" \/>\n<meta property=\"og:image\" content=\"http:\/\/www.blogs.imer.com.mx\/antenaradio\/files\/2009\/12\/foco_ciudadano_3-150x150.jpg\" \/>\n<meta name=\"author\" content=\"IMER Noticias\" \/>\n<meta name=\"twitter:card\" content=\"summary_large_image\" \/>\n<meta name=\"twitter:label1\" content=\"Escrito por\" \/>\n\t<meta name=\"twitter:data1\" content=\"IMER Noticias\" \/>\n<script type=\"application\/ld+json\" class=\"yoast-schema-graph\">{\"@context\":\"https:\/\/schema.org\",\"@graph\":[{\"@type\":\"WebPage\",\"@id\":\"https:\/\/noticias.imer.mx\/antenaradio\/2009\/12\/09\/mesa-de-analisis-participacion-ciudadana\/\",\"url\":\"https:\/\/noticias.imer.mx\/antenaradio\/2009\/12\/09\/mesa-de-analisis-participacion-ciudadana\/\",\"name\":\"Mesa de An\u00e1lisis. Participaci\u00f3n ciudadana - Antena Radio\",\"isPartOf\":{\"@id\":\"https:\/\/noticias.imer.mx\/antenaradio\/#website\"},\"datePublished\":\"2009-12-09T17:36:48+00:00\",\"dateModified\":\"2009-12-09T17:36:48+00:00\",\"author\":{\"@id\":\"https:\/\/noticias.imer.mx\/antenaradio\/#\/schema\/person\/72de5454d165c5239bc56a49873e43c9\"},\"breadcrumb\":{\"@id\":\"https:\/\/noticias.imer.mx\/antenaradio\/2009\/12\/09\/mesa-de-analisis-participacion-ciudadana\/#breadcrumb\"},\"inLanguage\":\"es\",\"potentialAction\":[{\"@type\":\"ReadAction\",\"target\":[\"https:\/\/noticias.imer.mx\/antenaradio\/2009\/12\/09\/mesa-de-analisis-participacion-ciudadana\/\"]}]},{\"@type\":\"BreadcrumbList\",\"@id\":\"https:\/\/noticias.imer.mx\/antenaradio\/2009\/12\/09\/mesa-de-analisis-participacion-ciudadana\/#breadcrumb\",\"itemListElement\":[{\"@type\":\"ListItem\",\"position\":1,\"name\":\"Home\",\"item\":\"https:\/\/noticias.imer.mx\/antenaradio\/\"},{\"@type\":\"ListItem\",\"position\":2,\"name\":\"Mesa de An\u00e1lisis. Participaci\u00f3n ciudadana\"}]},{\"@type\":\"WebSite\",\"@id\":\"https:\/\/noticias.imer.mx\/antenaradio\/#website\",\"url\":\"https:\/\/noticias.imer.mx\/antenaradio\/\",\"name\":\"Antena Radio\",\"description\":\"La forma m\u00e1s clara de entender la noticia\",\"potentialAction\":[{\"@type\":\"SearchAction\",\"target\":{\"@type\":\"EntryPoint\",\"urlTemplate\":\"https:\/\/noticias.imer.mx\/antenaradio\/?s={search_term_string}\"},\"query-input\":\"required name=search_term_string\"}],\"inLanguage\":\"es\"},{\"@type\":\"Person\",\"@id\":\"https:\/\/noticias.imer.mx\/antenaradio\/#\/schema\/person\/72de5454d165c5239bc56a49873e43c9\",\"name\":\"IMER Noticias\",\"url\":\"https:\/\/noticias.imer.mx\/antenaradio\/author\/antenaradio\/\"}]}<\/script>\n<!-- \/ Yoast SEO plugin. -->","yoast_head_json":{"title":"Mesa de An\u00e1lisis. Participaci\u00f3n ciudadana - Antena Radio","robots":{"index":"index","follow":"follow","max-snippet":"max-snippet:-1","max-image-preview":"max-image-preview:large","max-video-preview":"max-video-preview:-1"},"canonical":"https:\/\/noticias.imer.mx\/antenaradio\/2009\/12\/09\/mesa-de-analisis-participacion-ciudadana\/","og_locale":"es_ES","og_type":"article","og_title":"Mesa de An\u00e1lisis. Participaci\u00f3n ciudadana - Antena Radio","og_description":"\u00bfC\u00f3mo lograr que la ciudadan\u00eda tenga una mayor participaci\u00f3n en la pol\u00edtica del pa\u00eds? En nuestra mesa de an\u00e1lisis participaron Fernando Dworak, maestro en estudios legislativos por la Universidad de Hull en el Reino Unido, y Edna Jaime, directora de la Organizaci\u00f3n Eval\u00faa M\u00e9xico. mesa-miercoles\u00a0 \u00a0 \u00a0","og_url":"https:\/\/noticias.imer.mx\/antenaradio\/2009\/12\/09\/mesa-de-analisis-participacion-ciudadana\/","og_site_name":"Antena Radio","article_published_time":"2009-12-09T17:36:48+00:00","og_image":[{"url":"http:\/\/www.blogs.imer.com.mx\/antenaradio\/files\/2009\/12\/foco_ciudadano_3-150x150.jpg"}],"author":"IMER Noticias","twitter_card":"summary_large_image","twitter_misc":{"Escrito por":"IMER Noticias"},"schema":{"@context":"https:\/\/schema.org","@graph":[{"@type":"WebPage","@id":"https:\/\/noticias.imer.mx\/antenaradio\/2009\/12\/09\/mesa-de-analisis-participacion-ciudadana\/","url":"https:\/\/noticias.imer.mx\/antenaradio\/2009\/12\/09\/mesa-de-analisis-participacion-ciudadana\/","name":"Mesa de An\u00e1lisis. Participaci\u00f3n ciudadana - Antena Radio","isPartOf":{"@id":"https:\/\/noticias.imer.mx\/antenaradio\/#website"},"datePublished":"2009-12-09T17:36:48+00:00","dateModified":"2009-12-09T17:36:48+00:00","author":{"@id":"https:\/\/noticias.imer.mx\/antenaradio\/#\/schema\/person\/72de5454d165c5239bc56a49873e43c9"},"breadcrumb":{"@id":"https:\/\/noticias.imer.mx\/antenaradio\/2009\/12\/09\/mesa-de-analisis-participacion-ciudadana\/#breadcrumb"},"inLanguage":"es","potentialAction":[{"@type":"ReadAction","target":["https:\/\/noticias.imer.mx\/antenaradio\/2009\/12\/09\/mesa-de-analisis-participacion-ciudadana\/"]}]},{"@type":"BreadcrumbList","@id":"https:\/\/noticias.imer.mx\/antenaradio\/2009\/12\/09\/mesa-de-analisis-participacion-ciudadana\/#breadcrumb","itemListElement":[{"@type":"ListItem","position":1,"name":"Home","item":"https:\/\/noticias.imer.mx\/antenaradio\/"},{"@type":"ListItem","position":2,"name":"Mesa de An\u00e1lisis. Participaci\u00f3n ciudadana"}]},{"@type":"WebSite","@id":"https:\/\/noticias.imer.mx\/antenaradio\/#website","url":"https:\/\/noticias.imer.mx\/antenaradio\/","name":"Antena Radio","description":"La forma m\u00e1s clara de entender la noticia","potentialAction":[{"@type":"SearchAction","target":{"@type":"EntryPoint","urlTemplate":"https:\/\/noticias.imer.mx\/antenaradio\/?s={search_term_string}"},"query-input":"required name=search_term_string"}],"inLanguage":"es"},{"@type":"Person","@id":"https:\/\/noticias.imer.mx\/antenaradio\/#\/schema\/person\/72de5454d165c5239bc56a49873e43c9","name":"IMER Noticias","url":"https:\/\/noticias.imer.mx\/antenaradio\/author\/antenaradio\/"}]}},"_links":{"self":[{"href":"https:\/\/noticias.imer.mx\/antenaradio\/wp-json\/wp\/v2\/posts\/2812"}],"collection":[{"href":"https:\/\/noticias.imer.mx\/antenaradio\/wp-json\/wp\/v2\/posts"}],"about":[{"href":"https:\/\/noticias.imer.mx\/antenaradio\/wp-json\/wp\/v2\/types\/post"}],"author":[{"embeddable":true,"href":"https:\/\/noticias.imer.mx\/antenaradio\/wp-json\/wp\/v2\/users\/8"}],"replies":[{"embeddable":true,"href":"https:\/\/noticias.imer.mx\/antenaradio\/wp-json\/wp\/v2\/comments?post=2812"}],"version-history":[{"count":1,"href":"https:\/\/noticias.imer.mx\/antenaradio\/wp-json\/wp\/v2\/posts\/2812\/revisions"}],"predecessor-version":[{"id":2815,"href":"https:\/\/noticias.imer.mx\/antenaradio\/wp-json\/wp\/v2\/posts\/2812\/revisions\/2815"}],"wp:attachment":[{"href":"https:\/\/noticias.imer.mx\/antenaradio\/wp-json\/wp\/v2\/media?parent=2812"}],"wp:term":[{"taxonomy":"category","embeddable":true,"href":"https:\/\/noticias.imer.mx\/antenaradio\/wp-json\/wp\/v2\/categories?post=2812"},{"taxonomy":"post_tag","embeddable":true,"href":"https:\/\/noticias.imer.mx\/antenaradio\/wp-json\/wp\/v2\/tags?post=2812"}],"curies":[{"name":"wp","href":"https:\/\/api.w.org\/{rel}","templated":true}]}}