{"id":27966,"date":"2010-11-01T12:13:01","date_gmt":"2010-11-01T17:13:01","guid":{"rendered":"http:\/\/imer.gob.mx\/programas\/todosloslunes\/?p=874"},"modified":"2010-11-01T12:13:01","modified_gmt":"2010-11-01T17:13:01","slug":"entrevista-a-jose-reveles-4","status":"publish","type":"post","link":"https:\/\/noticias.imer.mx\/antenaradio\/2010\/11\/01\/entrevista-a-jose-reveles-4\/","title":{"rendered":"Entrevista a Jos\u00e9 Reveles"},"content":{"rendered":"<p><a href=\"http:\/\/snn.imer.gob.mx\/todosloslunes\/files\/2010\/11\/jose-reveles.jpg\"><img decoding=\"async\" loading=\"lazy\" class=\"alignright size-thumbnail wp-image-875\" src=\"http:\/\/imer.gob.mx\/programas\/todosloslunes\/files\/2010\/11\/jose-reveles-150x150.jpg\" alt=\"\" width=\"150\" height=\"150\" \/><\/a><\/p>\n<p>Mario Campos platic\u00f3 con el periodista, <strong>Jos\u00e9 Reveles<\/strong>,\u00a0autor del libro \u00abEl c\u00e1rtel inc\u00f3modo, el fin de los Beltr\u00e1n Leyva y la hegemon\u00eda del Chapo Guzm\u00e1n\u00bb, sobre la forma de hacer periodismo en torno a la informaci\u00f3n que surge del narcotr\u00e1fico.<\/p>\n<p><a href=\"http:\/\/snn.imer.gob.mx\/todosloslunes\/files\/2010\/11\/jose-reveles.mp3\">jose-reveles<\/a><a href=\"http:\/\/snn.imer.gob.mx\/todosloslunes\/files\/2010\/11\/jose-reveles.jpg\"><\/a><\/p>\n","protected":false},"excerpt":{"rendered":"<p>Mario Campos platic\u00f3 con el periodista, Jos\u00e9 Reveles,\u00a0autor del libro \u00abEl c\u00e1rtel inc\u00f3modo, el fin de los Beltr\u00e1n Leyva y la hegemon\u00eda del Chapo Guzm\u00e1n\u00bb, sobre la forma de hacer periodismo en torno a la informaci\u00f3n que surge del narcotr\u00e1fico. jose-reveles<\/p>\n","protected":false},"author":8,"featured_media":0,"comment_status":"open","ping_status":"open","sticky":false,"template":"","format":"standard","meta":{"wp_popup_display_lightbox":0,"wp_popup_suppress":"","wp_popup_trigger":"","wp_popup_trigger_amount":0,"wp_popup_disable_on_mobile":false},"categories":[9187],"tags":[8981,11150,2605,3284,3533,8546],"yoast_head":"<!-- This site is optimized with the Yoast SEO plugin v21.0 - https:\/\/yoast.com\/wordpress\/plugins\/seo\/ -->\n<title>Entrevista a Jos\u00e9 Reveles  - Antena Radio<\/title>\n<meta name=\"robots\" content=\"index, follow, max-snippet:-1, max-image-preview:large, max-video-preview:-1\" \/>\n<link rel=\"canonical\" href=\"https:\/\/noticias.imer.mx\/antenaradio\/2010\/11\/01\/entrevista-a-jose-reveles-4\/\" \/>\n<meta property=\"og:locale\" content=\"es_ES\" \/>\n<meta property=\"og:type\" content=\"article\" \/>\n<meta property=\"og:title\" content=\"Entrevista a Jos\u00e9 Reveles  - Antena Radio\" \/>\n<meta property=\"og:description\" content=\"Mario Campos platic\u00f3 con el periodista, Jos\u00e9 Reveles,\u00a0autor del libro \u00abEl c\u00e1rtel inc\u00f3modo, el fin de los Beltr\u00e1n Leyva y la hegemon\u00eda del Chapo Guzm\u00e1n\u00bb, sobre la forma de hacer periodismo en torno a la informaci\u00f3n que surge del narcotr\u00e1fico. jose-reveles\" \/>\n<meta property=\"og:url\" content=\"https:\/\/noticias.imer.mx\/antenaradio\/2010\/11\/01\/entrevista-a-jose-reveles-4\/\" \/>\n<meta property=\"og:site_name\" content=\"Antena Radio\" \/>\n<meta property=\"article:published_time\" content=\"2010-11-01T17:13:01+00:00\" \/>\n<meta property=\"og:image\" content=\"http:\/\/imer.gob.mx\/programas\/todosloslunes\/files\/2010\/11\/jose-reveles-150x150.jpg\" \/>\n<meta name=\"author\" content=\"IMER Noticias\" \/>\n<meta name=\"twitter:card\" content=\"summary_large_image\" \/>\n<meta name=\"twitter:label1\" content=\"Escrito por\" \/>\n\t<meta name=\"twitter:data1\" content=\"IMER Noticias\" \/>\n<script type=\"application\/ld+json\" class=\"yoast-schema-graph\">{\"@context\":\"https:\/\/schema.org\",\"@graph\":[{\"@type\":\"WebPage\",\"@id\":\"https:\/\/noticias.imer.mx\/antenaradio\/2010\/11\/01\/entrevista-a-jose-reveles-4\/\",\"url\":\"https:\/\/noticias.imer.mx\/antenaradio\/2010\/11\/01\/entrevista-a-jose-reveles-4\/\",\"name\":\"Entrevista a Jos\u00e9 Reveles - Antena Radio\",\"isPartOf\":{\"@id\":\"https:\/\/noticias.imer.mx\/antenaradio\/#website\"},\"datePublished\":\"2010-11-01T17:13:01+00:00\",\"dateModified\":\"2010-11-01T17:13:01+00:00\",\"author\":{\"@id\":\"https:\/\/noticias.imer.mx\/antenaradio\/#\/schema\/person\/72de5454d165c5239bc56a49873e43c9\"},\"breadcrumb\":{\"@id\":\"https:\/\/noticias.imer.mx\/antenaradio\/2010\/11\/01\/entrevista-a-jose-reveles-4\/#breadcrumb\"},\"inLanguage\":\"es\",\"potentialAction\":[{\"@type\":\"ReadAction\",\"target\":[\"https:\/\/noticias.imer.mx\/antenaradio\/2010\/11\/01\/entrevista-a-jose-reveles-4\/\"]}]},{\"@type\":\"BreadcrumbList\",\"@id\":\"https:\/\/noticias.imer.mx\/antenaradio\/2010\/11\/01\/entrevista-a-jose-reveles-4\/#breadcrumb\",\"itemListElement\":[{\"@type\":\"ListItem\",\"position\":1,\"name\":\"Home\",\"item\":\"https:\/\/noticias.imer.mx\/antenaradio\/\"},{\"@type\":\"ListItem\",\"position\":2,\"name\":\"Entrevista a Jos\u00e9 Reveles\"}]},{\"@type\":\"WebSite\",\"@id\":\"https:\/\/noticias.imer.mx\/antenaradio\/#website\",\"url\":\"https:\/\/noticias.imer.mx\/antenaradio\/\",\"name\":\"Antena Radio\",\"description\":\"La forma m\u00e1s clara de entender la noticia\",\"potentialAction\":[{\"@type\":\"SearchAction\",\"target\":{\"@type\":\"EntryPoint\",\"urlTemplate\":\"https:\/\/noticias.imer.mx\/antenaradio\/?s={search_term_string}\"},\"query-input\":\"required name=search_term_string\"}],\"inLanguage\":\"es\"},{\"@type\":\"Person\",\"@id\":\"https:\/\/noticias.imer.mx\/antenaradio\/#\/schema\/person\/72de5454d165c5239bc56a49873e43c9\",\"name\":\"IMER Noticias\",\"url\":\"https:\/\/noticias.imer.mx\/antenaradio\/author\/antenaradio\/\"}]}<\/script>\n<!-- \/ Yoast SEO plugin. -->","yoast_head_json":{"title":"Entrevista a Jos\u00e9 Reveles  - Antena Radio","robots":{"index":"index","follow":"follow","max-snippet":"max-snippet:-1","max-image-preview":"max-image-preview:large","max-video-preview":"max-video-preview:-1"},"canonical":"https:\/\/noticias.imer.mx\/antenaradio\/2010\/11\/01\/entrevista-a-jose-reveles-4\/","og_locale":"es_ES","og_type":"article","og_title":"Entrevista a Jos\u00e9 Reveles  - Antena Radio","og_description":"Mario Campos platic\u00f3 con el periodista, Jos\u00e9 Reveles,\u00a0autor del libro \u00abEl c\u00e1rtel inc\u00f3modo, el fin de los Beltr\u00e1n Leyva y la hegemon\u00eda del Chapo Guzm\u00e1n\u00bb, sobre la forma de hacer periodismo en torno a la informaci\u00f3n que surge del narcotr\u00e1fico. jose-reveles","og_url":"https:\/\/noticias.imer.mx\/antenaradio\/2010\/11\/01\/entrevista-a-jose-reveles-4\/","og_site_name":"Antena Radio","article_published_time":"2010-11-01T17:13:01+00:00","og_image":[{"url":"http:\/\/imer.gob.mx\/programas\/todosloslunes\/files\/2010\/11\/jose-reveles-150x150.jpg"}],"author":"IMER Noticias","twitter_card":"summary_large_image","twitter_misc":{"Escrito por":"IMER Noticias"},"schema":{"@context":"https:\/\/schema.org","@graph":[{"@type":"WebPage","@id":"https:\/\/noticias.imer.mx\/antenaradio\/2010\/11\/01\/entrevista-a-jose-reveles-4\/","url":"https:\/\/noticias.imer.mx\/antenaradio\/2010\/11\/01\/entrevista-a-jose-reveles-4\/","name":"Entrevista a Jos\u00e9 Reveles - Antena Radio","isPartOf":{"@id":"https:\/\/noticias.imer.mx\/antenaradio\/#website"},"datePublished":"2010-11-01T17:13:01+00:00","dateModified":"2010-11-01T17:13:01+00:00","author":{"@id":"https:\/\/noticias.imer.mx\/antenaradio\/#\/schema\/person\/72de5454d165c5239bc56a49873e43c9"},"breadcrumb":{"@id":"https:\/\/noticias.imer.mx\/antenaradio\/2010\/11\/01\/entrevista-a-jose-reveles-4\/#breadcrumb"},"inLanguage":"es","potentialAction":[{"@type":"ReadAction","target":["https:\/\/noticias.imer.mx\/antenaradio\/2010\/11\/01\/entrevista-a-jose-reveles-4\/"]}]},{"@type":"BreadcrumbList","@id":"https:\/\/noticias.imer.mx\/antenaradio\/2010\/11\/01\/entrevista-a-jose-reveles-4\/#breadcrumb","itemListElement":[{"@type":"ListItem","position":1,"name":"Home","item":"https:\/\/noticias.imer.mx\/antenaradio\/"},{"@type":"ListItem","position":2,"name":"Entrevista a Jos\u00e9 Reveles"}]},{"@type":"WebSite","@id":"https:\/\/noticias.imer.mx\/antenaradio\/#website","url":"https:\/\/noticias.imer.mx\/antenaradio\/","name":"Antena Radio","description":"La forma m\u00e1s clara de entender la noticia","potentialAction":[{"@type":"SearchAction","target":{"@type":"EntryPoint","urlTemplate":"https:\/\/noticias.imer.mx\/antenaradio\/?s={search_term_string}"},"query-input":"required name=search_term_string"}],"inLanguage":"es"},{"@type":"Person","@id":"https:\/\/noticias.imer.mx\/antenaradio\/#\/schema\/person\/72de5454d165c5239bc56a49873e43c9","name":"IMER Noticias","url":"https:\/\/noticias.imer.mx\/antenaradio\/author\/antenaradio\/"}]}},"_links":{"self":[{"href":"https:\/\/noticias.imer.mx\/antenaradio\/wp-json\/wp\/v2\/posts\/27966"}],"collection":[{"href":"https:\/\/noticias.imer.mx\/antenaradio\/wp-json\/wp\/v2\/posts"}],"about":[{"href":"https:\/\/noticias.imer.mx\/antenaradio\/wp-json\/wp\/v2\/types\/post"}],"author":[{"embeddable":true,"href":"https:\/\/noticias.imer.mx\/antenaradio\/wp-json\/wp\/v2\/users\/8"}],"replies":[{"embeddable":true,"href":"https:\/\/noticias.imer.mx\/antenaradio\/wp-json\/wp\/v2\/comments?post=27966"}],"version-history":[{"count":0,"href":"https:\/\/noticias.imer.mx\/antenaradio\/wp-json\/wp\/v2\/posts\/27966\/revisions"}],"wp:attachment":[{"href":"https:\/\/noticias.imer.mx\/antenaradio\/wp-json\/wp\/v2\/media?parent=27966"}],"wp:term":[{"taxonomy":"category","embeddable":true,"href":"https:\/\/noticias.imer.mx\/antenaradio\/wp-json\/wp\/v2\/categories?post=27966"},{"taxonomy":"post_tag","embeddable":true,"href":"https:\/\/noticias.imer.mx\/antenaradio\/wp-json\/wp\/v2\/tags?post=27966"}],"curies":[{"name":"wp","href":"https:\/\/api.w.org\/{rel}","templated":true}]}}