{"id":27829,"date":"2009-09-28T13:17:41","date_gmt":"2009-09-28T18:17:41","guid":{"rendered":"http:\/\/imer.gob.mx\/programas\/todosloslunes\/?p=118"},"modified":"2009-09-28T13:17:41","modified_gmt":"2009-09-28T18:17:41","slug":"memoria-del-aire-6","status":"publish","type":"post","link":"https:\/\/noticias.imer.mx\/antenaradio\/2009\/09\/28\/memoria-del-aire-6\/","title":{"rendered":"Memoria del Aire"},"content":{"rendered":"<p style=\"text-align: center\"><a href=\"http:\/\/snn.imer.gob.mx\/todosloslunes\/files\/2009\/09\/medialog2.jpg\"><img decoding=\"async\" loading=\"lazy\" class=\"size-full wp-image-119  aligncenter\" src=\"http:\/\/snn.imer.gob.mx\/todosloslunes\/files\/2009\/09\/medialog2.jpg\" alt=\"\" width=\"350\" height=\"88\" \/><\/a><\/p>\n<p>Como todos los lunes, <strong>Abel Vicencio<\/strong>, director de la empresa Medialog,\u00a0le presenta su \u00abMemoria del Aire\u00bb. Ent\u00e9rese de qu\u00e9 temas acapararon la atenci\u00f3n de los medios de comunicaci\u00f3n en esta semana.<\/p>\n<p><a href=\"http:\/\/snn.imer.gob.mx\/todosloslunes\/files\/2009\/09\/memoria-del-aire.mp3\">memoria-del-aire<\/a><\/p>\n","protected":false},"excerpt":{"rendered":"<p>Como todos los lunes, Abel Vicencio, director de la empresa Medialog,\u00a0le presenta su \u00abMemoria del Aire\u00bb. Ent\u00e9rese de qu\u00e9 temas acapararon la atenci\u00f3n de los medios de comunicaci\u00f3n en esta semana. memoria-del-aire<\/p>\n","protected":false},"author":8,"featured_media":0,"comment_status":"open","ping_status":"open","sticky":false,"template":"","format":"standard","meta":{"wp_popup_display_lightbox":0,"wp_popup_suppress":"","wp_popup_trigger":"","wp_popup_trigger_amount":0,"wp_popup_disable_on_mobile":false},"categories":[8488,9187],"tags":[55,3088,11156,8472],"yoast_head":"<!-- This site is optimized with the Yoast SEO plugin v21.0 - https:\/\/yoast.com\/wordpress\/plugins\/seo\/ -->\n<title>Memoria del Aire - Antena Radio<\/title>\n<meta name=\"robots\" content=\"index, follow, max-snippet:-1, max-image-preview:large, max-video-preview:-1\" \/>\n<link rel=\"canonical\" href=\"https:\/\/noticias.imer.mx\/antenaradio\/2009\/09\/28\/memoria-del-aire-6\/\" \/>\n<meta property=\"og:locale\" content=\"es_ES\" \/>\n<meta property=\"og:type\" content=\"article\" \/>\n<meta property=\"og:title\" content=\"Memoria del Aire - Antena Radio\" \/>\n<meta property=\"og:description\" content=\"Como todos los lunes, Abel Vicencio, director de la empresa Medialog,\u00a0le presenta su \u00abMemoria del Aire\u00bb. Ent\u00e9rese de qu\u00e9 temas acapararon la atenci\u00f3n de los medios de comunicaci\u00f3n en esta semana. memoria-del-aire\" \/>\n<meta property=\"og:url\" content=\"https:\/\/noticias.imer.mx\/antenaradio\/2009\/09\/28\/memoria-del-aire-6\/\" \/>\n<meta property=\"og:site_name\" content=\"Antena Radio\" \/>\n<meta property=\"article:published_time\" content=\"2009-09-28T18:17:41+00:00\" \/>\n<meta property=\"og:image\" content=\"http:\/\/snn.imer.gob.mx\/todosloslunes\/files\/2009\/09\/medialog2.jpg\" \/>\n<meta name=\"author\" content=\"IMER Noticias\" \/>\n<meta name=\"twitter:card\" content=\"summary_large_image\" \/>\n<meta name=\"twitter:label1\" content=\"Escrito por\" \/>\n\t<meta name=\"twitter:data1\" content=\"IMER Noticias\" \/>\n<script type=\"application\/ld+json\" class=\"yoast-schema-graph\">{\"@context\":\"https:\/\/schema.org\",\"@graph\":[{\"@type\":\"WebPage\",\"@id\":\"https:\/\/noticias.imer.mx\/antenaradio\/2009\/09\/28\/memoria-del-aire-6\/\",\"url\":\"https:\/\/noticias.imer.mx\/antenaradio\/2009\/09\/28\/memoria-del-aire-6\/\",\"name\":\"Memoria del Aire - Antena Radio\",\"isPartOf\":{\"@id\":\"https:\/\/noticias.imer.mx\/antenaradio\/#website\"},\"datePublished\":\"2009-09-28T18:17:41+00:00\",\"dateModified\":\"2009-09-28T18:17:41+00:00\",\"author\":{\"@id\":\"https:\/\/noticias.imer.mx\/antenaradio\/#\/schema\/person\/72de5454d165c5239bc56a49873e43c9\"},\"breadcrumb\":{\"@id\":\"https:\/\/noticias.imer.mx\/antenaradio\/2009\/09\/28\/memoria-del-aire-6\/#breadcrumb\"},\"inLanguage\":\"es\",\"potentialAction\":[{\"@type\":\"ReadAction\",\"target\":[\"https:\/\/noticias.imer.mx\/antenaradio\/2009\/09\/28\/memoria-del-aire-6\/\"]}]},{\"@type\":\"BreadcrumbList\",\"@id\":\"https:\/\/noticias.imer.mx\/antenaradio\/2009\/09\/28\/memoria-del-aire-6\/#breadcrumb\",\"itemListElement\":[{\"@type\":\"ListItem\",\"position\":1,\"name\":\"Home\",\"item\":\"https:\/\/noticias.imer.mx\/antenaradio\/\"},{\"@type\":\"ListItem\",\"position\":2,\"name\":\"Memoria del Aire\"}]},{\"@type\":\"WebSite\",\"@id\":\"https:\/\/noticias.imer.mx\/antenaradio\/#website\",\"url\":\"https:\/\/noticias.imer.mx\/antenaradio\/\",\"name\":\"Antena Radio\",\"description\":\"La forma m\u00e1s clara de entender la noticia\",\"potentialAction\":[{\"@type\":\"SearchAction\",\"target\":{\"@type\":\"EntryPoint\",\"urlTemplate\":\"https:\/\/noticias.imer.mx\/antenaradio\/?s={search_term_string}\"},\"query-input\":\"required name=search_term_string\"}],\"inLanguage\":\"es\"},{\"@type\":\"Person\",\"@id\":\"https:\/\/noticias.imer.mx\/antenaradio\/#\/schema\/person\/72de5454d165c5239bc56a49873e43c9\",\"name\":\"IMER Noticias\",\"url\":\"https:\/\/noticias.imer.mx\/antenaradio\/author\/antenaradio\/\"}]}<\/script>\n<!-- \/ Yoast SEO plugin. -->","yoast_head_json":{"title":"Memoria del Aire - Antena Radio","robots":{"index":"index","follow":"follow","max-snippet":"max-snippet:-1","max-image-preview":"max-image-preview:large","max-video-preview":"max-video-preview:-1"},"canonical":"https:\/\/noticias.imer.mx\/antenaradio\/2009\/09\/28\/memoria-del-aire-6\/","og_locale":"es_ES","og_type":"article","og_title":"Memoria del Aire - Antena Radio","og_description":"Como todos los lunes, Abel Vicencio, director de la empresa Medialog,\u00a0le presenta su \u00abMemoria del Aire\u00bb. Ent\u00e9rese de qu\u00e9 temas acapararon la atenci\u00f3n de los medios de comunicaci\u00f3n en esta semana. memoria-del-aire","og_url":"https:\/\/noticias.imer.mx\/antenaradio\/2009\/09\/28\/memoria-del-aire-6\/","og_site_name":"Antena Radio","article_published_time":"2009-09-28T18:17:41+00:00","og_image":[{"url":"http:\/\/snn.imer.gob.mx\/todosloslunes\/files\/2009\/09\/medialog2.jpg"}],"author":"IMER Noticias","twitter_card":"summary_large_image","twitter_misc":{"Escrito por":"IMER Noticias"},"schema":{"@context":"https:\/\/schema.org","@graph":[{"@type":"WebPage","@id":"https:\/\/noticias.imer.mx\/antenaradio\/2009\/09\/28\/memoria-del-aire-6\/","url":"https:\/\/noticias.imer.mx\/antenaradio\/2009\/09\/28\/memoria-del-aire-6\/","name":"Memoria del Aire - Antena Radio","isPartOf":{"@id":"https:\/\/noticias.imer.mx\/antenaradio\/#website"},"datePublished":"2009-09-28T18:17:41+00:00","dateModified":"2009-09-28T18:17:41+00:00","author":{"@id":"https:\/\/noticias.imer.mx\/antenaradio\/#\/schema\/person\/72de5454d165c5239bc56a49873e43c9"},"breadcrumb":{"@id":"https:\/\/noticias.imer.mx\/antenaradio\/2009\/09\/28\/memoria-del-aire-6\/#breadcrumb"},"inLanguage":"es","potentialAction":[{"@type":"ReadAction","target":["https:\/\/noticias.imer.mx\/antenaradio\/2009\/09\/28\/memoria-del-aire-6\/"]}]},{"@type":"BreadcrumbList","@id":"https:\/\/noticias.imer.mx\/antenaradio\/2009\/09\/28\/memoria-del-aire-6\/#breadcrumb","itemListElement":[{"@type":"ListItem","position":1,"name":"Home","item":"https:\/\/noticias.imer.mx\/antenaradio\/"},{"@type":"ListItem","position":2,"name":"Memoria del Aire"}]},{"@type":"WebSite","@id":"https:\/\/noticias.imer.mx\/antenaradio\/#website","url":"https:\/\/noticias.imer.mx\/antenaradio\/","name":"Antena Radio","description":"La forma m\u00e1s clara de entender la noticia","potentialAction":[{"@type":"SearchAction","target":{"@type":"EntryPoint","urlTemplate":"https:\/\/noticias.imer.mx\/antenaradio\/?s={search_term_string}"},"query-input":"required name=search_term_string"}],"inLanguage":"es"},{"@type":"Person","@id":"https:\/\/noticias.imer.mx\/antenaradio\/#\/schema\/person\/72de5454d165c5239bc56a49873e43c9","name":"IMER Noticias","url":"https:\/\/noticias.imer.mx\/antenaradio\/author\/antenaradio\/"}]}},"_links":{"self":[{"href":"https:\/\/noticias.imer.mx\/antenaradio\/wp-json\/wp\/v2\/posts\/27829"}],"collection":[{"href":"https:\/\/noticias.imer.mx\/antenaradio\/wp-json\/wp\/v2\/posts"}],"about":[{"href":"https:\/\/noticias.imer.mx\/antenaradio\/wp-json\/wp\/v2\/types\/post"}],"author":[{"embeddable":true,"href":"https:\/\/noticias.imer.mx\/antenaradio\/wp-json\/wp\/v2\/users\/8"}],"replies":[{"embeddable":true,"href":"https:\/\/noticias.imer.mx\/antenaradio\/wp-json\/wp\/v2\/comments?post=27829"}],"version-history":[{"count":0,"href":"https:\/\/noticias.imer.mx\/antenaradio\/wp-json\/wp\/v2\/posts\/27829\/revisions"}],"wp:attachment":[{"href":"https:\/\/noticias.imer.mx\/antenaradio\/wp-json\/wp\/v2\/media?parent=27829"}],"wp:term":[{"taxonomy":"category","embeddable":true,"href":"https:\/\/noticias.imer.mx\/antenaradio\/wp-json\/wp\/v2\/categories?post=27829"},{"taxonomy":"post_tag","embeddable":true,"href":"https:\/\/noticias.imer.mx\/antenaradio\/wp-json\/wp\/v2\/tags?post=27829"}],"curies":[{"name":"wp","href":"https:\/\/api.w.org\/{rel}","templated":true}]}}