{"id":265,"date":"2009-08-05T15:38:35","date_gmt":"2009-08-05T20:38:35","guid":{"rendered":"http:\/\/www.blogs.imer.com.mx\/antenaradio\/?p=265"},"modified":"2009-08-05T15:38:35","modified_gmt":"2009-08-05T20:38:35","slug":"entrevista-edy-ortiz-pina","status":"publish","type":"post","link":"https:\/\/noticias.imer.mx\/antenaradio\/2009\/08\/05\/entrevista-edy-ortiz-pina\/","title":{"rendered":"Entrevista Edy Ortiz Pi\u00f1a"},"content":{"rendered":"<p><a href=\"http:\/\/www.blogs.imer.com.mx\/antenaradio\/files\/2009\/08\/periferico-trafico-310706.jpg\"><img decoding=\"async\" loading=\"lazy\" class=\"alignleft size-medium wp-image-267\" src=\"http:\/\/www.blogs.imer.com.mx\/antenaradio\/files\/2009\/08\/periferico-trafico-310706-300x198.jpg\" alt=\"\" width=\"300\" height=\"198\" srcset=\"https:\/\/noticias.imer.mx\/antenaradio\/files\/2009\/08\/periferico-trafico-310706-300x198.jpg 300w, https:\/\/noticias.imer.mx\/antenaradio\/files\/2009\/08\/periferico-trafico-310706.jpg 380w\" sizes=\"(max-width: 300px) 100vw, 300px\" \/><\/a>El d\u00eda de hoy Nora Patricia Jara platic\u00f3 con el diputado Edy Ortiz Pi\u00f1a, presidente de la comisi\u00f3n de Desarrollo e Infraestructura de la ALDF, sobre los problemas viales que existen en la Ciudad de M\u00e9xico debido a las obras.<\/p>\n<p><a href=\"http:\/\/www.blogs.imer.com.mx\/antenaradio\/files\/2009\/08\/edy-ortiz.mp3\">edy-ortiz<\/a><\/p>\n","protected":false},"excerpt":{"rendered":"<p>El d\u00eda de hoy Nora Patricia Jara platic\u00f3 con el diputado Edy Ortiz Pi\u00f1a, presidente de la comisi\u00f3n de Desarrollo e Infraestructura de la ALDF, sobre los problemas viales que existen en la Ciudad de M\u00e9xico debido a las obras. edy-ortiz<\/p>\n","protected":false},"author":8,"featured_media":0,"comment_status":"open","ping_status":"open","sticky":false,"template":"","format":"standard","meta":{"wp_popup_display_lightbox":0,"wp_popup_suppress":"","wp_popup_trigger":"","wp_popup_trigger_amount":0,"wp_popup_disable_on_mobile":false},"categories":[3],"tags":[130,1549,11150,3363,4475],"yoast_head":"<!-- This site is optimized with the Yoast SEO plugin v21.0 - https:\/\/yoast.com\/wordpress\/plugins\/seo\/ -->\n<title>Entrevista Edy Ortiz Pi\u00f1a - Antena Radio<\/title>\n<meta name=\"robots\" content=\"index, follow, max-snippet:-1, max-image-preview:large, max-video-preview:-1\" \/>\n<link rel=\"canonical\" href=\"https:\/\/noticias.imer.mx\/antenaradio\/2009\/08\/05\/entrevista-edy-ortiz-pina\/\" \/>\n<meta property=\"og:locale\" content=\"es_ES\" \/>\n<meta property=\"og:type\" content=\"article\" \/>\n<meta property=\"og:title\" content=\"Entrevista Edy Ortiz Pi\u00f1a - Antena Radio\" \/>\n<meta property=\"og:description\" content=\"El d\u00eda de hoy Nora Patricia Jara platic\u00f3 con el diputado Edy Ortiz Pi\u00f1a, presidente de la comisi\u00f3n de Desarrollo e Infraestructura de la ALDF, sobre los problemas viales que existen en la Ciudad de M\u00e9xico debido a las obras. edy-ortiz\" \/>\n<meta property=\"og:url\" content=\"https:\/\/noticias.imer.mx\/antenaradio\/2009\/08\/05\/entrevista-edy-ortiz-pina\/\" \/>\n<meta property=\"og:site_name\" content=\"Antena Radio\" \/>\n<meta property=\"article:published_time\" content=\"2009-08-05T20:38:35+00:00\" \/>\n<meta property=\"og:image\" content=\"http:\/\/www.blogs.imer.com.mx\/antenaradio\/files\/2009\/08\/periferico-trafico-310706-300x198.jpg\" \/>\n<meta name=\"author\" content=\"IMER Noticias\" \/>\n<meta name=\"twitter:card\" content=\"summary_large_image\" \/>\n<meta name=\"twitter:label1\" content=\"Escrito por\" \/>\n\t<meta name=\"twitter:data1\" content=\"IMER Noticias\" \/>\n<script type=\"application\/ld+json\" class=\"yoast-schema-graph\">{\"@context\":\"https:\/\/schema.org\",\"@graph\":[{\"@type\":\"WebPage\",\"@id\":\"https:\/\/noticias.imer.mx\/antenaradio\/2009\/08\/05\/entrevista-edy-ortiz-pina\/\",\"url\":\"https:\/\/noticias.imer.mx\/antenaradio\/2009\/08\/05\/entrevista-edy-ortiz-pina\/\",\"name\":\"Entrevista Edy Ortiz Pi\u00f1a - Antena Radio\",\"isPartOf\":{\"@id\":\"https:\/\/noticias.imer.mx\/antenaradio\/#website\"},\"datePublished\":\"2009-08-05T20:38:35+00:00\",\"dateModified\":\"2009-08-05T20:38:35+00:00\",\"author\":{\"@id\":\"https:\/\/noticias.imer.mx\/antenaradio\/#\/schema\/person\/72de5454d165c5239bc56a49873e43c9\"},\"breadcrumb\":{\"@id\":\"https:\/\/noticias.imer.mx\/antenaradio\/2009\/08\/05\/entrevista-edy-ortiz-pina\/#breadcrumb\"},\"inLanguage\":\"es\",\"potentialAction\":[{\"@type\":\"ReadAction\",\"target\":[\"https:\/\/noticias.imer.mx\/antenaradio\/2009\/08\/05\/entrevista-edy-ortiz-pina\/\"]}]},{\"@type\":\"BreadcrumbList\",\"@id\":\"https:\/\/noticias.imer.mx\/antenaradio\/2009\/08\/05\/entrevista-edy-ortiz-pina\/#breadcrumb\",\"itemListElement\":[{\"@type\":\"ListItem\",\"position\":1,\"name\":\"Home\",\"item\":\"https:\/\/noticias.imer.mx\/antenaradio\/\"},{\"@type\":\"ListItem\",\"position\":2,\"name\":\"Entrevista Edy Ortiz Pi\u00f1a\"}]},{\"@type\":\"WebSite\",\"@id\":\"https:\/\/noticias.imer.mx\/antenaradio\/#website\",\"url\":\"https:\/\/noticias.imer.mx\/antenaradio\/\",\"name\":\"Antena Radio\",\"description\":\"La forma m\u00e1s clara de entender la noticia\",\"potentialAction\":[{\"@type\":\"SearchAction\",\"target\":{\"@type\":\"EntryPoint\",\"urlTemplate\":\"https:\/\/noticias.imer.mx\/antenaradio\/?s={search_term_string}\"},\"query-input\":\"required name=search_term_string\"}],\"inLanguage\":\"es\"},{\"@type\":\"Person\",\"@id\":\"https:\/\/noticias.imer.mx\/antenaradio\/#\/schema\/person\/72de5454d165c5239bc56a49873e43c9\",\"name\":\"IMER Noticias\",\"url\":\"https:\/\/noticias.imer.mx\/antenaradio\/author\/antenaradio\/\"}]}<\/script>\n<!-- \/ Yoast SEO plugin. -->","yoast_head_json":{"title":"Entrevista Edy Ortiz Pi\u00f1a - Antena Radio","robots":{"index":"index","follow":"follow","max-snippet":"max-snippet:-1","max-image-preview":"max-image-preview:large","max-video-preview":"max-video-preview:-1"},"canonical":"https:\/\/noticias.imer.mx\/antenaradio\/2009\/08\/05\/entrevista-edy-ortiz-pina\/","og_locale":"es_ES","og_type":"article","og_title":"Entrevista Edy Ortiz Pi\u00f1a - Antena Radio","og_description":"El d\u00eda de hoy Nora Patricia Jara platic\u00f3 con el diputado Edy Ortiz Pi\u00f1a, presidente de la comisi\u00f3n de Desarrollo e Infraestructura de la ALDF, sobre los problemas viales que existen en la Ciudad de M\u00e9xico debido a las obras. edy-ortiz","og_url":"https:\/\/noticias.imer.mx\/antenaradio\/2009\/08\/05\/entrevista-edy-ortiz-pina\/","og_site_name":"Antena Radio","article_published_time":"2009-08-05T20:38:35+00:00","og_image":[{"url":"http:\/\/www.blogs.imer.com.mx\/antenaradio\/files\/2009\/08\/periferico-trafico-310706-300x198.jpg"}],"author":"IMER Noticias","twitter_card":"summary_large_image","twitter_misc":{"Escrito por":"IMER Noticias"},"schema":{"@context":"https:\/\/schema.org","@graph":[{"@type":"WebPage","@id":"https:\/\/noticias.imer.mx\/antenaradio\/2009\/08\/05\/entrevista-edy-ortiz-pina\/","url":"https:\/\/noticias.imer.mx\/antenaradio\/2009\/08\/05\/entrevista-edy-ortiz-pina\/","name":"Entrevista Edy Ortiz Pi\u00f1a - Antena Radio","isPartOf":{"@id":"https:\/\/noticias.imer.mx\/antenaradio\/#website"},"datePublished":"2009-08-05T20:38:35+00:00","dateModified":"2009-08-05T20:38:35+00:00","author":{"@id":"https:\/\/noticias.imer.mx\/antenaradio\/#\/schema\/person\/72de5454d165c5239bc56a49873e43c9"},"breadcrumb":{"@id":"https:\/\/noticias.imer.mx\/antenaradio\/2009\/08\/05\/entrevista-edy-ortiz-pina\/#breadcrumb"},"inLanguage":"es","potentialAction":[{"@type":"ReadAction","target":["https:\/\/noticias.imer.mx\/antenaradio\/2009\/08\/05\/entrevista-edy-ortiz-pina\/"]}]},{"@type":"BreadcrumbList","@id":"https:\/\/noticias.imer.mx\/antenaradio\/2009\/08\/05\/entrevista-edy-ortiz-pina\/#breadcrumb","itemListElement":[{"@type":"ListItem","position":1,"name":"Home","item":"https:\/\/noticias.imer.mx\/antenaradio\/"},{"@type":"ListItem","position":2,"name":"Entrevista Edy Ortiz Pi\u00f1a"}]},{"@type":"WebSite","@id":"https:\/\/noticias.imer.mx\/antenaradio\/#website","url":"https:\/\/noticias.imer.mx\/antenaradio\/","name":"Antena Radio","description":"La forma m\u00e1s clara de entender la noticia","potentialAction":[{"@type":"SearchAction","target":{"@type":"EntryPoint","urlTemplate":"https:\/\/noticias.imer.mx\/antenaradio\/?s={search_term_string}"},"query-input":"required name=search_term_string"}],"inLanguage":"es"},{"@type":"Person","@id":"https:\/\/noticias.imer.mx\/antenaradio\/#\/schema\/person\/72de5454d165c5239bc56a49873e43c9","name":"IMER Noticias","url":"https:\/\/noticias.imer.mx\/antenaradio\/author\/antenaradio\/"}]}},"_links":{"self":[{"href":"https:\/\/noticias.imer.mx\/antenaradio\/wp-json\/wp\/v2\/posts\/265"}],"collection":[{"href":"https:\/\/noticias.imer.mx\/antenaradio\/wp-json\/wp\/v2\/posts"}],"about":[{"href":"https:\/\/noticias.imer.mx\/antenaradio\/wp-json\/wp\/v2\/types\/post"}],"author":[{"embeddable":true,"href":"https:\/\/noticias.imer.mx\/antenaradio\/wp-json\/wp\/v2\/users\/8"}],"replies":[{"embeddable":true,"href":"https:\/\/noticias.imer.mx\/antenaradio\/wp-json\/wp\/v2\/comments?post=265"}],"version-history":[{"count":1,"href":"https:\/\/noticias.imer.mx\/antenaradio\/wp-json\/wp\/v2\/posts\/265\/revisions"}],"predecessor-version":[{"id":270,"href":"https:\/\/noticias.imer.mx\/antenaradio\/wp-json\/wp\/v2\/posts\/265\/revisions\/270"}],"wp:attachment":[{"href":"https:\/\/noticias.imer.mx\/antenaradio\/wp-json\/wp\/v2\/media?parent=265"}],"wp:term":[{"taxonomy":"category","embeddable":true,"href":"https:\/\/noticias.imer.mx\/antenaradio\/wp-json\/wp\/v2\/categories?post=265"},{"taxonomy":"post_tag","embeddable":true,"href":"https:\/\/noticias.imer.mx\/antenaradio\/wp-json\/wp\/v2\/tags?post=265"}],"curies":[{"name":"wp","href":"https:\/\/api.w.org\/{rel}","templated":true}]}}