{"id":24836,"date":"2013-12-18T12:32:35","date_gmt":"2013-12-18T18:32:35","guid":{"rendered":"http:\/\/snn.imer.gob.mx\/antenaradio\/?p=24836"},"modified":"2013-12-18T12:32:35","modified_gmt":"2013-12-18T18:32:35","slug":"hay-una-voluntad-por-parte-de-todos-los-partidos-politicos-rodriguez-doval","status":"publish","type":"post","link":"https:\/\/noticias.imer.mx\/antenaradio\/2013\/12\/18\/hay-una-voluntad-por-parte-de-todos-los-partidos-politicos-rodriguez-doval\/","title":{"rendered":"Hay una voluntad por parte de todos los partidos pol\u00edticos: Rodr\u00edguez Doval"},"content":{"rendered":"<p><a href=\"http:\/\/snn.imer.gob.mx\/antenaradio\/files\/2013\/12\/doval.png\"><img decoding=\"async\" loading=\"lazy\" class=\"alignleft size-thumbnail wp-image-24838\" alt=\"doval\" src=\"http:\/\/snn.imer.gob.mx\/antenaradio\/files\/2013\/12\/doval-150x150.png\" width=\"150\" height=\"150\" \/><\/a><\/p>\n<p>Mario Campos entrevist\u00f3 al diputado<b> Fernando Rodr\u00edguez Doval,<\/b> (PAN), secretario de la Comisi\u00f3n del Distrito Federal de la C\u00e1mara de Diputados, quien habl\u00f3 sobre el tema de la Reforma Pol\u00edtica en el DF. Le invitamos a escuchar<\/p>\n<!--[if lt IE 9]><script>document.createElement('audio');<\/script><![endif]-->\n<audio class=\"wp-audio-shortcode\" id=\"audio-24836-1\" preload=\"none\" style=\"width: 100%;\" controls=\"controls\"><source type=\"audio\/mpeg\" src=\"http:\/\/snn.imer.gob.mx\/antenaradio\/files\/2013\/12\/Dip-Fernando-Ridriguez-Sandoval.mp3?_=1\" \/><a href=\"http:\/\/snn.imer.gob.mx\/antenaradio\/files\/2013\/12\/Dip-Fernando-Ridriguez-Sandoval.mp3\">http:\/\/snn.imer.gob.mx\/antenaradio\/files\/2013\/12\/Dip-Fernando-Ridriguez-Sandoval.mp3<\/a><\/audio>\n","protected":false},"excerpt":{"rendered":"<p>Mario Campos entrevist\u00f3 al diputado Fernando Rodr\u00edguez Doval, (PAN), secretario de la Comisi\u00f3n del Distrito Federal de la C\u00e1mara de Diputados, quien habl\u00f3 sobre el tema de la Reforma Pol\u00edtica en el DF. Le invitamos a escuchar<\/p>\n","protected":false},"author":8,"featured_media":0,"comment_status":"open","ping_status":"open","sticky":false,"template":"","format":"standard","meta":{"wp_popup_display_lightbox":0,"wp_popup_suppress":"","wp_popup_trigger":"","wp_popup_trigger_amount":0,"wp_popup_disable_on_mobile":false},"categories":[5,4929],"tags":[1860],"yoast_head":"<!-- This site is optimized with the Yoast SEO plugin v21.0 - https:\/\/yoast.com\/wordpress\/plugins\/seo\/ -->\n<title>Hay una voluntad por parte de todos los partidos pol\u00edticos: Rodr\u00edguez Doval - Antena Radio<\/title>\n<meta name=\"robots\" content=\"index, follow, max-snippet:-1, max-image-preview:large, max-video-preview:-1\" \/>\n<link rel=\"canonical\" href=\"https:\/\/noticias.imer.mx\/antenaradio\/2013\/12\/18\/hay-una-voluntad-por-parte-de-todos-los-partidos-politicos-rodriguez-doval\/\" \/>\n<meta property=\"og:locale\" content=\"es_ES\" \/>\n<meta property=\"og:type\" content=\"article\" \/>\n<meta property=\"og:title\" content=\"Hay una voluntad por parte de todos los partidos pol\u00edticos: Rodr\u00edguez Doval - Antena Radio\" \/>\n<meta property=\"og:description\" content=\"Mario Campos entrevist\u00f3 al diputado Fernando Rodr\u00edguez Doval, (PAN), secretario de la Comisi\u00f3n del Distrito Federal de la C\u00e1mara de Diputados, quien habl\u00f3 sobre el tema de la Reforma Pol\u00edtica en el DF. Le invitamos a escuchar\" \/>\n<meta property=\"og:url\" content=\"https:\/\/noticias.imer.mx\/antenaradio\/2013\/12\/18\/hay-una-voluntad-por-parte-de-todos-los-partidos-politicos-rodriguez-doval\/\" \/>\n<meta property=\"og:site_name\" content=\"Antena Radio\" \/>\n<meta property=\"article:published_time\" content=\"2013-12-18T18:32:35+00:00\" \/>\n<meta property=\"og:image\" content=\"http:\/\/snn.imer.gob.mx\/antenaradio\/files\/2013\/12\/doval-150x150.png\" \/>\n<meta name=\"author\" content=\"IMER Noticias\" \/>\n<meta name=\"twitter:card\" content=\"summary_large_image\" \/>\n<meta name=\"twitter:label1\" content=\"Escrito por\" \/>\n\t<meta name=\"twitter:data1\" content=\"IMER Noticias\" \/>\n<script type=\"application\/ld+json\" class=\"yoast-schema-graph\">{\"@context\":\"https:\/\/schema.org\",\"@graph\":[{\"@type\":\"WebPage\",\"@id\":\"https:\/\/noticias.imer.mx\/antenaradio\/2013\/12\/18\/hay-una-voluntad-por-parte-de-todos-los-partidos-politicos-rodriguez-doval\/\",\"url\":\"https:\/\/noticias.imer.mx\/antenaradio\/2013\/12\/18\/hay-una-voluntad-por-parte-de-todos-los-partidos-politicos-rodriguez-doval\/\",\"name\":\"Hay una voluntad por parte de todos los partidos pol\u00edticos: Rodr\u00edguez Doval - Antena Radio\",\"isPartOf\":{\"@id\":\"https:\/\/noticias.imer.mx\/antenaradio\/#website\"},\"datePublished\":\"2013-12-18T18:32:35+00:00\",\"dateModified\":\"2013-12-18T18:32:35+00:00\",\"author\":{\"@id\":\"https:\/\/noticias.imer.mx\/antenaradio\/#\/schema\/person\/72de5454d165c5239bc56a49873e43c9\"},\"breadcrumb\":{\"@id\":\"https:\/\/noticias.imer.mx\/antenaradio\/2013\/12\/18\/hay-una-voluntad-por-parte-de-todos-los-partidos-politicos-rodriguez-doval\/#breadcrumb\"},\"inLanguage\":\"es\",\"potentialAction\":[{\"@type\":\"ReadAction\",\"target\":[\"https:\/\/noticias.imer.mx\/antenaradio\/2013\/12\/18\/hay-una-voluntad-por-parte-de-todos-los-partidos-politicos-rodriguez-doval\/\"]}]},{\"@type\":\"BreadcrumbList\",\"@id\":\"https:\/\/noticias.imer.mx\/antenaradio\/2013\/12\/18\/hay-una-voluntad-por-parte-de-todos-los-partidos-politicos-rodriguez-doval\/#breadcrumb\",\"itemListElement\":[{\"@type\":\"ListItem\",\"position\":1,\"name\":\"Home\",\"item\":\"https:\/\/noticias.imer.mx\/antenaradio\/\"},{\"@type\":\"ListItem\",\"position\":2,\"name\":\"Hay una voluntad por parte de todos los partidos pol\u00edticos: Rodr\u00edguez Doval\"}]},{\"@type\":\"WebSite\",\"@id\":\"https:\/\/noticias.imer.mx\/antenaradio\/#website\",\"url\":\"https:\/\/noticias.imer.mx\/antenaradio\/\",\"name\":\"Antena Radio\",\"description\":\"La forma m\u00e1s clara de entender la noticia\",\"potentialAction\":[{\"@type\":\"SearchAction\",\"target\":{\"@type\":\"EntryPoint\",\"urlTemplate\":\"https:\/\/noticias.imer.mx\/antenaradio\/?s={search_term_string}\"},\"query-input\":\"required name=search_term_string\"}],\"inLanguage\":\"es\"},{\"@type\":\"Person\",\"@id\":\"https:\/\/noticias.imer.mx\/antenaradio\/#\/schema\/person\/72de5454d165c5239bc56a49873e43c9\",\"name\":\"IMER Noticias\",\"url\":\"https:\/\/noticias.imer.mx\/antenaradio\/author\/antenaradio\/\"}]}<\/script>\n<!-- \/ Yoast SEO plugin. -->","yoast_head_json":{"title":"Hay una voluntad por parte de todos los partidos pol\u00edticos: Rodr\u00edguez Doval - Antena Radio","robots":{"index":"index","follow":"follow","max-snippet":"max-snippet:-1","max-image-preview":"max-image-preview:large","max-video-preview":"max-video-preview:-1"},"canonical":"https:\/\/noticias.imer.mx\/antenaradio\/2013\/12\/18\/hay-una-voluntad-por-parte-de-todos-los-partidos-politicos-rodriguez-doval\/","og_locale":"es_ES","og_type":"article","og_title":"Hay una voluntad por parte de todos los partidos pol\u00edticos: Rodr\u00edguez Doval - Antena Radio","og_description":"Mario Campos entrevist\u00f3 al diputado Fernando Rodr\u00edguez Doval, (PAN), secretario de la Comisi\u00f3n del Distrito Federal de la C\u00e1mara de Diputados, quien habl\u00f3 sobre el tema de la Reforma Pol\u00edtica en el DF. Le invitamos a escuchar","og_url":"https:\/\/noticias.imer.mx\/antenaradio\/2013\/12\/18\/hay-una-voluntad-por-parte-de-todos-los-partidos-politicos-rodriguez-doval\/","og_site_name":"Antena Radio","article_published_time":"2013-12-18T18:32:35+00:00","og_image":[{"url":"http:\/\/snn.imer.gob.mx\/antenaradio\/files\/2013\/12\/doval-150x150.png"}],"author":"IMER Noticias","twitter_card":"summary_large_image","twitter_misc":{"Escrito por":"IMER Noticias"},"schema":{"@context":"https:\/\/schema.org","@graph":[{"@type":"WebPage","@id":"https:\/\/noticias.imer.mx\/antenaradio\/2013\/12\/18\/hay-una-voluntad-por-parte-de-todos-los-partidos-politicos-rodriguez-doval\/","url":"https:\/\/noticias.imer.mx\/antenaradio\/2013\/12\/18\/hay-una-voluntad-por-parte-de-todos-los-partidos-politicos-rodriguez-doval\/","name":"Hay una voluntad por parte de todos los partidos pol\u00edticos: Rodr\u00edguez Doval - Antena Radio","isPartOf":{"@id":"https:\/\/noticias.imer.mx\/antenaradio\/#website"},"datePublished":"2013-12-18T18:32:35+00:00","dateModified":"2013-12-18T18:32:35+00:00","author":{"@id":"https:\/\/noticias.imer.mx\/antenaradio\/#\/schema\/person\/72de5454d165c5239bc56a49873e43c9"},"breadcrumb":{"@id":"https:\/\/noticias.imer.mx\/antenaradio\/2013\/12\/18\/hay-una-voluntad-por-parte-de-todos-los-partidos-politicos-rodriguez-doval\/#breadcrumb"},"inLanguage":"es","potentialAction":[{"@type":"ReadAction","target":["https:\/\/noticias.imer.mx\/antenaradio\/2013\/12\/18\/hay-una-voluntad-por-parte-de-todos-los-partidos-politicos-rodriguez-doval\/"]}]},{"@type":"BreadcrumbList","@id":"https:\/\/noticias.imer.mx\/antenaradio\/2013\/12\/18\/hay-una-voluntad-por-parte-de-todos-los-partidos-politicos-rodriguez-doval\/#breadcrumb","itemListElement":[{"@type":"ListItem","position":1,"name":"Home","item":"https:\/\/noticias.imer.mx\/antenaradio\/"},{"@type":"ListItem","position":2,"name":"Hay una voluntad por parte de todos los partidos pol\u00edticos: Rodr\u00edguez Doval"}]},{"@type":"WebSite","@id":"https:\/\/noticias.imer.mx\/antenaradio\/#website","url":"https:\/\/noticias.imer.mx\/antenaradio\/","name":"Antena Radio","description":"La forma m\u00e1s clara de entender la noticia","potentialAction":[{"@type":"SearchAction","target":{"@type":"EntryPoint","urlTemplate":"https:\/\/noticias.imer.mx\/antenaradio\/?s={search_term_string}"},"query-input":"required name=search_term_string"}],"inLanguage":"es"},{"@type":"Person","@id":"https:\/\/noticias.imer.mx\/antenaradio\/#\/schema\/person\/72de5454d165c5239bc56a49873e43c9","name":"IMER Noticias","url":"https:\/\/noticias.imer.mx\/antenaradio\/author\/antenaradio\/"}]}},"_links":{"self":[{"href":"https:\/\/noticias.imer.mx\/antenaradio\/wp-json\/wp\/v2\/posts\/24836"}],"collection":[{"href":"https:\/\/noticias.imer.mx\/antenaradio\/wp-json\/wp\/v2\/posts"}],"about":[{"href":"https:\/\/noticias.imer.mx\/antenaradio\/wp-json\/wp\/v2\/types\/post"}],"author":[{"embeddable":true,"href":"https:\/\/noticias.imer.mx\/antenaradio\/wp-json\/wp\/v2\/users\/8"}],"replies":[{"embeddable":true,"href":"https:\/\/noticias.imer.mx\/antenaradio\/wp-json\/wp\/v2\/comments?post=24836"}],"version-history":[{"count":1,"href":"https:\/\/noticias.imer.mx\/antenaradio\/wp-json\/wp\/v2\/posts\/24836\/revisions"}],"predecessor-version":[{"id":24839,"href":"https:\/\/noticias.imer.mx\/antenaradio\/wp-json\/wp\/v2\/posts\/24836\/revisions\/24839"}],"wp:attachment":[{"href":"https:\/\/noticias.imer.mx\/antenaradio\/wp-json\/wp\/v2\/media?parent=24836"}],"wp:term":[{"taxonomy":"category","embeddable":true,"href":"https:\/\/noticias.imer.mx\/antenaradio\/wp-json\/wp\/v2\/categories?post=24836"},{"taxonomy":"post_tag","embeddable":true,"href":"https:\/\/noticias.imer.mx\/antenaradio\/wp-json\/wp\/v2\/tags?post=24836"}],"curies":[{"name":"wp","href":"https:\/\/api.w.org\/{rel}","templated":true}]}}