{"id":22873,"date":"2013-07-09T10:18:18","date_gmt":"2013-07-09T16:18:18","guid":{"rendered":"http:\/\/snn.imer.gob.mx\/antenaradio\/?p=22873"},"modified":"2013-07-09T10:18:18","modified_gmt":"2013-07-09T16:18:18","slug":"la-violencia-durante-los-procesos-electorales","status":"publish","type":"post","link":"https:\/\/noticias.imer.mx\/antenaradio\/2013\/07\/09\/la-violencia-durante-los-procesos-electorales\/","title":{"rendered":"La violencia durante los  procesos electorales"},"content":{"rendered":"<p><a href=\"http:\/\/snn.imer.gob.mx\/antenaradio\/files\/2013\/07\/imagesCAQ3J93F.jpg\"><img decoding=\"async\" loading=\"lazy\" class=\"alignleft size-thumbnail wp-image-22874\" alt=\"gustavo madero\" src=\"http:\/\/snn.imer.gob.mx\/antenaradio\/files\/2013\/07\/imagesCAQ3J93F-150x150.jpg\" width=\"150\" height=\"150\" \/><\/a><\/p>\n<p>En entrevista, <b>Gustavo Madero<\/b> dirigente nacional del Partido Acci\u00f3n Nacional convers\u00f3 sobre el proceso electoral que se llev\u00f3 a cabo el fin de semana pasado. Descargue audio aqu\u00ed:\u00a0<a href=\"http:\/\/snn.imer.gob.mx\/antenaradio\/files\/2013\/07\/09-JULIO-GUSTAVO-MADERO.mp3\">GUSTAVO MADERO<\/a><\/p>\n","protected":false},"excerpt":{"rendered":"<p>En entrevista, Gustavo Madero dirigente nacional del Partido Acci\u00f3n Nacional convers\u00f3 sobre el proceso electoral que se llev\u00f3 a cabo el fin de semana pasado. Descargue audio aqu\u00ed:\u00a0GUSTAVO MADERO<\/p>\n","protected":false},"author":8,"featured_media":0,"comment_status":"open","ping_status":"open","sticky":false,"template":"","format":"standard","meta":{"wp_popup_display_lightbox":0,"wp_popup_suppress":"","wp_popup_trigger":"","wp_popup_trigger_amount":0,"wp_popup_disable_on_mobile":false},"categories":[5,4929],"tags":[11149,1594,2125,11151],"yoast_head":"<!-- This site is optimized with the Yoast SEO plugin v21.0 - https:\/\/yoast.com\/wordpress\/plugins\/seo\/ -->\n<title>La violencia durante los procesos electorales - Antena Radio<\/title>\n<meta name=\"robots\" content=\"index, follow, max-snippet:-1, max-image-preview:large, max-video-preview:-1\" \/>\n<link rel=\"canonical\" href=\"https:\/\/noticias.imer.mx\/antenaradio\/2013\/07\/09\/la-violencia-durante-los-procesos-electorales\/\" \/>\n<meta property=\"og:locale\" content=\"es_ES\" \/>\n<meta property=\"og:type\" content=\"article\" \/>\n<meta property=\"og:title\" content=\"La violencia durante los procesos electorales - Antena Radio\" \/>\n<meta property=\"og:description\" content=\"En entrevista, Gustavo Madero dirigente nacional del Partido Acci\u00f3n Nacional convers\u00f3 sobre el proceso electoral que se llev\u00f3 a cabo el fin de semana pasado. Descargue audio aqu\u00ed:\u00a0GUSTAVO MADERO\" \/>\n<meta property=\"og:url\" content=\"https:\/\/noticias.imer.mx\/antenaradio\/2013\/07\/09\/la-violencia-durante-los-procesos-electorales\/\" \/>\n<meta property=\"og:site_name\" content=\"Antena Radio\" \/>\n<meta property=\"article:published_time\" content=\"2013-07-09T16:18:18+00:00\" \/>\n<meta property=\"og:image\" content=\"http:\/\/snn.imer.gob.mx\/antenaradio\/files\/2013\/07\/imagesCAQ3J93F-150x150.jpg\" \/>\n<meta name=\"author\" content=\"IMER Noticias\" \/>\n<meta name=\"twitter:card\" content=\"summary_large_image\" \/>\n<meta name=\"twitter:label1\" content=\"Escrito por\" \/>\n\t<meta name=\"twitter:data1\" content=\"IMER Noticias\" \/>\n<script type=\"application\/ld+json\" class=\"yoast-schema-graph\">{\"@context\":\"https:\/\/schema.org\",\"@graph\":[{\"@type\":\"WebPage\",\"@id\":\"https:\/\/noticias.imer.mx\/antenaradio\/2013\/07\/09\/la-violencia-durante-los-procesos-electorales\/\",\"url\":\"https:\/\/noticias.imer.mx\/antenaradio\/2013\/07\/09\/la-violencia-durante-los-procesos-electorales\/\",\"name\":\"La violencia durante los procesos electorales - Antena Radio\",\"isPartOf\":{\"@id\":\"https:\/\/noticias.imer.mx\/antenaradio\/#website\"},\"datePublished\":\"2013-07-09T16:18:18+00:00\",\"dateModified\":\"2013-07-09T16:18:18+00:00\",\"author\":{\"@id\":\"https:\/\/noticias.imer.mx\/antenaradio\/#\/schema\/person\/72de5454d165c5239bc56a49873e43c9\"},\"breadcrumb\":{\"@id\":\"https:\/\/noticias.imer.mx\/antenaradio\/2013\/07\/09\/la-violencia-durante-los-procesos-electorales\/#breadcrumb\"},\"inLanguage\":\"es\",\"potentialAction\":[{\"@type\":\"ReadAction\",\"target\":[\"https:\/\/noticias.imer.mx\/antenaradio\/2013\/07\/09\/la-violencia-durante-los-procesos-electorales\/\"]}]},{\"@type\":\"BreadcrumbList\",\"@id\":\"https:\/\/noticias.imer.mx\/antenaradio\/2013\/07\/09\/la-violencia-durante-los-procesos-electorales\/#breadcrumb\",\"itemListElement\":[{\"@type\":\"ListItem\",\"position\":1,\"name\":\"Home\",\"item\":\"https:\/\/noticias.imer.mx\/antenaradio\/\"},{\"@type\":\"ListItem\",\"position\":2,\"name\":\"La violencia durante los procesos electorales\"}]},{\"@type\":\"WebSite\",\"@id\":\"https:\/\/noticias.imer.mx\/antenaradio\/#website\",\"url\":\"https:\/\/noticias.imer.mx\/antenaradio\/\",\"name\":\"Antena Radio\",\"description\":\"La forma m\u00e1s clara de entender la noticia\",\"potentialAction\":[{\"@type\":\"SearchAction\",\"target\":{\"@type\":\"EntryPoint\",\"urlTemplate\":\"https:\/\/noticias.imer.mx\/antenaradio\/?s={search_term_string}\"},\"query-input\":\"required name=search_term_string\"}],\"inLanguage\":\"es\"},{\"@type\":\"Person\",\"@id\":\"https:\/\/noticias.imer.mx\/antenaradio\/#\/schema\/person\/72de5454d165c5239bc56a49873e43c9\",\"name\":\"IMER Noticias\",\"url\":\"https:\/\/noticias.imer.mx\/antenaradio\/author\/antenaradio\/\"}]}<\/script>\n<!-- \/ Yoast SEO plugin. -->","yoast_head_json":{"title":"La violencia durante los procesos electorales - Antena Radio","robots":{"index":"index","follow":"follow","max-snippet":"max-snippet:-1","max-image-preview":"max-image-preview:large","max-video-preview":"max-video-preview:-1"},"canonical":"https:\/\/noticias.imer.mx\/antenaradio\/2013\/07\/09\/la-violencia-durante-los-procesos-electorales\/","og_locale":"es_ES","og_type":"article","og_title":"La violencia durante los procesos electorales - Antena Radio","og_description":"En entrevista, Gustavo Madero dirigente nacional del Partido Acci\u00f3n Nacional convers\u00f3 sobre el proceso electoral que se llev\u00f3 a cabo el fin de semana pasado. Descargue audio aqu\u00ed:\u00a0GUSTAVO MADERO","og_url":"https:\/\/noticias.imer.mx\/antenaradio\/2013\/07\/09\/la-violencia-durante-los-procesos-electorales\/","og_site_name":"Antena Radio","article_published_time":"2013-07-09T16:18:18+00:00","og_image":[{"url":"http:\/\/snn.imer.gob.mx\/antenaradio\/files\/2013\/07\/imagesCAQ3J93F-150x150.jpg"}],"author":"IMER Noticias","twitter_card":"summary_large_image","twitter_misc":{"Escrito por":"IMER Noticias"},"schema":{"@context":"https:\/\/schema.org","@graph":[{"@type":"WebPage","@id":"https:\/\/noticias.imer.mx\/antenaradio\/2013\/07\/09\/la-violencia-durante-los-procesos-electorales\/","url":"https:\/\/noticias.imer.mx\/antenaradio\/2013\/07\/09\/la-violencia-durante-los-procesos-electorales\/","name":"La violencia durante los procesos electorales - Antena Radio","isPartOf":{"@id":"https:\/\/noticias.imer.mx\/antenaradio\/#website"},"datePublished":"2013-07-09T16:18:18+00:00","dateModified":"2013-07-09T16:18:18+00:00","author":{"@id":"https:\/\/noticias.imer.mx\/antenaradio\/#\/schema\/person\/72de5454d165c5239bc56a49873e43c9"},"breadcrumb":{"@id":"https:\/\/noticias.imer.mx\/antenaradio\/2013\/07\/09\/la-violencia-durante-los-procesos-electorales\/#breadcrumb"},"inLanguage":"es","potentialAction":[{"@type":"ReadAction","target":["https:\/\/noticias.imer.mx\/antenaradio\/2013\/07\/09\/la-violencia-durante-los-procesos-electorales\/"]}]},{"@type":"BreadcrumbList","@id":"https:\/\/noticias.imer.mx\/antenaradio\/2013\/07\/09\/la-violencia-durante-los-procesos-electorales\/#breadcrumb","itemListElement":[{"@type":"ListItem","position":1,"name":"Home","item":"https:\/\/noticias.imer.mx\/antenaradio\/"},{"@type":"ListItem","position":2,"name":"La violencia durante los procesos electorales"}]},{"@type":"WebSite","@id":"https:\/\/noticias.imer.mx\/antenaradio\/#website","url":"https:\/\/noticias.imer.mx\/antenaradio\/","name":"Antena Radio","description":"La forma m\u00e1s clara de entender la noticia","potentialAction":[{"@type":"SearchAction","target":{"@type":"EntryPoint","urlTemplate":"https:\/\/noticias.imer.mx\/antenaradio\/?s={search_term_string}"},"query-input":"required name=search_term_string"}],"inLanguage":"es"},{"@type":"Person","@id":"https:\/\/noticias.imer.mx\/antenaradio\/#\/schema\/person\/72de5454d165c5239bc56a49873e43c9","name":"IMER Noticias","url":"https:\/\/noticias.imer.mx\/antenaradio\/author\/antenaradio\/"}]}},"_links":{"self":[{"href":"https:\/\/noticias.imer.mx\/antenaradio\/wp-json\/wp\/v2\/posts\/22873"}],"collection":[{"href":"https:\/\/noticias.imer.mx\/antenaradio\/wp-json\/wp\/v2\/posts"}],"about":[{"href":"https:\/\/noticias.imer.mx\/antenaradio\/wp-json\/wp\/v2\/types\/post"}],"author":[{"embeddable":true,"href":"https:\/\/noticias.imer.mx\/antenaradio\/wp-json\/wp\/v2\/users\/8"}],"replies":[{"embeddable":true,"href":"https:\/\/noticias.imer.mx\/antenaradio\/wp-json\/wp\/v2\/comments?post=22873"}],"version-history":[{"count":2,"href":"https:\/\/noticias.imer.mx\/antenaradio\/wp-json\/wp\/v2\/posts\/22873\/revisions"}],"predecessor-version":[{"id":22877,"href":"https:\/\/noticias.imer.mx\/antenaradio\/wp-json\/wp\/v2\/posts\/22873\/revisions\/22877"}],"wp:attachment":[{"href":"https:\/\/noticias.imer.mx\/antenaradio\/wp-json\/wp\/v2\/media?parent=22873"}],"wp:term":[{"taxonomy":"category","embeddable":true,"href":"https:\/\/noticias.imer.mx\/antenaradio\/wp-json\/wp\/v2\/categories?post=22873"},{"taxonomy":"post_tag","embeddable":true,"href":"https:\/\/noticias.imer.mx\/antenaradio\/wp-json\/wp\/v2\/tags?post=22873"}],"curies":[{"name":"wp","href":"https:\/\/api.w.org\/{rel}","templated":true}]}}