{"id":22831,"date":"2013-07-04T10:58:14","date_gmt":"2013-07-04T16:58:14","guid":{"rendered":"http:\/\/snn.imer.gob.mx\/antenaradio\/?p=22831"},"modified":"2013-07-04T11:23:19","modified_gmt":"2013-07-04T17:23:19","slug":"presidente-de-bolivia-evo-morales-es-obligado-aterrizar-en-viena-caso-snowden","status":"publish","type":"post","link":"https:\/\/noticias.imer.mx\/antenaradio\/2013\/07\/04\/presidente-de-bolivia-evo-morales-es-obligado-aterrizar-en-viena-caso-snowden\/","title":{"rendered":"Presidente de Bolivia Evo Morales es obligado aterrizar en Viena; caso Snowden"},"content":{"rendered":"<p><a href=\"http:\/\/snn.imer.gob.mx\/antenaradio\/files\/2013\/07\/Bolivia-Snowden-01.jpg\"><img decoding=\"async\" loading=\"lazy\" class=\"alignleft size-thumbnail wp-image-22833\" alt=\"Bolivia - Snowden 01\" src=\"http:\/\/snn.imer.gob.mx\/antenaradio\/files\/2013\/07\/Bolivia-Snowden-01-150x150.jpg\" width=\"150\" height=\"150\" \/><\/a><\/p>\n<p>El acad\u00e9mico de la Facultad Latinoamericana de Ciencias Sociales, el doctor <strong>Rodrigo Salazar Elena<\/strong>, habl\u00f3 acerca del conflicto diplom\u00e1tico que surgi\u00f3 luego que el presidente de Bolivia, Evo Morales, fue impedido para utilizar el espacio a\u00e9reo de varios pa\u00edses europeos ante la sospecha de que en su avi\u00f3n viajaba el ex t\u00e9cnico de la CIA, Edward Snowden.<\/p>\n<p><a href=\"http:\/\/snn.imer.gob.mx\/antenaradio\/files\/2013\/07\/04-JULIO-MTRO-RODRIGO-SALAZAR-ELENA.mp3\">Descargue aqu\u00ed el audio <\/a><\/p>\n","protected":false},"excerpt":{"rendered":"<p>El acad\u00e9mico de la Facultad Latinoamericana de Ciencias Sociales, el doctor Rodrigo Salazar Elena, habl\u00f3 acerca del conflicto diplom\u00e1tico que surgi\u00f3 luego que el presidente de Bolivia, Evo Morales, fue impedido para utilizar el espacio a\u00e9reo de varios pa\u00edses europeos ante la sospecha de que en su avi\u00f3n viajaba el ex t\u00e9cnico de la CIA,&hellip;<\/p>\n","protected":false},"author":8,"featured_media":0,"comment_status":"open","ping_status":"open","sticky":false,"template":"","format":"standard","meta":{"wp_popup_display_lightbox":0,"wp_popup_suppress":"","wp_popup_trigger":"","wp_popup_trigger_amount":0,"wp_popup_disable_on_mobile":false},"categories":[5,4929],"tags":[7436,7437,7435,1752,4009],"yoast_head":"<!-- This site is optimized with the Yoast SEO plugin v21.0 - https:\/\/yoast.com\/wordpress\/plugins\/seo\/ -->\n<title>Presidente de Bolivia Evo Morales es obligado aterrizar en Viena; caso Snowden  - Antena Radio<\/title>\n<meta name=\"robots\" content=\"index, follow, max-snippet:-1, max-image-preview:large, max-video-preview:-1\" \/>\n<link rel=\"canonical\" href=\"https:\/\/noticias.imer.mx\/antenaradio\/2013\/07\/04\/presidente-de-bolivia-evo-morales-es-obligado-aterrizar-en-viena-caso-snowden\/\" \/>\n<meta property=\"og:locale\" content=\"es_ES\" \/>\n<meta property=\"og:type\" content=\"article\" \/>\n<meta property=\"og:title\" content=\"Presidente de Bolivia Evo Morales es obligado aterrizar en Viena; caso Snowden  - Antena Radio\" \/>\n<meta property=\"og:description\" content=\"El acad\u00e9mico de la Facultad Latinoamericana de Ciencias Sociales, el doctor Rodrigo Salazar Elena, habl\u00f3 acerca del conflicto diplom\u00e1tico que surgi\u00f3 luego que el presidente de Bolivia, Evo Morales, fue impedido para utilizar el espacio a\u00e9reo de varios pa\u00edses europeos ante la sospecha de que en su avi\u00f3n viajaba el ex t\u00e9cnico de la CIA,&hellip;\" \/>\n<meta property=\"og:url\" content=\"https:\/\/noticias.imer.mx\/antenaradio\/2013\/07\/04\/presidente-de-bolivia-evo-morales-es-obligado-aterrizar-en-viena-caso-snowden\/\" \/>\n<meta property=\"og:site_name\" content=\"Antena Radio\" \/>\n<meta property=\"article:published_time\" content=\"2013-07-04T16:58:14+00:00\" \/>\n<meta property=\"article:modified_time\" content=\"2013-07-04T17:23:19+00:00\" \/>\n<meta property=\"og:image\" content=\"http:\/\/snn.imer.gob.mx\/antenaradio\/files\/2013\/07\/Bolivia-Snowden-01-150x150.jpg\" \/>\n<meta name=\"author\" content=\"IMER Noticias\" \/>\n<meta name=\"twitter:card\" content=\"summary_large_image\" \/>\n<meta name=\"twitter:label1\" content=\"Escrito por\" \/>\n\t<meta name=\"twitter:data1\" content=\"IMER Noticias\" \/>\n<script type=\"application\/ld+json\" class=\"yoast-schema-graph\">{\"@context\":\"https:\/\/schema.org\",\"@graph\":[{\"@type\":\"WebPage\",\"@id\":\"https:\/\/noticias.imer.mx\/antenaradio\/2013\/07\/04\/presidente-de-bolivia-evo-morales-es-obligado-aterrizar-en-viena-caso-snowden\/\",\"url\":\"https:\/\/noticias.imer.mx\/antenaradio\/2013\/07\/04\/presidente-de-bolivia-evo-morales-es-obligado-aterrizar-en-viena-caso-snowden\/\",\"name\":\"Presidente de Bolivia Evo Morales es obligado aterrizar en Viena; caso Snowden - Antena Radio\",\"isPartOf\":{\"@id\":\"https:\/\/noticias.imer.mx\/antenaradio\/#website\"},\"datePublished\":\"2013-07-04T16:58:14+00:00\",\"dateModified\":\"2013-07-04T17:23:19+00:00\",\"author\":{\"@id\":\"https:\/\/noticias.imer.mx\/antenaradio\/#\/schema\/person\/72de5454d165c5239bc56a49873e43c9\"},\"breadcrumb\":{\"@id\":\"https:\/\/noticias.imer.mx\/antenaradio\/2013\/07\/04\/presidente-de-bolivia-evo-morales-es-obligado-aterrizar-en-viena-caso-snowden\/#breadcrumb\"},\"inLanguage\":\"es\",\"potentialAction\":[{\"@type\":\"ReadAction\",\"target\":[\"https:\/\/noticias.imer.mx\/antenaradio\/2013\/07\/04\/presidente-de-bolivia-evo-morales-es-obligado-aterrizar-en-viena-caso-snowden\/\"]}]},{\"@type\":\"BreadcrumbList\",\"@id\":\"https:\/\/noticias.imer.mx\/antenaradio\/2013\/07\/04\/presidente-de-bolivia-evo-morales-es-obligado-aterrizar-en-viena-caso-snowden\/#breadcrumb\",\"itemListElement\":[{\"@type\":\"ListItem\",\"position\":1,\"name\":\"Home\",\"item\":\"https:\/\/noticias.imer.mx\/antenaradio\/\"},{\"@type\":\"ListItem\",\"position\":2,\"name\":\"Presidente de Bolivia Evo Morales es obligado aterrizar en Viena; caso Snowden\"}]},{\"@type\":\"WebSite\",\"@id\":\"https:\/\/noticias.imer.mx\/antenaradio\/#website\",\"url\":\"https:\/\/noticias.imer.mx\/antenaradio\/\",\"name\":\"Antena Radio\",\"description\":\"La forma m\u00e1s clara de entender la noticia\",\"potentialAction\":[{\"@type\":\"SearchAction\",\"target\":{\"@type\":\"EntryPoint\",\"urlTemplate\":\"https:\/\/noticias.imer.mx\/antenaradio\/?s={search_term_string}\"},\"query-input\":\"required name=search_term_string\"}],\"inLanguage\":\"es\"},{\"@type\":\"Person\",\"@id\":\"https:\/\/noticias.imer.mx\/antenaradio\/#\/schema\/person\/72de5454d165c5239bc56a49873e43c9\",\"name\":\"IMER Noticias\",\"url\":\"https:\/\/noticias.imer.mx\/antenaradio\/author\/antenaradio\/\"}]}<\/script>\n<!-- \/ Yoast SEO plugin. -->","yoast_head_json":{"title":"Presidente de Bolivia Evo Morales es obligado aterrizar en Viena; caso Snowden  - Antena Radio","robots":{"index":"index","follow":"follow","max-snippet":"max-snippet:-1","max-image-preview":"max-image-preview:large","max-video-preview":"max-video-preview:-1"},"canonical":"https:\/\/noticias.imer.mx\/antenaradio\/2013\/07\/04\/presidente-de-bolivia-evo-morales-es-obligado-aterrizar-en-viena-caso-snowden\/","og_locale":"es_ES","og_type":"article","og_title":"Presidente de Bolivia Evo Morales es obligado aterrizar en Viena; caso Snowden  - Antena Radio","og_description":"El acad\u00e9mico de la Facultad Latinoamericana de Ciencias Sociales, el doctor Rodrigo Salazar Elena, habl\u00f3 acerca del conflicto diplom\u00e1tico que surgi\u00f3 luego que el presidente de Bolivia, Evo Morales, fue impedido para utilizar el espacio a\u00e9reo de varios pa\u00edses europeos ante la sospecha de que en su avi\u00f3n viajaba el ex t\u00e9cnico de la CIA,&hellip;","og_url":"https:\/\/noticias.imer.mx\/antenaradio\/2013\/07\/04\/presidente-de-bolivia-evo-morales-es-obligado-aterrizar-en-viena-caso-snowden\/","og_site_name":"Antena Radio","article_published_time":"2013-07-04T16:58:14+00:00","article_modified_time":"2013-07-04T17:23:19+00:00","og_image":[{"url":"http:\/\/snn.imer.gob.mx\/antenaradio\/files\/2013\/07\/Bolivia-Snowden-01-150x150.jpg"}],"author":"IMER Noticias","twitter_card":"summary_large_image","twitter_misc":{"Escrito por":"IMER Noticias"},"schema":{"@context":"https:\/\/schema.org","@graph":[{"@type":"WebPage","@id":"https:\/\/noticias.imer.mx\/antenaradio\/2013\/07\/04\/presidente-de-bolivia-evo-morales-es-obligado-aterrizar-en-viena-caso-snowden\/","url":"https:\/\/noticias.imer.mx\/antenaradio\/2013\/07\/04\/presidente-de-bolivia-evo-morales-es-obligado-aterrizar-en-viena-caso-snowden\/","name":"Presidente de Bolivia Evo Morales es obligado aterrizar en Viena; caso Snowden - Antena Radio","isPartOf":{"@id":"https:\/\/noticias.imer.mx\/antenaradio\/#website"},"datePublished":"2013-07-04T16:58:14+00:00","dateModified":"2013-07-04T17:23:19+00:00","author":{"@id":"https:\/\/noticias.imer.mx\/antenaradio\/#\/schema\/person\/72de5454d165c5239bc56a49873e43c9"},"breadcrumb":{"@id":"https:\/\/noticias.imer.mx\/antenaradio\/2013\/07\/04\/presidente-de-bolivia-evo-morales-es-obligado-aterrizar-en-viena-caso-snowden\/#breadcrumb"},"inLanguage":"es","potentialAction":[{"@type":"ReadAction","target":["https:\/\/noticias.imer.mx\/antenaradio\/2013\/07\/04\/presidente-de-bolivia-evo-morales-es-obligado-aterrizar-en-viena-caso-snowden\/"]}]},{"@type":"BreadcrumbList","@id":"https:\/\/noticias.imer.mx\/antenaradio\/2013\/07\/04\/presidente-de-bolivia-evo-morales-es-obligado-aterrizar-en-viena-caso-snowden\/#breadcrumb","itemListElement":[{"@type":"ListItem","position":1,"name":"Home","item":"https:\/\/noticias.imer.mx\/antenaradio\/"},{"@type":"ListItem","position":2,"name":"Presidente de Bolivia Evo Morales es obligado aterrizar en Viena; caso Snowden"}]},{"@type":"WebSite","@id":"https:\/\/noticias.imer.mx\/antenaradio\/#website","url":"https:\/\/noticias.imer.mx\/antenaradio\/","name":"Antena Radio","description":"La forma m\u00e1s clara de entender la noticia","potentialAction":[{"@type":"SearchAction","target":{"@type":"EntryPoint","urlTemplate":"https:\/\/noticias.imer.mx\/antenaradio\/?s={search_term_string}"},"query-input":"required name=search_term_string"}],"inLanguage":"es"},{"@type":"Person","@id":"https:\/\/noticias.imer.mx\/antenaradio\/#\/schema\/person\/72de5454d165c5239bc56a49873e43c9","name":"IMER Noticias","url":"https:\/\/noticias.imer.mx\/antenaradio\/author\/antenaradio\/"}]}},"_links":{"self":[{"href":"https:\/\/noticias.imer.mx\/antenaradio\/wp-json\/wp\/v2\/posts\/22831"}],"collection":[{"href":"https:\/\/noticias.imer.mx\/antenaradio\/wp-json\/wp\/v2\/posts"}],"about":[{"href":"https:\/\/noticias.imer.mx\/antenaradio\/wp-json\/wp\/v2\/types\/post"}],"author":[{"embeddable":true,"href":"https:\/\/noticias.imer.mx\/antenaradio\/wp-json\/wp\/v2\/users\/8"}],"replies":[{"embeddable":true,"href":"https:\/\/noticias.imer.mx\/antenaradio\/wp-json\/wp\/v2\/comments?post=22831"}],"version-history":[{"count":4,"href":"https:\/\/noticias.imer.mx\/antenaradio\/wp-json\/wp\/v2\/posts\/22831\/revisions"}],"predecessor-version":[{"id":22842,"href":"https:\/\/noticias.imer.mx\/antenaradio\/wp-json\/wp\/v2\/posts\/22831\/revisions\/22842"}],"wp:attachment":[{"href":"https:\/\/noticias.imer.mx\/antenaradio\/wp-json\/wp\/v2\/media?parent=22831"}],"wp:term":[{"taxonomy":"category","embeddable":true,"href":"https:\/\/noticias.imer.mx\/antenaradio\/wp-json\/wp\/v2\/categories?post=22831"},{"taxonomy":"post_tag","embeddable":true,"href":"https:\/\/noticias.imer.mx\/antenaradio\/wp-json\/wp\/v2\/tags?post=22831"}],"curies":[{"name":"wp","href":"https:\/\/api.w.org\/{rel}","templated":true}]}}