{"id":22706,"date":"2013-06-26T08:50:22","date_gmt":"2013-06-26T14:50:22","guid":{"rendered":"http:\/\/snn.imer.gob.mx\/antenaradio\/?p=22706"},"modified":"2013-06-26T09:26:04","modified_gmt":"2013-06-26T15:26:04","slug":"aspectos-legales-del-caso-granier","status":"publish","type":"post","link":"https:\/\/noticias.imer.mx\/antenaradio\/2013\/06\/26\/aspectos-legales-del-caso-granier\/","title":{"rendered":"Aspectos legales del caso Granier"},"content":{"rendered":"<p align=\"left\"><a href=\"http:\/\/snn.imer.gob.mx\/antenaradio\/files\/2013\/06\/d051dd7727444f8.jpg\"><img decoding=\"async\" loading=\"lazy\" class=\"alignleft size-thumbnail wp-image-22707\" alt=\"d051dd7727444f8\" src=\"http:\/\/snn.imer.gob.mx\/antenaradio\/files\/2013\/06\/d051dd7727444f8-150x150.jpg\" width=\"150\" height=\"150\" \/><\/a><\/p>\n<p align=\"left\">En entrevista el Doctor<b> Sa\u00fal L\u00f3pez Noriega, <\/b>profesor de tiempo completo del departamento de derecho del ITAM convers\u00f3\u00a0sobre los aspectos legales del\u00a0caso\u00a0 del \u00a0ex gobernador de Tabasco Andr\u00e9s Granier. Descargue audio aqu\u00ed: <a href=\"http:\/\/snn.imer.gob.mx\/antenaradio\/files\/2013\/06\/26-JUNIO-SA\u00daL-L\u00d3PEZ-NORIEGA.mp3\"> SA\u00daL L\u00d3PEZ NORIEGA<\/a><\/p>\n<p>&nbsp;<\/p>\n","protected":false},"excerpt":{"rendered":"<p>En entrevista el Doctor Sa\u00fal L\u00f3pez Noriega, profesor de tiempo completo del departamento de derecho del ITAM convers\u00f3\u00a0sobre los aspectos legales del\u00a0caso\u00a0 del \u00a0ex gobernador de Tabasco Andr\u00e9s Granier. Descargue audio aqu\u00ed: SA\u00daL L\u00d3PEZ NORIEGA &nbsp;<\/p>\n","protected":false},"author":8,"featured_media":0,"comment_status":"open","ping_status":"open","sticky":false,"template":"","format":"standard","meta":{"wp_popup_display_lightbox":0,"wp_popup_suppress":"","wp_popup_trigger":"","wp_popup_trigger_amount":0,"wp_popup_disable_on_mobile":false},"categories":[5,4929],"tags":[11149,7360,11151,6125],"yoast_head":"<!-- This site is optimized with the Yoast SEO plugin v21.0 - https:\/\/yoast.com\/wordpress\/plugins\/seo\/ -->\n<title>Aspectos legales del caso Granier - Antena Radio<\/title>\n<meta name=\"robots\" content=\"index, follow, max-snippet:-1, max-image-preview:large, max-video-preview:-1\" \/>\n<link rel=\"canonical\" href=\"https:\/\/noticias.imer.mx\/antenaradio\/2013\/06\/26\/aspectos-legales-del-caso-granier\/\" \/>\n<meta property=\"og:locale\" content=\"es_ES\" \/>\n<meta property=\"og:type\" content=\"article\" \/>\n<meta property=\"og:title\" content=\"Aspectos legales del caso Granier - Antena Radio\" \/>\n<meta property=\"og:description\" content=\"En entrevista el Doctor Sa\u00fal L\u00f3pez Noriega, profesor de tiempo completo del departamento de derecho del ITAM convers\u00f3\u00a0sobre los aspectos legales del\u00a0caso\u00a0 del \u00a0ex gobernador de Tabasco Andr\u00e9s Granier. Descargue audio aqu\u00ed: SA\u00daL L\u00d3PEZ NORIEGA &nbsp;\" \/>\n<meta property=\"og:url\" content=\"https:\/\/noticias.imer.mx\/antenaradio\/2013\/06\/26\/aspectos-legales-del-caso-granier\/\" \/>\n<meta property=\"og:site_name\" content=\"Antena Radio\" \/>\n<meta property=\"article:published_time\" content=\"2013-06-26T14:50:22+00:00\" \/>\n<meta property=\"article:modified_time\" content=\"2013-06-26T15:26:04+00:00\" \/>\n<meta property=\"og:image\" content=\"http:\/\/snn.imer.gob.mx\/antenaradio\/files\/2013\/06\/d051dd7727444f8-150x150.jpg\" \/>\n<meta name=\"author\" content=\"IMER Noticias\" \/>\n<meta name=\"twitter:card\" content=\"summary_large_image\" \/>\n<meta name=\"twitter:label1\" content=\"Escrito por\" \/>\n\t<meta name=\"twitter:data1\" content=\"IMER Noticias\" \/>\n<script type=\"application\/ld+json\" class=\"yoast-schema-graph\">{\"@context\":\"https:\/\/schema.org\",\"@graph\":[{\"@type\":\"WebPage\",\"@id\":\"https:\/\/noticias.imer.mx\/antenaradio\/2013\/06\/26\/aspectos-legales-del-caso-granier\/\",\"url\":\"https:\/\/noticias.imer.mx\/antenaradio\/2013\/06\/26\/aspectos-legales-del-caso-granier\/\",\"name\":\"Aspectos legales del caso Granier - Antena Radio\",\"isPartOf\":{\"@id\":\"https:\/\/noticias.imer.mx\/antenaradio\/#website\"},\"datePublished\":\"2013-06-26T14:50:22+00:00\",\"dateModified\":\"2013-06-26T15:26:04+00:00\",\"author\":{\"@id\":\"https:\/\/noticias.imer.mx\/antenaradio\/#\/schema\/person\/72de5454d165c5239bc56a49873e43c9\"},\"breadcrumb\":{\"@id\":\"https:\/\/noticias.imer.mx\/antenaradio\/2013\/06\/26\/aspectos-legales-del-caso-granier\/#breadcrumb\"},\"inLanguage\":\"es\",\"potentialAction\":[{\"@type\":\"ReadAction\",\"target\":[\"https:\/\/noticias.imer.mx\/antenaradio\/2013\/06\/26\/aspectos-legales-del-caso-granier\/\"]}]},{\"@type\":\"BreadcrumbList\",\"@id\":\"https:\/\/noticias.imer.mx\/antenaradio\/2013\/06\/26\/aspectos-legales-del-caso-granier\/#breadcrumb\",\"itemListElement\":[{\"@type\":\"ListItem\",\"position\":1,\"name\":\"Home\",\"item\":\"https:\/\/noticias.imer.mx\/antenaradio\/\"},{\"@type\":\"ListItem\",\"position\":2,\"name\":\"Aspectos legales del caso Granier\"}]},{\"@type\":\"WebSite\",\"@id\":\"https:\/\/noticias.imer.mx\/antenaradio\/#website\",\"url\":\"https:\/\/noticias.imer.mx\/antenaradio\/\",\"name\":\"Antena Radio\",\"description\":\"La forma m\u00e1s clara de entender la noticia\",\"potentialAction\":[{\"@type\":\"SearchAction\",\"target\":{\"@type\":\"EntryPoint\",\"urlTemplate\":\"https:\/\/noticias.imer.mx\/antenaradio\/?s={search_term_string}\"},\"query-input\":\"required name=search_term_string\"}],\"inLanguage\":\"es\"},{\"@type\":\"Person\",\"@id\":\"https:\/\/noticias.imer.mx\/antenaradio\/#\/schema\/person\/72de5454d165c5239bc56a49873e43c9\",\"name\":\"IMER Noticias\",\"url\":\"https:\/\/noticias.imer.mx\/antenaradio\/author\/antenaradio\/\"}]}<\/script>\n<!-- \/ Yoast SEO plugin. -->","yoast_head_json":{"title":"Aspectos legales del caso Granier - Antena Radio","robots":{"index":"index","follow":"follow","max-snippet":"max-snippet:-1","max-image-preview":"max-image-preview:large","max-video-preview":"max-video-preview:-1"},"canonical":"https:\/\/noticias.imer.mx\/antenaradio\/2013\/06\/26\/aspectos-legales-del-caso-granier\/","og_locale":"es_ES","og_type":"article","og_title":"Aspectos legales del caso Granier - Antena Radio","og_description":"En entrevista el Doctor Sa\u00fal L\u00f3pez Noriega, profesor de tiempo completo del departamento de derecho del ITAM convers\u00f3\u00a0sobre los aspectos legales del\u00a0caso\u00a0 del \u00a0ex gobernador de Tabasco Andr\u00e9s Granier. Descargue audio aqu\u00ed: SA\u00daL L\u00d3PEZ NORIEGA &nbsp;","og_url":"https:\/\/noticias.imer.mx\/antenaradio\/2013\/06\/26\/aspectos-legales-del-caso-granier\/","og_site_name":"Antena Radio","article_published_time":"2013-06-26T14:50:22+00:00","article_modified_time":"2013-06-26T15:26:04+00:00","og_image":[{"url":"http:\/\/snn.imer.gob.mx\/antenaradio\/files\/2013\/06\/d051dd7727444f8-150x150.jpg"}],"author":"IMER Noticias","twitter_card":"summary_large_image","twitter_misc":{"Escrito por":"IMER Noticias"},"schema":{"@context":"https:\/\/schema.org","@graph":[{"@type":"WebPage","@id":"https:\/\/noticias.imer.mx\/antenaradio\/2013\/06\/26\/aspectos-legales-del-caso-granier\/","url":"https:\/\/noticias.imer.mx\/antenaradio\/2013\/06\/26\/aspectos-legales-del-caso-granier\/","name":"Aspectos legales del caso Granier - Antena Radio","isPartOf":{"@id":"https:\/\/noticias.imer.mx\/antenaradio\/#website"},"datePublished":"2013-06-26T14:50:22+00:00","dateModified":"2013-06-26T15:26:04+00:00","author":{"@id":"https:\/\/noticias.imer.mx\/antenaradio\/#\/schema\/person\/72de5454d165c5239bc56a49873e43c9"},"breadcrumb":{"@id":"https:\/\/noticias.imer.mx\/antenaradio\/2013\/06\/26\/aspectos-legales-del-caso-granier\/#breadcrumb"},"inLanguage":"es","potentialAction":[{"@type":"ReadAction","target":["https:\/\/noticias.imer.mx\/antenaradio\/2013\/06\/26\/aspectos-legales-del-caso-granier\/"]}]},{"@type":"BreadcrumbList","@id":"https:\/\/noticias.imer.mx\/antenaradio\/2013\/06\/26\/aspectos-legales-del-caso-granier\/#breadcrumb","itemListElement":[{"@type":"ListItem","position":1,"name":"Home","item":"https:\/\/noticias.imer.mx\/antenaradio\/"},{"@type":"ListItem","position":2,"name":"Aspectos legales del caso Granier"}]},{"@type":"WebSite","@id":"https:\/\/noticias.imer.mx\/antenaradio\/#website","url":"https:\/\/noticias.imer.mx\/antenaradio\/","name":"Antena Radio","description":"La forma m\u00e1s clara de entender la noticia","potentialAction":[{"@type":"SearchAction","target":{"@type":"EntryPoint","urlTemplate":"https:\/\/noticias.imer.mx\/antenaradio\/?s={search_term_string}"},"query-input":"required name=search_term_string"}],"inLanguage":"es"},{"@type":"Person","@id":"https:\/\/noticias.imer.mx\/antenaradio\/#\/schema\/person\/72de5454d165c5239bc56a49873e43c9","name":"IMER Noticias","url":"https:\/\/noticias.imer.mx\/antenaradio\/author\/antenaradio\/"}]}},"_links":{"self":[{"href":"https:\/\/noticias.imer.mx\/antenaradio\/wp-json\/wp\/v2\/posts\/22706"}],"collection":[{"href":"https:\/\/noticias.imer.mx\/antenaradio\/wp-json\/wp\/v2\/posts"}],"about":[{"href":"https:\/\/noticias.imer.mx\/antenaradio\/wp-json\/wp\/v2\/types\/post"}],"author":[{"embeddable":true,"href":"https:\/\/noticias.imer.mx\/antenaradio\/wp-json\/wp\/v2\/users\/8"}],"replies":[{"embeddable":true,"href":"https:\/\/noticias.imer.mx\/antenaradio\/wp-json\/wp\/v2\/comments?post=22706"}],"version-history":[{"count":3,"href":"https:\/\/noticias.imer.mx\/antenaradio\/wp-json\/wp\/v2\/posts\/22706\/revisions"}],"predecessor-version":[{"id":22719,"href":"https:\/\/noticias.imer.mx\/antenaradio\/wp-json\/wp\/v2\/posts\/22706\/revisions\/22719"}],"wp:attachment":[{"href":"https:\/\/noticias.imer.mx\/antenaradio\/wp-json\/wp\/v2\/media?parent=22706"}],"wp:term":[{"taxonomy":"category","embeddable":true,"href":"https:\/\/noticias.imer.mx\/antenaradio\/wp-json\/wp\/v2\/categories?post=22706"},{"taxonomy":"post_tag","embeddable":true,"href":"https:\/\/noticias.imer.mx\/antenaradio\/wp-json\/wp\/v2\/tags?post=22706"}],"curies":[{"name":"wp","href":"https:\/\/api.w.org\/{rel}","templated":true}]}}