{"id":22678,"date":"2013-06-25T09:47:31","date_gmt":"2013-06-25T15:47:31","guid":{"rendered":"http:\/\/snn.imer.gob.mx\/antenaradio\/?p=22678"},"modified":"2013-06-25T10:59:40","modified_gmt":"2013-06-25T16:59:40","slug":"dia-internacional-de-la-lucha-contra-el-uso-indebido-y-el-trafico-ilicito-de-drogas","status":"publish","type":"post","link":"https:\/\/noticias.imer.mx\/antenaradio\/2013\/06\/25\/dia-internacional-de-la-lucha-contra-el-uso-indebido-y-el-trafico-ilicito-de-drogas\/","title":{"rendered":"D\u00eda Internacional de la lucha contra el uso indebido y el tr\u00e1fico il\u00edcito de drogas"},"content":{"rendered":"<p><a href=\"http:\/\/snn.imer.gob.mx\/antenaradio\/files\/2013\/06\/drogas-estados-unidos-encuesta.jpg\"><img decoding=\"async\" loading=\"lazy\" class=\"alignleft size-thumbnail wp-image-22679\" alt=\"drogas-estados-unidos-encuesta\" src=\"http:\/\/snn.imer.gob.mx\/antenaradio\/files\/2013\/06\/drogas-estados-unidos-encuesta-150x150.jpg\" width=\"150\" height=\"150\" \/><\/a><\/p>\n<p>El maestro\u00a0<b>Alejandro S\u00e1nchez Guerrero, <\/b>director de prevenci\u00f3n de Centros de Integraci\u00f3n Juvenil nos habla sobre los pendientes que tiene el pa\u00eds en el marco del\u00a0<b>\u00a0<\/b>D\u00eda Internacional de la lucha contra el uso indebido y el tr\u00e1fico il\u00edcito de drogas. Descargue aqu\u00ed el audio: <a href=\"http:\/\/snn.imer.gob.mx\/antenaradio\/files\/2013\/06\/25-JUNIO-ALEJANDRO-SANCHEZ.mp3\">ALEJANDRO SANCHEZ<\/a><\/p>\n<p>&nbsp;<\/p>\n","protected":false},"excerpt":{"rendered":"<p>El maestro\u00a0Alejandro S\u00e1nchez Guerrero, director de prevenci\u00f3n de Centros de Integraci\u00f3n Juvenil nos habla sobre los pendientes que tiene el pa\u00eds en el marco del\u00a0\u00a0D\u00eda Internacional de la lucha contra el uso indebido y el tr\u00e1fico il\u00edcito de drogas. Descargue aqu\u00ed el audio: ALEJANDRO SANCHEZ &nbsp;<\/p>\n","protected":false},"author":8,"featured_media":0,"comment_status":"open","ping_status":"open","sticky":false,"template":"","format":"standard","meta":{"wp_popup_display_lightbox":0,"wp_popup_suppress":"","wp_popup_trigger":"","wp_popup_trigger_amount":0,"wp_popup_disable_on_mobile":false},"categories":[5,4929],"tags":[211,11149,11151,7396],"yoast_head":"<!-- This site is optimized with the Yoast SEO plugin v21.0 - https:\/\/yoast.com\/wordpress\/plugins\/seo\/ -->\n<title>D\u00eda Internacional de la lucha contra el uso indebido y el tr\u00e1fico il\u00edcito de drogas - Antena Radio<\/title>\n<meta name=\"robots\" content=\"index, follow, max-snippet:-1, max-image-preview:large, max-video-preview:-1\" \/>\n<link rel=\"canonical\" href=\"https:\/\/noticias.imer.mx\/antenaradio\/2013\/06\/25\/dia-internacional-de-la-lucha-contra-el-uso-indebido-y-el-trafico-ilicito-de-drogas\/\" \/>\n<meta property=\"og:locale\" content=\"es_ES\" \/>\n<meta property=\"og:type\" content=\"article\" \/>\n<meta property=\"og:title\" content=\"D\u00eda Internacional de la lucha contra el uso indebido y el tr\u00e1fico il\u00edcito de drogas - Antena Radio\" \/>\n<meta property=\"og:description\" content=\"El maestro\u00a0Alejandro S\u00e1nchez Guerrero, director de prevenci\u00f3n de Centros de Integraci\u00f3n Juvenil nos habla sobre los pendientes que tiene el pa\u00eds en el marco del\u00a0\u00a0D\u00eda Internacional de la lucha contra el uso indebido y el tr\u00e1fico il\u00edcito de drogas. Descargue aqu\u00ed el audio: ALEJANDRO SANCHEZ &nbsp;\" \/>\n<meta property=\"og:url\" content=\"https:\/\/noticias.imer.mx\/antenaradio\/2013\/06\/25\/dia-internacional-de-la-lucha-contra-el-uso-indebido-y-el-trafico-ilicito-de-drogas\/\" \/>\n<meta property=\"og:site_name\" content=\"Antena Radio\" \/>\n<meta property=\"article:published_time\" content=\"2013-06-25T15:47:31+00:00\" \/>\n<meta property=\"article:modified_time\" content=\"2013-06-25T16:59:40+00:00\" \/>\n<meta property=\"og:image\" content=\"http:\/\/snn.imer.gob.mx\/antenaradio\/files\/2013\/06\/drogas-estados-unidos-encuesta-150x150.jpg\" \/>\n<meta name=\"author\" content=\"IMER Noticias\" \/>\n<meta name=\"twitter:card\" content=\"summary_large_image\" \/>\n<meta name=\"twitter:label1\" content=\"Escrito por\" \/>\n\t<meta name=\"twitter:data1\" content=\"IMER Noticias\" \/>\n<script type=\"application\/ld+json\" class=\"yoast-schema-graph\">{\"@context\":\"https:\/\/schema.org\",\"@graph\":[{\"@type\":\"WebPage\",\"@id\":\"https:\/\/noticias.imer.mx\/antenaradio\/2013\/06\/25\/dia-internacional-de-la-lucha-contra-el-uso-indebido-y-el-trafico-ilicito-de-drogas\/\",\"url\":\"https:\/\/noticias.imer.mx\/antenaradio\/2013\/06\/25\/dia-internacional-de-la-lucha-contra-el-uso-indebido-y-el-trafico-ilicito-de-drogas\/\",\"name\":\"D\u00eda Internacional de la lucha contra el uso indebido y el tr\u00e1fico il\u00edcito de drogas - Antena Radio\",\"isPartOf\":{\"@id\":\"https:\/\/noticias.imer.mx\/antenaradio\/#website\"},\"datePublished\":\"2013-06-25T15:47:31+00:00\",\"dateModified\":\"2013-06-25T16:59:40+00:00\",\"author\":{\"@id\":\"https:\/\/noticias.imer.mx\/antenaradio\/#\/schema\/person\/72de5454d165c5239bc56a49873e43c9\"},\"breadcrumb\":{\"@id\":\"https:\/\/noticias.imer.mx\/antenaradio\/2013\/06\/25\/dia-internacional-de-la-lucha-contra-el-uso-indebido-y-el-trafico-ilicito-de-drogas\/#breadcrumb\"},\"inLanguage\":\"es\",\"potentialAction\":[{\"@type\":\"ReadAction\",\"target\":[\"https:\/\/noticias.imer.mx\/antenaradio\/2013\/06\/25\/dia-internacional-de-la-lucha-contra-el-uso-indebido-y-el-trafico-ilicito-de-drogas\/\"]}]},{\"@type\":\"BreadcrumbList\",\"@id\":\"https:\/\/noticias.imer.mx\/antenaradio\/2013\/06\/25\/dia-internacional-de-la-lucha-contra-el-uso-indebido-y-el-trafico-ilicito-de-drogas\/#breadcrumb\",\"itemListElement\":[{\"@type\":\"ListItem\",\"position\":1,\"name\":\"Home\",\"item\":\"https:\/\/noticias.imer.mx\/antenaradio\/\"},{\"@type\":\"ListItem\",\"position\":2,\"name\":\"D\u00eda Internacional de la lucha contra el uso indebido y el tr\u00e1fico il\u00edcito de drogas\"}]},{\"@type\":\"WebSite\",\"@id\":\"https:\/\/noticias.imer.mx\/antenaradio\/#website\",\"url\":\"https:\/\/noticias.imer.mx\/antenaradio\/\",\"name\":\"Antena Radio\",\"description\":\"La forma m\u00e1s clara de entender la noticia\",\"potentialAction\":[{\"@type\":\"SearchAction\",\"target\":{\"@type\":\"EntryPoint\",\"urlTemplate\":\"https:\/\/noticias.imer.mx\/antenaradio\/?s={search_term_string}\"},\"query-input\":\"required name=search_term_string\"}],\"inLanguage\":\"es\"},{\"@type\":\"Person\",\"@id\":\"https:\/\/noticias.imer.mx\/antenaradio\/#\/schema\/person\/72de5454d165c5239bc56a49873e43c9\",\"name\":\"IMER Noticias\",\"url\":\"https:\/\/noticias.imer.mx\/antenaradio\/author\/antenaradio\/\"}]}<\/script>\n<!-- \/ Yoast SEO plugin. -->","yoast_head_json":{"title":"D\u00eda Internacional de la lucha contra el uso indebido y el tr\u00e1fico il\u00edcito de drogas - Antena Radio","robots":{"index":"index","follow":"follow","max-snippet":"max-snippet:-1","max-image-preview":"max-image-preview:large","max-video-preview":"max-video-preview:-1"},"canonical":"https:\/\/noticias.imer.mx\/antenaradio\/2013\/06\/25\/dia-internacional-de-la-lucha-contra-el-uso-indebido-y-el-trafico-ilicito-de-drogas\/","og_locale":"es_ES","og_type":"article","og_title":"D\u00eda Internacional de la lucha contra el uso indebido y el tr\u00e1fico il\u00edcito de drogas - Antena Radio","og_description":"El maestro\u00a0Alejandro S\u00e1nchez Guerrero, director de prevenci\u00f3n de Centros de Integraci\u00f3n Juvenil nos habla sobre los pendientes que tiene el pa\u00eds en el marco del\u00a0\u00a0D\u00eda Internacional de la lucha contra el uso indebido y el tr\u00e1fico il\u00edcito de drogas. Descargue aqu\u00ed el audio: ALEJANDRO SANCHEZ &nbsp;","og_url":"https:\/\/noticias.imer.mx\/antenaradio\/2013\/06\/25\/dia-internacional-de-la-lucha-contra-el-uso-indebido-y-el-trafico-ilicito-de-drogas\/","og_site_name":"Antena Radio","article_published_time":"2013-06-25T15:47:31+00:00","article_modified_time":"2013-06-25T16:59:40+00:00","og_image":[{"url":"http:\/\/snn.imer.gob.mx\/antenaradio\/files\/2013\/06\/drogas-estados-unidos-encuesta-150x150.jpg"}],"author":"IMER Noticias","twitter_card":"summary_large_image","twitter_misc":{"Escrito por":"IMER Noticias"},"schema":{"@context":"https:\/\/schema.org","@graph":[{"@type":"WebPage","@id":"https:\/\/noticias.imer.mx\/antenaradio\/2013\/06\/25\/dia-internacional-de-la-lucha-contra-el-uso-indebido-y-el-trafico-ilicito-de-drogas\/","url":"https:\/\/noticias.imer.mx\/antenaradio\/2013\/06\/25\/dia-internacional-de-la-lucha-contra-el-uso-indebido-y-el-trafico-ilicito-de-drogas\/","name":"D\u00eda Internacional de la lucha contra el uso indebido y el tr\u00e1fico il\u00edcito de drogas - Antena Radio","isPartOf":{"@id":"https:\/\/noticias.imer.mx\/antenaradio\/#website"},"datePublished":"2013-06-25T15:47:31+00:00","dateModified":"2013-06-25T16:59:40+00:00","author":{"@id":"https:\/\/noticias.imer.mx\/antenaradio\/#\/schema\/person\/72de5454d165c5239bc56a49873e43c9"},"breadcrumb":{"@id":"https:\/\/noticias.imer.mx\/antenaradio\/2013\/06\/25\/dia-internacional-de-la-lucha-contra-el-uso-indebido-y-el-trafico-ilicito-de-drogas\/#breadcrumb"},"inLanguage":"es","potentialAction":[{"@type":"ReadAction","target":["https:\/\/noticias.imer.mx\/antenaradio\/2013\/06\/25\/dia-internacional-de-la-lucha-contra-el-uso-indebido-y-el-trafico-ilicito-de-drogas\/"]}]},{"@type":"BreadcrumbList","@id":"https:\/\/noticias.imer.mx\/antenaradio\/2013\/06\/25\/dia-internacional-de-la-lucha-contra-el-uso-indebido-y-el-trafico-ilicito-de-drogas\/#breadcrumb","itemListElement":[{"@type":"ListItem","position":1,"name":"Home","item":"https:\/\/noticias.imer.mx\/antenaradio\/"},{"@type":"ListItem","position":2,"name":"D\u00eda Internacional de la lucha contra el uso indebido y el tr\u00e1fico il\u00edcito de drogas"}]},{"@type":"WebSite","@id":"https:\/\/noticias.imer.mx\/antenaradio\/#website","url":"https:\/\/noticias.imer.mx\/antenaradio\/","name":"Antena Radio","description":"La forma m\u00e1s clara de entender la noticia","potentialAction":[{"@type":"SearchAction","target":{"@type":"EntryPoint","urlTemplate":"https:\/\/noticias.imer.mx\/antenaradio\/?s={search_term_string}"},"query-input":"required name=search_term_string"}],"inLanguage":"es"},{"@type":"Person","@id":"https:\/\/noticias.imer.mx\/antenaradio\/#\/schema\/person\/72de5454d165c5239bc56a49873e43c9","name":"IMER Noticias","url":"https:\/\/noticias.imer.mx\/antenaradio\/author\/antenaradio\/"}]}},"_links":{"self":[{"href":"https:\/\/noticias.imer.mx\/antenaradio\/wp-json\/wp\/v2\/posts\/22678"}],"collection":[{"href":"https:\/\/noticias.imer.mx\/antenaradio\/wp-json\/wp\/v2\/posts"}],"about":[{"href":"https:\/\/noticias.imer.mx\/antenaradio\/wp-json\/wp\/v2\/types\/post"}],"author":[{"embeddable":true,"href":"https:\/\/noticias.imer.mx\/antenaradio\/wp-json\/wp\/v2\/users\/8"}],"replies":[{"embeddable":true,"href":"https:\/\/noticias.imer.mx\/antenaradio\/wp-json\/wp\/v2\/comments?post=22678"}],"version-history":[{"count":5,"href":"https:\/\/noticias.imer.mx\/antenaradio\/wp-json\/wp\/v2\/posts\/22678\/revisions"}],"predecessor-version":[{"id":22683,"href":"https:\/\/noticias.imer.mx\/antenaradio\/wp-json\/wp\/v2\/posts\/22678\/revisions\/22683"}],"wp:attachment":[{"href":"https:\/\/noticias.imer.mx\/antenaradio\/wp-json\/wp\/v2\/media?parent=22678"}],"wp:term":[{"taxonomy":"category","embeddable":true,"href":"https:\/\/noticias.imer.mx\/antenaradio\/wp-json\/wp\/v2\/categories?post=22678"},{"taxonomy":"post_tag","embeddable":true,"href":"https:\/\/noticias.imer.mx\/antenaradio\/wp-json\/wp\/v2\/tags?post=22678"}],"curies":[{"name":"wp","href":"https:\/\/api.w.org\/{rel}","templated":true}]}}