{"id":22595,"date":"2013-06-20T11:20:32","date_gmt":"2013-06-20T16:20:32","guid":{"rendered":"http:\/\/snn.imer.gob.mx\/antenaradio\/?p=22595"},"modified":"2013-06-20T12:31:22","modified_gmt":"2013-06-20T17:31:22","slug":"dia-mundial-de-los-refugiados-campana-una-familia-acnur","status":"publish","type":"post","link":"https:\/\/noticias.imer.mx\/antenaradio\/2013\/06\/20\/dia-mundial-de-los-refugiados-campana-una-familia-acnur\/","title":{"rendered":"D\u00eda Mundial de los Refugiados, campa\u00f1a Una familia ACNUR"},"content":{"rendered":"<p><a href=\"http:\/\/snn.imer.gob.mx\/antenaradio\/files\/2013\/06\/D\u00eda-Mundial-del-Refugiado-01.jpg\"><img decoding=\"async\" loading=\"lazy\" class=\"alignleft size-thumbnail wp-image-22597\" alt=\"D\u00eda Mundial del Refugiado 01\" src=\"http:\/\/snn.imer.gob.mx\/antenaradio\/files\/2013\/06\/D\u00eda-Mundial-del-Refugiado-01-150x150.jpg\" width=\"150\" height=\"150\" \/><\/a><\/p>\n<p><strong>Mariana Echani<\/strong>, encargada de informaci\u00f3n p\u00fablica y comunicaci\u00f3n de ACNUR en M\u00e9xico, platic\u00f3 con nosotros sobre la campa\u00f1a Una familia que se presenta en el marco del \u00abD\u00eda Mundial del Refugiado\u00bb que se conmemora este 20 de junio.<\/p>\n<p><a href=\"http:\/\/snn.imer.gob.mx\/antenaradio\/files\/2013\/06\/20-DE-JUNIO-MARIANA-ECHANDI.mp3\">Descargue aqu\u00ed el audio <\/a><\/p>\n","protected":false},"excerpt":{"rendered":"<p>Mariana Echani, encargada de informaci\u00f3n p\u00fablica y comunicaci\u00f3n de ACNUR en M\u00e9xico, platic\u00f3 con nosotros sobre la campa\u00f1a Una familia que se presenta en el marco del \u00abD\u00eda Mundial del Refugiado\u00bb que se conmemora este 20 de junio. Descargue aqu\u00ed el audio<\/p>\n","protected":false},"author":8,"featured_media":0,"comment_status":"open","ping_status":"open","sticky":false,"template":"","format":"standard","meta":{"wp_popup_display_lightbox":0,"wp_popup_suppress":"","wp_popup_trigger":"","wp_popup_trigger_amount":0,"wp_popup_disable_on_mobile":false},"categories":[5,4929],"tags":[7383,1378,7382],"yoast_head":"<!-- This site is optimized with the Yoast SEO plugin v21.0 - https:\/\/yoast.com\/wordpress\/plugins\/seo\/ -->\n<title>D\u00eda Mundial de los Refugiados, campa\u00f1a Una familia ACNUR  - Antena Radio<\/title>\n<meta name=\"robots\" content=\"index, follow, max-snippet:-1, max-image-preview:large, max-video-preview:-1\" \/>\n<link rel=\"canonical\" href=\"https:\/\/noticias.imer.mx\/antenaradio\/2013\/06\/20\/dia-mundial-de-los-refugiados-campana-una-familia-acnur\/\" \/>\n<meta property=\"og:locale\" content=\"es_ES\" \/>\n<meta property=\"og:type\" content=\"article\" \/>\n<meta property=\"og:title\" content=\"D\u00eda Mundial de los Refugiados, campa\u00f1a Una familia ACNUR  - Antena Radio\" \/>\n<meta property=\"og:description\" content=\"Mariana Echani, encargada de informaci\u00f3n p\u00fablica y comunicaci\u00f3n de ACNUR en M\u00e9xico, platic\u00f3 con nosotros sobre la campa\u00f1a Una familia que se presenta en el marco del \u00abD\u00eda Mundial del Refugiado\u00bb que se conmemora este 20 de junio. Descargue aqu\u00ed el audio\" \/>\n<meta property=\"og:url\" content=\"https:\/\/noticias.imer.mx\/antenaradio\/2013\/06\/20\/dia-mundial-de-los-refugiados-campana-una-familia-acnur\/\" \/>\n<meta property=\"og:site_name\" content=\"Antena Radio\" \/>\n<meta property=\"article:published_time\" content=\"2013-06-20T16:20:32+00:00\" \/>\n<meta property=\"article:modified_time\" content=\"2013-06-20T17:31:22+00:00\" \/>\n<meta name=\"author\" content=\"IMER Noticias\" \/>\n<meta name=\"twitter:card\" content=\"summary_large_image\" \/>\n<meta name=\"twitter:label1\" content=\"Escrito por\" \/>\n\t<meta name=\"twitter:data1\" content=\"IMER Noticias\" \/>\n<script type=\"application\/ld+json\" class=\"yoast-schema-graph\">{\"@context\":\"https:\/\/schema.org\",\"@graph\":[{\"@type\":\"WebPage\",\"@id\":\"https:\/\/noticias.imer.mx\/antenaradio\/2013\/06\/20\/dia-mundial-de-los-refugiados-campana-una-familia-acnur\/\",\"url\":\"https:\/\/noticias.imer.mx\/antenaradio\/2013\/06\/20\/dia-mundial-de-los-refugiados-campana-una-familia-acnur\/\",\"name\":\"D\u00eda Mundial de los Refugiados, campa\u00f1a Una familia ACNUR - Antena Radio\",\"isPartOf\":{\"@id\":\"https:\/\/noticias.imer.mx\/antenaradio\/#website\"},\"datePublished\":\"2013-06-20T16:20:32+00:00\",\"dateModified\":\"2013-06-20T17:31:22+00:00\",\"author\":{\"@id\":\"https:\/\/noticias.imer.mx\/antenaradio\/#\/schema\/person\/72de5454d165c5239bc56a49873e43c9\"},\"breadcrumb\":{\"@id\":\"https:\/\/noticias.imer.mx\/antenaradio\/2013\/06\/20\/dia-mundial-de-los-refugiados-campana-una-familia-acnur\/#breadcrumb\"},\"inLanguage\":\"es\",\"potentialAction\":[{\"@type\":\"ReadAction\",\"target\":[\"https:\/\/noticias.imer.mx\/antenaradio\/2013\/06\/20\/dia-mundial-de-los-refugiados-campana-una-familia-acnur\/\"]}]},{\"@type\":\"BreadcrumbList\",\"@id\":\"https:\/\/noticias.imer.mx\/antenaradio\/2013\/06\/20\/dia-mundial-de-los-refugiados-campana-una-familia-acnur\/#breadcrumb\",\"itemListElement\":[{\"@type\":\"ListItem\",\"position\":1,\"name\":\"Home\",\"item\":\"https:\/\/noticias.imer.mx\/antenaradio\/\"},{\"@type\":\"ListItem\",\"position\":2,\"name\":\"D\u00eda Mundial de los Refugiados, campa\u00f1a Una familia ACNUR\"}]},{\"@type\":\"WebSite\",\"@id\":\"https:\/\/noticias.imer.mx\/antenaradio\/#website\",\"url\":\"https:\/\/noticias.imer.mx\/antenaradio\/\",\"name\":\"Antena Radio\",\"description\":\"La forma m\u00e1s clara de entender la noticia\",\"potentialAction\":[{\"@type\":\"SearchAction\",\"target\":{\"@type\":\"EntryPoint\",\"urlTemplate\":\"https:\/\/noticias.imer.mx\/antenaradio\/?s={search_term_string}\"},\"query-input\":\"required name=search_term_string\"}],\"inLanguage\":\"es\"},{\"@type\":\"Person\",\"@id\":\"https:\/\/noticias.imer.mx\/antenaradio\/#\/schema\/person\/72de5454d165c5239bc56a49873e43c9\",\"name\":\"IMER Noticias\",\"url\":\"https:\/\/noticias.imer.mx\/antenaradio\/author\/antenaradio\/\"}]}<\/script>\n<!-- \/ Yoast SEO plugin. -->","yoast_head_json":{"title":"D\u00eda Mundial de los Refugiados, campa\u00f1a Una familia ACNUR  - Antena Radio","robots":{"index":"index","follow":"follow","max-snippet":"max-snippet:-1","max-image-preview":"max-image-preview:large","max-video-preview":"max-video-preview:-1"},"canonical":"https:\/\/noticias.imer.mx\/antenaradio\/2013\/06\/20\/dia-mundial-de-los-refugiados-campana-una-familia-acnur\/","og_locale":"es_ES","og_type":"article","og_title":"D\u00eda Mundial de los Refugiados, campa\u00f1a Una familia ACNUR  - Antena Radio","og_description":"Mariana Echani, encargada de informaci\u00f3n p\u00fablica y comunicaci\u00f3n de ACNUR en M\u00e9xico, platic\u00f3 con nosotros sobre la campa\u00f1a Una familia que se presenta en el marco del \u00abD\u00eda Mundial del Refugiado\u00bb que se conmemora este 20 de junio. Descargue aqu\u00ed el audio","og_url":"https:\/\/noticias.imer.mx\/antenaradio\/2013\/06\/20\/dia-mundial-de-los-refugiados-campana-una-familia-acnur\/","og_site_name":"Antena Radio","article_published_time":"2013-06-20T16:20:32+00:00","article_modified_time":"2013-06-20T17:31:22+00:00","author":"IMER Noticias","twitter_card":"summary_large_image","twitter_misc":{"Escrito por":"IMER Noticias"},"schema":{"@context":"https:\/\/schema.org","@graph":[{"@type":"WebPage","@id":"https:\/\/noticias.imer.mx\/antenaradio\/2013\/06\/20\/dia-mundial-de-los-refugiados-campana-una-familia-acnur\/","url":"https:\/\/noticias.imer.mx\/antenaradio\/2013\/06\/20\/dia-mundial-de-los-refugiados-campana-una-familia-acnur\/","name":"D\u00eda Mundial de los Refugiados, campa\u00f1a Una familia ACNUR - Antena Radio","isPartOf":{"@id":"https:\/\/noticias.imer.mx\/antenaradio\/#website"},"datePublished":"2013-06-20T16:20:32+00:00","dateModified":"2013-06-20T17:31:22+00:00","author":{"@id":"https:\/\/noticias.imer.mx\/antenaradio\/#\/schema\/person\/72de5454d165c5239bc56a49873e43c9"},"breadcrumb":{"@id":"https:\/\/noticias.imer.mx\/antenaradio\/2013\/06\/20\/dia-mundial-de-los-refugiados-campana-una-familia-acnur\/#breadcrumb"},"inLanguage":"es","potentialAction":[{"@type":"ReadAction","target":["https:\/\/noticias.imer.mx\/antenaradio\/2013\/06\/20\/dia-mundial-de-los-refugiados-campana-una-familia-acnur\/"]}]},{"@type":"BreadcrumbList","@id":"https:\/\/noticias.imer.mx\/antenaradio\/2013\/06\/20\/dia-mundial-de-los-refugiados-campana-una-familia-acnur\/#breadcrumb","itemListElement":[{"@type":"ListItem","position":1,"name":"Home","item":"https:\/\/noticias.imer.mx\/antenaradio\/"},{"@type":"ListItem","position":2,"name":"D\u00eda Mundial de los Refugiados, campa\u00f1a Una familia ACNUR"}]},{"@type":"WebSite","@id":"https:\/\/noticias.imer.mx\/antenaradio\/#website","url":"https:\/\/noticias.imer.mx\/antenaradio\/","name":"Antena Radio","description":"La forma m\u00e1s clara de entender la noticia","potentialAction":[{"@type":"SearchAction","target":{"@type":"EntryPoint","urlTemplate":"https:\/\/noticias.imer.mx\/antenaradio\/?s={search_term_string}"},"query-input":"required name=search_term_string"}],"inLanguage":"es"},{"@type":"Person","@id":"https:\/\/noticias.imer.mx\/antenaradio\/#\/schema\/person\/72de5454d165c5239bc56a49873e43c9","name":"IMER Noticias","url":"https:\/\/noticias.imer.mx\/antenaradio\/author\/antenaradio\/"}]}},"_links":{"self":[{"href":"https:\/\/noticias.imer.mx\/antenaradio\/wp-json\/wp\/v2\/posts\/22595"}],"collection":[{"href":"https:\/\/noticias.imer.mx\/antenaradio\/wp-json\/wp\/v2\/posts"}],"about":[{"href":"https:\/\/noticias.imer.mx\/antenaradio\/wp-json\/wp\/v2\/types\/post"}],"author":[{"embeddable":true,"href":"https:\/\/noticias.imer.mx\/antenaradio\/wp-json\/wp\/v2\/users\/8"}],"replies":[{"embeddable":true,"href":"https:\/\/noticias.imer.mx\/antenaradio\/wp-json\/wp\/v2\/comments?post=22595"}],"version-history":[{"count":1,"href":"https:\/\/noticias.imer.mx\/antenaradio\/wp-json\/wp\/v2\/posts\/22595\/revisions"}],"predecessor-version":[{"id":22598,"href":"https:\/\/noticias.imer.mx\/antenaradio\/wp-json\/wp\/v2\/posts\/22595\/revisions\/22598"}],"wp:attachment":[{"href":"https:\/\/noticias.imer.mx\/antenaradio\/wp-json\/wp\/v2\/media?parent=22595"}],"wp:term":[{"taxonomy":"category","embeddable":true,"href":"https:\/\/noticias.imer.mx\/antenaradio\/wp-json\/wp\/v2\/categories?post=22595"},{"taxonomy":"post_tag","embeddable":true,"href":"https:\/\/noticias.imer.mx\/antenaradio\/wp-json\/wp\/v2\/tags?post=22595"}],"curies":[{"name":"wp","href":"https:\/\/api.w.org\/{rel}","templated":true}]}}