{"id":22577,"date":"2013-06-19T11:42:07","date_gmt":"2013-06-19T16:42:07","guid":{"rendered":"http:\/\/snn.imer.gob.mx\/antenaradio\/?p=22577"},"modified":"2013-06-19T12:15:05","modified_gmt":"2013-06-19T17:15:05","slug":"tercer-aniversario-luctuoso-del-escritor-carlos-monsivais","status":"publish","type":"post","link":"https:\/\/noticias.imer.mx\/antenaradio\/2013\/06\/19\/tercer-aniversario-luctuoso-del-escritor-carlos-monsivais\/","title":{"rendered":"Tercer aniversario luctuoso del escritor Carlos Monsiv\u00e1is"},"content":{"rendered":"<p><a href=\"http:\/\/snn.imer.gob.mx\/antenaradio\/files\/2013\/06\/Carlos-Monsiv\u00e1is-01.jpg\"><img decoding=\"async\" loading=\"lazy\" class=\"alignleft size-thumbnail wp-image-22579\" alt=\"Carlos Monsiv\u00e1is 01\" src=\"http:\/\/snn.imer.gob.mx\/antenaradio\/files\/2013\/06\/Carlos-Monsiv\u00e1is-01-150x150.jpg\" width=\"150\" height=\"150\" \/><\/a><\/p>\n<p>Le presentamos el siguiente trabajo que prepar\u00f3 nuestro compa\u00f1ero Juan Carlos Vald\u00e9s a prop\u00f3sito del tercer aniversario luctuoso del escritro <strong>Carlos Monsiv\u00e1is<\/strong>.<\/p>\n<p><a href=\"http:\/\/snn.imer.gob.mx\/antenaradio\/files\/2013\/06\/19-JUNIO-ESPECIAL-MONSIVAIS.mp3\">Descargue aqu\u00ed el audio<br \/>\n<\/a><\/p>\n","protected":false},"excerpt":{"rendered":"<p>Le presentamos el siguiente trabajo que prepar\u00f3 nuestro compa\u00f1ero Juan Carlos Vald\u00e9s a prop\u00f3sito del tercer aniversario luctuoso del escritro Carlos Monsiv\u00e1is. Descargue aqu\u00ed el audio<\/p>\n","protected":false},"author":8,"featured_media":0,"comment_status":"open","ping_status":"open","sticky":false,"template":"","format":"standard","meta":{"wp_popup_display_lightbox":0,"wp_popup_suppress":"","wp_popup_trigger":"","wp_popup_trigger_amount":0,"wp_popup_disable_on_mobile":false},"categories":[5,4929],"tags":[702,7374],"yoast_head":"<!-- This site is optimized with the Yoast SEO plugin v21.0 - https:\/\/yoast.com\/wordpress\/plugins\/seo\/ -->\n<title>Tercer aniversario luctuoso del escritor Carlos Monsiv\u00e1is  - Antena Radio<\/title>\n<meta name=\"robots\" content=\"index, follow, max-snippet:-1, max-image-preview:large, max-video-preview:-1\" \/>\n<link rel=\"canonical\" href=\"https:\/\/noticias.imer.mx\/antenaradio\/2013\/06\/19\/tercer-aniversario-luctuoso-del-escritor-carlos-monsivais\/\" \/>\n<meta property=\"og:locale\" content=\"es_ES\" \/>\n<meta property=\"og:type\" content=\"article\" \/>\n<meta property=\"og:title\" content=\"Tercer aniversario luctuoso del escritor Carlos Monsiv\u00e1is  - Antena Radio\" \/>\n<meta property=\"og:description\" content=\"Le presentamos el siguiente trabajo que prepar\u00f3 nuestro compa\u00f1ero Juan Carlos Vald\u00e9s a prop\u00f3sito del tercer aniversario luctuoso del escritro Carlos Monsiv\u00e1is. Descargue aqu\u00ed el audio\" \/>\n<meta property=\"og:url\" content=\"https:\/\/noticias.imer.mx\/antenaradio\/2013\/06\/19\/tercer-aniversario-luctuoso-del-escritor-carlos-monsivais\/\" \/>\n<meta property=\"og:site_name\" content=\"Antena Radio\" \/>\n<meta property=\"article:published_time\" content=\"2013-06-19T16:42:07+00:00\" \/>\n<meta property=\"article:modified_time\" content=\"2013-06-19T17:15:05+00:00\" \/>\n<meta name=\"author\" content=\"IMER Noticias\" \/>\n<meta name=\"twitter:card\" content=\"summary_large_image\" \/>\n<meta name=\"twitter:label1\" content=\"Escrito por\" \/>\n\t<meta name=\"twitter:data1\" content=\"IMER Noticias\" \/>\n<script type=\"application\/ld+json\" class=\"yoast-schema-graph\">{\"@context\":\"https:\/\/schema.org\",\"@graph\":[{\"@type\":\"WebPage\",\"@id\":\"https:\/\/noticias.imer.mx\/antenaradio\/2013\/06\/19\/tercer-aniversario-luctuoso-del-escritor-carlos-monsivais\/\",\"url\":\"https:\/\/noticias.imer.mx\/antenaradio\/2013\/06\/19\/tercer-aniversario-luctuoso-del-escritor-carlos-monsivais\/\",\"name\":\"Tercer aniversario luctuoso del escritor Carlos Monsiv\u00e1is - Antena Radio\",\"isPartOf\":{\"@id\":\"https:\/\/noticias.imer.mx\/antenaradio\/#website\"},\"datePublished\":\"2013-06-19T16:42:07+00:00\",\"dateModified\":\"2013-06-19T17:15:05+00:00\",\"author\":{\"@id\":\"https:\/\/noticias.imer.mx\/antenaradio\/#\/schema\/person\/72de5454d165c5239bc56a49873e43c9\"},\"breadcrumb\":{\"@id\":\"https:\/\/noticias.imer.mx\/antenaradio\/2013\/06\/19\/tercer-aniversario-luctuoso-del-escritor-carlos-monsivais\/#breadcrumb\"},\"inLanguage\":\"es\",\"potentialAction\":[{\"@type\":\"ReadAction\",\"target\":[\"https:\/\/noticias.imer.mx\/antenaradio\/2013\/06\/19\/tercer-aniversario-luctuoso-del-escritor-carlos-monsivais\/\"]}]},{\"@type\":\"BreadcrumbList\",\"@id\":\"https:\/\/noticias.imer.mx\/antenaradio\/2013\/06\/19\/tercer-aniversario-luctuoso-del-escritor-carlos-monsivais\/#breadcrumb\",\"itemListElement\":[{\"@type\":\"ListItem\",\"position\":1,\"name\":\"Home\",\"item\":\"https:\/\/noticias.imer.mx\/antenaradio\/\"},{\"@type\":\"ListItem\",\"position\":2,\"name\":\"Tercer aniversario luctuoso del escritor Carlos Monsiv\u00e1is\"}]},{\"@type\":\"WebSite\",\"@id\":\"https:\/\/noticias.imer.mx\/antenaradio\/#website\",\"url\":\"https:\/\/noticias.imer.mx\/antenaradio\/\",\"name\":\"Antena Radio\",\"description\":\"La forma m\u00e1s clara de entender la noticia\",\"potentialAction\":[{\"@type\":\"SearchAction\",\"target\":{\"@type\":\"EntryPoint\",\"urlTemplate\":\"https:\/\/noticias.imer.mx\/antenaradio\/?s={search_term_string}\"},\"query-input\":\"required name=search_term_string\"}],\"inLanguage\":\"es\"},{\"@type\":\"Person\",\"@id\":\"https:\/\/noticias.imer.mx\/antenaradio\/#\/schema\/person\/72de5454d165c5239bc56a49873e43c9\",\"name\":\"IMER Noticias\",\"url\":\"https:\/\/noticias.imer.mx\/antenaradio\/author\/antenaradio\/\"}]}<\/script>\n<!-- \/ Yoast SEO plugin. -->","yoast_head_json":{"title":"Tercer aniversario luctuoso del escritor Carlos Monsiv\u00e1is  - Antena Radio","robots":{"index":"index","follow":"follow","max-snippet":"max-snippet:-1","max-image-preview":"max-image-preview:large","max-video-preview":"max-video-preview:-1"},"canonical":"https:\/\/noticias.imer.mx\/antenaradio\/2013\/06\/19\/tercer-aniversario-luctuoso-del-escritor-carlos-monsivais\/","og_locale":"es_ES","og_type":"article","og_title":"Tercer aniversario luctuoso del escritor Carlos Monsiv\u00e1is  - Antena Radio","og_description":"Le presentamos el siguiente trabajo que prepar\u00f3 nuestro compa\u00f1ero Juan Carlos Vald\u00e9s a prop\u00f3sito del tercer aniversario luctuoso del escritro Carlos Monsiv\u00e1is. Descargue aqu\u00ed el audio","og_url":"https:\/\/noticias.imer.mx\/antenaradio\/2013\/06\/19\/tercer-aniversario-luctuoso-del-escritor-carlos-monsivais\/","og_site_name":"Antena Radio","article_published_time":"2013-06-19T16:42:07+00:00","article_modified_time":"2013-06-19T17:15:05+00:00","author":"IMER Noticias","twitter_card":"summary_large_image","twitter_misc":{"Escrito por":"IMER Noticias"},"schema":{"@context":"https:\/\/schema.org","@graph":[{"@type":"WebPage","@id":"https:\/\/noticias.imer.mx\/antenaradio\/2013\/06\/19\/tercer-aniversario-luctuoso-del-escritor-carlos-monsivais\/","url":"https:\/\/noticias.imer.mx\/antenaradio\/2013\/06\/19\/tercer-aniversario-luctuoso-del-escritor-carlos-monsivais\/","name":"Tercer aniversario luctuoso del escritor Carlos Monsiv\u00e1is - Antena Radio","isPartOf":{"@id":"https:\/\/noticias.imer.mx\/antenaradio\/#website"},"datePublished":"2013-06-19T16:42:07+00:00","dateModified":"2013-06-19T17:15:05+00:00","author":{"@id":"https:\/\/noticias.imer.mx\/antenaradio\/#\/schema\/person\/72de5454d165c5239bc56a49873e43c9"},"breadcrumb":{"@id":"https:\/\/noticias.imer.mx\/antenaradio\/2013\/06\/19\/tercer-aniversario-luctuoso-del-escritor-carlos-monsivais\/#breadcrumb"},"inLanguage":"es","potentialAction":[{"@type":"ReadAction","target":["https:\/\/noticias.imer.mx\/antenaradio\/2013\/06\/19\/tercer-aniversario-luctuoso-del-escritor-carlos-monsivais\/"]}]},{"@type":"BreadcrumbList","@id":"https:\/\/noticias.imer.mx\/antenaradio\/2013\/06\/19\/tercer-aniversario-luctuoso-del-escritor-carlos-monsivais\/#breadcrumb","itemListElement":[{"@type":"ListItem","position":1,"name":"Home","item":"https:\/\/noticias.imer.mx\/antenaradio\/"},{"@type":"ListItem","position":2,"name":"Tercer aniversario luctuoso del escritor Carlos Monsiv\u00e1is"}]},{"@type":"WebSite","@id":"https:\/\/noticias.imer.mx\/antenaradio\/#website","url":"https:\/\/noticias.imer.mx\/antenaradio\/","name":"Antena Radio","description":"La forma m\u00e1s clara de entender la noticia","potentialAction":[{"@type":"SearchAction","target":{"@type":"EntryPoint","urlTemplate":"https:\/\/noticias.imer.mx\/antenaradio\/?s={search_term_string}"},"query-input":"required name=search_term_string"}],"inLanguage":"es"},{"@type":"Person","@id":"https:\/\/noticias.imer.mx\/antenaradio\/#\/schema\/person\/72de5454d165c5239bc56a49873e43c9","name":"IMER Noticias","url":"https:\/\/noticias.imer.mx\/antenaradio\/author\/antenaradio\/"}]}},"_links":{"self":[{"href":"https:\/\/noticias.imer.mx\/antenaradio\/wp-json\/wp\/v2\/posts\/22577"}],"collection":[{"href":"https:\/\/noticias.imer.mx\/antenaradio\/wp-json\/wp\/v2\/posts"}],"about":[{"href":"https:\/\/noticias.imer.mx\/antenaradio\/wp-json\/wp\/v2\/types\/post"}],"author":[{"embeddable":true,"href":"https:\/\/noticias.imer.mx\/antenaradio\/wp-json\/wp\/v2\/users\/8"}],"replies":[{"embeddable":true,"href":"https:\/\/noticias.imer.mx\/antenaradio\/wp-json\/wp\/v2\/comments?post=22577"}],"version-history":[{"count":1,"href":"https:\/\/noticias.imer.mx\/antenaradio\/wp-json\/wp\/v2\/posts\/22577\/revisions"}],"predecessor-version":[{"id":22580,"href":"https:\/\/noticias.imer.mx\/antenaradio\/wp-json\/wp\/v2\/posts\/22577\/revisions\/22580"}],"wp:attachment":[{"href":"https:\/\/noticias.imer.mx\/antenaradio\/wp-json\/wp\/v2\/media?parent=22577"}],"wp:term":[{"taxonomy":"category","embeddable":true,"href":"https:\/\/noticias.imer.mx\/antenaradio\/wp-json\/wp\/v2\/categories?post=22577"},{"taxonomy":"post_tag","embeddable":true,"href":"https:\/\/noticias.imer.mx\/antenaradio\/wp-json\/wp\/v2\/tags?post=22577"}],"curies":[{"name":"wp","href":"https:\/\/api.w.org\/{rel}","templated":true}]}}