{"id":22558,"date":"2013-06-18T15:51:20","date_gmt":"2013-06-18T20:51:20","guid":{"rendered":"http:\/\/snn.imer.gob.mx\/antenaradio\/?p=22558"},"modified":"2013-06-18T15:51:57","modified_gmt":"2013-06-18T20:51:57","slug":"polemica-sobre-cobro-de-juan-ignacio-zavala-por-asesoria-al-senado-2","status":"publish","type":"post","link":"https:\/\/noticias.imer.mx\/antenaradio\/2013\/06\/18\/polemica-sobre-cobro-de-juan-ignacio-zavala-por-asesoria-al-senado-2\/","title":{"rendered":"Pol\u00e9mica sobre cobro de Juan Ignacio Zavala por asesor\u00eda al Senado"},"content":{"rendered":"<p><a href=\"http:\/\/snn.imer.gob.mx\/antenaradio\/files\/2013\/06\/Juan-Ignacio-Zavala.jpg\"><img decoding=\"async\" loading=\"lazy\" class=\"alignleft size-thumbnail wp-image-22554\" alt=\"Juan Ignacio Zavala\" src=\"http:\/\/snn.imer.gob.mx\/antenaradio\/files\/2013\/06\/Juan-Ignacio-Zavala-150x150.jpg\" width=\"150\" height=\"150\" \/><\/a><\/p>\n<p>El polit\u00f3logo Juan Ignacio Zavala explica el tema de la asesor\u00eda que dio a la presidencia del Senado encabezada por Ernesto Cordero.<\/p>\n<p><a href=\"http:\/\/snn.imer.gob.mx\/antenaradio\/files\/2013\/06\/Descargue-entrevista-con-Juan-Ignacio-Zavala.mp3\">Descargue entrevista con Juan Ignacio Zavala<\/a><\/p>\n<p>&nbsp;<\/p>\n","protected":false},"excerpt":{"rendered":"<p>El polit\u00f3logo Juan Ignacio Zavala explica el tema de la asesor\u00eda que dio a la presidencia del Senado encabezada por Ernesto Cordero. Descargue entrevista con Juan Ignacio Zavala &nbsp;<\/p>\n","protected":false},"author":8,"featured_media":0,"comment_status":"open","ping_status":"open","sticky":false,"template":"","format":"standard","meta":{"wp_popup_display_lightbox":0,"wp_popup_suppress":"","wp_popup_trigger":"","wp_popup_trigger_amount":0,"wp_popup_disable_on_mobile":false},"categories":[3,4937],"tags":[7369,11148,1695,7370,4209],"yoast_head":"<!-- This site is optimized with the Yoast SEO plugin v21.0 - https:\/\/yoast.com\/wordpress\/plugins\/seo\/ -->\n<title>Pol\u00e9mica sobre cobro de Juan Ignacio Zavala por asesor\u00eda al Senado - Antena Radio<\/title>\n<meta name=\"robots\" content=\"index, follow, max-snippet:-1, max-image-preview:large, max-video-preview:-1\" \/>\n<link rel=\"canonical\" href=\"https:\/\/noticias.imer.mx\/antenaradio\/2013\/06\/18\/polemica-sobre-cobro-de-juan-ignacio-zavala-por-asesoria-al-senado-2\/\" \/>\n<meta property=\"og:locale\" content=\"es_ES\" \/>\n<meta property=\"og:type\" content=\"article\" \/>\n<meta property=\"og:title\" content=\"Pol\u00e9mica sobre cobro de Juan Ignacio Zavala por asesor\u00eda al Senado - Antena Radio\" \/>\n<meta property=\"og:description\" content=\"El polit\u00f3logo Juan Ignacio Zavala explica el tema de la asesor\u00eda que dio a la presidencia del Senado encabezada por Ernesto Cordero. Descargue entrevista con Juan Ignacio Zavala &nbsp;\" \/>\n<meta property=\"og:url\" content=\"https:\/\/noticias.imer.mx\/antenaradio\/2013\/06\/18\/polemica-sobre-cobro-de-juan-ignacio-zavala-por-asesoria-al-senado-2\/\" \/>\n<meta property=\"og:site_name\" content=\"Antena Radio\" \/>\n<meta property=\"article:published_time\" content=\"2013-06-18T20:51:20+00:00\" \/>\n<meta property=\"article:modified_time\" content=\"2013-06-18T20:51:57+00:00\" \/>\n<meta property=\"og:image\" content=\"http:\/\/snn.imer.gob.mx\/antenaradio\/files\/2013\/06\/Juan-Ignacio-Zavala-150x150.jpg\" \/>\n<meta name=\"author\" content=\"IMER Noticias\" \/>\n<meta name=\"twitter:card\" content=\"summary_large_image\" \/>\n<meta name=\"twitter:label1\" content=\"Escrito por\" \/>\n\t<meta name=\"twitter:data1\" content=\"IMER Noticias\" \/>\n<script type=\"application\/ld+json\" class=\"yoast-schema-graph\">{\"@context\":\"https:\/\/schema.org\",\"@graph\":[{\"@type\":\"WebPage\",\"@id\":\"https:\/\/noticias.imer.mx\/antenaradio\/2013\/06\/18\/polemica-sobre-cobro-de-juan-ignacio-zavala-por-asesoria-al-senado-2\/\",\"url\":\"https:\/\/noticias.imer.mx\/antenaradio\/2013\/06\/18\/polemica-sobre-cobro-de-juan-ignacio-zavala-por-asesoria-al-senado-2\/\",\"name\":\"Pol\u00e9mica sobre cobro de Juan Ignacio Zavala por asesor\u00eda al Senado - Antena Radio\",\"isPartOf\":{\"@id\":\"https:\/\/noticias.imer.mx\/antenaradio\/#website\"},\"datePublished\":\"2013-06-18T20:51:20+00:00\",\"dateModified\":\"2013-06-18T20:51:57+00:00\",\"author\":{\"@id\":\"https:\/\/noticias.imer.mx\/antenaradio\/#\/schema\/person\/72de5454d165c5239bc56a49873e43c9\"},\"breadcrumb\":{\"@id\":\"https:\/\/noticias.imer.mx\/antenaradio\/2013\/06\/18\/polemica-sobre-cobro-de-juan-ignacio-zavala-por-asesoria-al-senado-2\/#breadcrumb\"},\"inLanguage\":\"es\",\"potentialAction\":[{\"@type\":\"ReadAction\",\"target\":[\"https:\/\/noticias.imer.mx\/antenaradio\/2013\/06\/18\/polemica-sobre-cobro-de-juan-ignacio-zavala-por-asesoria-al-senado-2\/\"]}]},{\"@type\":\"BreadcrumbList\",\"@id\":\"https:\/\/noticias.imer.mx\/antenaradio\/2013\/06\/18\/polemica-sobre-cobro-de-juan-ignacio-zavala-por-asesoria-al-senado-2\/#breadcrumb\",\"itemListElement\":[{\"@type\":\"ListItem\",\"position\":1,\"name\":\"Home\",\"item\":\"https:\/\/noticias.imer.mx\/antenaradio\/\"},{\"@type\":\"ListItem\",\"position\":2,\"name\":\"Pol\u00e9mica sobre cobro de Juan Ignacio Zavala por asesor\u00eda al Senado\"}]},{\"@type\":\"WebSite\",\"@id\":\"https:\/\/noticias.imer.mx\/antenaradio\/#website\",\"url\":\"https:\/\/noticias.imer.mx\/antenaradio\/\",\"name\":\"Antena Radio\",\"description\":\"La forma m\u00e1s clara de entender la noticia\",\"potentialAction\":[{\"@type\":\"SearchAction\",\"target\":{\"@type\":\"EntryPoint\",\"urlTemplate\":\"https:\/\/noticias.imer.mx\/antenaradio\/?s={search_term_string}\"},\"query-input\":\"required name=search_term_string\"}],\"inLanguage\":\"es\"},{\"@type\":\"Person\",\"@id\":\"https:\/\/noticias.imer.mx\/antenaradio\/#\/schema\/person\/72de5454d165c5239bc56a49873e43c9\",\"name\":\"IMER Noticias\",\"url\":\"https:\/\/noticias.imer.mx\/antenaradio\/author\/antenaradio\/\"}]}<\/script>\n<!-- \/ Yoast SEO plugin. -->","yoast_head_json":{"title":"Pol\u00e9mica sobre cobro de Juan Ignacio Zavala por asesor\u00eda al Senado - Antena Radio","robots":{"index":"index","follow":"follow","max-snippet":"max-snippet:-1","max-image-preview":"max-image-preview:large","max-video-preview":"max-video-preview:-1"},"canonical":"https:\/\/noticias.imer.mx\/antenaradio\/2013\/06\/18\/polemica-sobre-cobro-de-juan-ignacio-zavala-por-asesoria-al-senado-2\/","og_locale":"es_ES","og_type":"article","og_title":"Pol\u00e9mica sobre cobro de Juan Ignacio Zavala por asesor\u00eda al Senado - Antena Radio","og_description":"El polit\u00f3logo Juan Ignacio Zavala explica el tema de la asesor\u00eda que dio a la presidencia del Senado encabezada por Ernesto Cordero. Descargue entrevista con Juan Ignacio Zavala &nbsp;","og_url":"https:\/\/noticias.imer.mx\/antenaradio\/2013\/06\/18\/polemica-sobre-cobro-de-juan-ignacio-zavala-por-asesoria-al-senado-2\/","og_site_name":"Antena Radio","article_published_time":"2013-06-18T20:51:20+00:00","article_modified_time":"2013-06-18T20:51:57+00:00","og_image":[{"url":"http:\/\/snn.imer.gob.mx\/antenaradio\/files\/2013\/06\/Juan-Ignacio-Zavala-150x150.jpg"}],"author":"IMER Noticias","twitter_card":"summary_large_image","twitter_misc":{"Escrito por":"IMER Noticias"},"schema":{"@context":"https:\/\/schema.org","@graph":[{"@type":"WebPage","@id":"https:\/\/noticias.imer.mx\/antenaradio\/2013\/06\/18\/polemica-sobre-cobro-de-juan-ignacio-zavala-por-asesoria-al-senado-2\/","url":"https:\/\/noticias.imer.mx\/antenaradio\/2013\/06\/18\/polemica-sobre-cobro-de-juan-ignacio-zavala-por-asesoria-al-senado-2\/","name":"Pol\u00e9mica sobre cobro de Juan Ignacio Zavala por asesor\u00eda al Senado - Antena Radio","isPartOf":{"@id":"https:\/\/noticias.imer.mx\/antenaradio\/#website"},"datePublished":"2013-06-18T20:51:20+00:00","dateModified":"2013-06-18T20:51:57+00:00","author":{"@id":"https:\/\/noticias.imer.mx\/antenaradio\/#\/schema\/person\/72de5454d165c5239bc56a49873e43c9"},"breadcrumb":{"@id":"https:\/\/noticias.imer.mx\/antenaradio\/2013\/06\/18\/polemica-sobre-cobro-de-juan-ignacio-zavala-por-asesoria-al-senado-2\/#breadcrumb"},"inLanguage":"es","potentialAction":[{"@type":"ReadAction","target":["https:\/\/noticias.imer.mx\/antenaradio\/2013\/06\/18\/polemica-sobre-cobro-de-juan-ignacio-zavala-por-asesoria-al-senado-2\/"]}]},{"@type":"BreadcrumbList","@id":"https:\/\/noticias.imer.mx\/antenaradio\/2013\/06\/18\/polemica-sobre-cobro-de-juan-ignacio-zavala-por-asesoria-al-senado-2\/#breadcrumb","itemListElement":[{"@type":"ListItem","position":1,"name":"Home","item":"https:\/\/noticias.imer.mx\/antenaradio\/"},{"@type":"ListItem","position":2,"name":"Pol\u00e9mica sobre cobro de Juan Ignacio Zavala por asesor\u00eda al Senado"}]},{"@type":"WebSite","@id":"https:\/\/noticias.imer.mx\/antenaradio\/#website","url":"https:\/\/noticias.imer.mx\/antenaradio\/","name":"Antena Radio","description":"La forma m\u00e1s clara de entender la noticia","potentialAction":[{"@type":"SearchAction","target":{"@type":"EntryPoint","urlTemplate":"https:\/\/noticias.imer.mx\/antenaradio\/?s={search_term_string}"},"query-input":"required name=search_term_string"}],"inLanguage":"es"},{"@type":"Person","@id":"https:\/\/noticias.imer.mx\/antenaradio\/#\/schema\/person\/72de5454d165c5239bc56a49873e43c9","name":"IMER Noticias","url":"https:\/\/noticias.imer.mx\/antenaradio\/author\/antenaradio\/"}]}},"_links":{"self":[{"href":"https:\/\/noticias.imer.mx\/antenaradio\/wp-json\/wp\/v2\/posts\/22558"}],"collection":[{"href":"https:\/\/noticias.imer.mx\/antenaradio\/wp-json\/wp\/v2\/posts"}],"about":[{"href":"https:\/\/noticias.imer.mx\/antenaradio\/wp-json\/wp\/v2\/types\/post"}],"author":[{"embeddable":true,"href":"https:\/\/noticias.imer.mx\/antenaradio\/wp-json\/wp\/v2\/users\/8"}],"replies":[{"embeddable":true,"href":"https:\/\/noticias.imer.mx\/antenaradio\/wp-json\/wp\/v2\/comments?post=22558"}],"version-history":[{"count":7,"href":"https:\/\/noticias.imer.mx\/antenaradio\/wp-json\/wp\/v2\/posts\/22558\/revisions"}],"predecessor-version":[{"id":22565,"href":"https:\/\/noticias.imer.mx\/antenaradio\/wp-json\/wp\/v2\/posts\/22558\/revisions\/22565"}],"wp:attachment":[{"href":"https:\/\/noticias.imer.mx\/antenaradio\/wp-json\/wp\/v2\/media?parent=22558"}],"wp:term":[{"taxonomy":"category","embeddable":true,"href":"https:\/\/noticias.imer.mx\/antenaradio\/wp-json\/wp\/v2\/categories?post=22558"},{"taxonomy":"post_tag","embeddable":true,"href":"https:\/\/noticias.imer.mx\/antenaradio\/wp-json\/wp\/v2\/tags?post=22558"}],"curies":[{"name":"wp","href":"https:\/\/api.w.org\/{rel}","templated":true}]}}