{"id":22296,"date":"2013-05-31T11:37:16","date_gmt":"2013-05-31T16:37:16","guid":{"rendered":"http:\/\/snn.imer.gob.mx\/antenaradio\/?p=22296"},"modified":"2013-05-31T13:51:49","modified_gmt":"2013-05-31T18:51:49","slug":"dia-mundial-sin-tabaco","status":"publish","type":"post","link":"https:\/\/noticias.imer.mx\/antenaradio\/2013\/05\/31\/dia-mundial-sin-tabaco\/","title":{"rendered":"D\u00eda Mundial sin Tabaco"},"content":{"rendered":"<p><a href=\"http:\/\/snn.imer.gob.mx\/antenaradio\/files\/2013\/05\/D\u00eda-Mundial-sin-Tabaco-01.jpg\"><img decoding=\"async\" loading=\"lazy\" class=\"alignleft size-thumbnail wp-image-22298\" alt=\"D\u00eda Mundial sin Tabaco 01\" src=\"http:\/\/snn.imer.gob.mx\/antenaradio\/files\/2013\/05\/D\u00eda-Mundial-sin-Tabaco-01-150x150.jpg\" width=\"150\" height=\"150\" \/><\/a><\/p>\n<p>El maestro <strong>Erick Antonio Ochoa<\/strong>, director de Iniciativas para el control del tabaco de la fundaci\u00f3n interamericana del coraz\u00f3n, nos dio un comentario acerca del D\u00eda Mundial sin Tabaco.<\/p>\n<p><a href=\"http:\/\/snn.imer.gob.mx\/antenaradio\/files\/2013\/05\/31-MAYO-ERICK-ANTONIO-OCHOA.mp3\">Descargue aqu\u00ed el audio <\/a><\/p>\n","protected":false},"excerpt":{"rendered":"<p>El maestro Erick Antonio Ochoa, director de Iniciativas para el control del tabaco de la fundaci\u00f3n interamericana del coraz\u00f3n, nos dio un comentario acerca del D\u00eda Mundial sin Tabaco. Descargue aqu\u00ed el audio<\/p>\n","protected":false},"author":8,"featured_media":0,"comment_status":"open","ping_status":"open","sticky":false,"template":"","format":"standard","meta":{"wp_popup_display_lightbox":0,"wp_popup_suppress":"","wp_popup_trigger":"","wp_popup_trigger_amount":0,"wp_popup_disable_on_mobile":false},"categories":[5,4929],"tags":[5003,7319],"yoast_head":"<!-- This site is optimized with the Yoast SEO plugin v21.0 - https:\/\/yoast.com\/wordpress\/plugins\/seo\/ -->\n<title>D\u00eda Mundial sin Tabaco - Antena Radio<\/title>\n<meta name=\"robots\" content=\"index, follow, max-snippet:-1, max-image-preview:large, max-video-preview:-1\" \/>\n<link rel=\"canonical\" href=\"https:\/\/noticias.imer.mx\/antenaradio\/2013\/05\/31\/dia-mundial-sin-tabaco\/\" \/>\n<meta property=\"og:locale\" content=\"es_ES\" \/>\n<meta property=\"og:type\" content=\"article\" \/>\n<meta property=\"og:title\" content=\"D\u00eda Mundial sin Tabaco - Antena Radio\" \/>\n<meta property=\"og:description\" content=\"El maestro Erick Antonio Ochoa, director de Iniciativas para el control del tabaco de la fundaci\u00f3n interamericana del coraz\u00f3n, nos dio un comentario acerca del D\u00eda Mundial sin Tabaco. Descargue aqu\u00ed el audio\" \/>\n<meta property=\"og:url\" content=\"https:\/\/noticias.imer.mx\/antenaradio\/2013\/05\/31\/dia-mundial-sin-tabaco\/\" \/>\n<meta property=\"og:site_name\" content=\"Antena Radio\" \/>\n<meta property=\"article:published_time\" content=\"2013-05-31T16:37:16+00:00\" \/>\n<meta property=\"article:modified_time\" content=\"2013-05-31T18:51:49+00:00\" \/>\n<meta name=\"author\" content=\"IMER Noticias\" \/>\n<meta name=\"twitter:card\" content=\"summary_large_image\" \/>\n<meta name=\"twitter:label1\" content=\"Escrito por\" \/>\n\t<meta name=\"twitter:data1\" content=\"IMER Noticias\" \/>\n<script type=\"application\/ld+json\" class=\"yoast-schema-graph\">{\"@context\":\"https:\/\/schema.org\",\"@graph\":[{\"@type\":\"WebPage\",\"@id\":\"https:\/\/noticias.imer.mx\/antenaradio\/2013\/05\/31\/dia-mundial-sin-tabaco\/\",\"url\":\"https:\/\/noticias.imer.mx\/antenaradio\/2013\/05\/31\/dia-mundial-sin-tabaco\/\",\"name\":\"D\u00eda Mundial sin Tabaco - Antena Radio\",\"isPartOf\":{\"@id\":\"https:\/\/noticias.imer.mx\/antenaradio\/#website\"},\"datePublished\":\"2013-05-31T16:37:16+00:00\",\"dateModified\":\"2013-05-31T18:51:49+00:00\",\"author\":{\"@id\":\"https:\/\/noticias.imer.mx\/antenaradio\/#\/schema\/person\/72de5454d165c5239bc56a49873e43c9\"},\"breadcrumb\":{\"@id\":\"https:\/\/noticias.imer.mx\/antenaradio\/2013\/05\/31\/dia-mundial-sin-tabaco\/#breadcrumb\"},\"inLanguage\":\"es\",\"potentialAction\":[{\"@type\":\"ReadAction\",\"target\":[\"https:\/\/noticias.imer.mx\/antenaradio\/2013\/05\/31\/dia-mundial-sin-tabaco\/\"]}]},{\"@type\":\"BreadcrumbList\",\"@id\":\"https:\/\/noticias.imer.mx\/antenaradio\/2013\/05\/31\/dia-mundial-sin-tabaco\/#breadcrumb\",\"itemListElement\":[{\"@type\":\"ListItem\",\"position\":1,\"name\":\"Home\",\"item\":\"https:\/\/noticias.imer.mx\/antenaradio\/\"},{\"@type\":\"ListItem\",\"position\":2,\"name\":\"D\u00eda Mundial sin Tabaco\"}]},{\"@type\":\"WebSite\",\"@id\":\"https:\/\/noticias.imer.mx\/antenaradio\/#website\",\"url\":\"https:\/\/noticias.imer.mx\/antenaradio\/\",\"name\":\"Antena Radio\",\"description\":\"La forma m\u00e1s clara de entender la noticia\",\"potentialAction\":[{\"@type\":\"SearchAction\",\"target\":{\"@type\":\"EntryPoint\",\"urlTemplate\":\"https:\/\/noticias.imer.mx\/antenaradio\/?s={search_term_string}\"},\"query-input\":\"required name=search_term_string\"}],\"inLanguage\":\"es\"},{\"@type\":\"Person\",\"@id\":\"https:\/\/noticias.imer.mx\/antenaradio\/#\/schema\/person\/72de5454d165c5239bc56a49873e43c9\",\"name\":\"IMER Noticias\",\"url\":\"https:\/\/noticias.imer.mx\/antenaradio\/author\/antenaradio\/\"}]}<\/script>\n<!-- \/ Yoast SEO plugin. -->","yoast_head_json":{"title":"D\u00eda Mundial sin Tabaco - Antena Radio","robots":{"index":"index","follow":"follow","max-snippet":"max-snippet:-1","max-image-preview":"max-image-preview:large","max-video-preview":"max-video-preview:-1"},"canonical":"https:\/\/noticias.imer.mx\/antenaradio\/2013\/05\/31\/dia-mundial-sin-tabaco\/","og_locale":"es_ES","og_type":"article","og_title":"D\u00eda Mundial sin Tabaco - Antena Radio","og_description":"El maestro Erick Antonio Ochoa, director de Iniciativas para el control del tabaco de la fundaci\u00f3n interamericana del coraz\u00f3n, nos dio un comentario acerca del D\u00eda Mundial sin Tabaco. Descargue aqu\u00ed el audio","og_url":"https:\/\/noticias.imer.mx\/antenaradio\/2013\/05\/31\/dia-mundial-sin-tabaco\/","og_site_name":"Antena Radio","article_published_time":"2013-05-31T16:37:16+00:00","article_modified_time":"2013-05-31T18:51:49+00:00","author":"IMER Noticias","twitter_card":"summary_large_image","twitter_misc":{"Escrito por":"IMER Noticias"},"schema":{"@context":"https:\/\/schema.org","@graph":[{"@type":"WebPage","@id":"https:\/\/noticias.imer.mx\/antenaradio\/2013\/05\/31\/dia-mundial-sin-tabaco\/","url":"https:\/\/noticias.imer.mx\/antenaradio\/2013\/05\/31\/dia-mundial-sin-tabaco\/","name":"D\u00eda Mundial sin Tabaco - Antena Radio","isPartOf":{"@id":"https:\/\/noticias.imer.mx\/antenaradio\/#website"},"datePublished":"2013-05-31T16:37:16+00:00","dateModified":"2013-05-31T18:51:49+00:00","author":{"@id":"https:\/\/noticias.imer.mx\/antenaradio\/#\/schema\/person\/72de5454d165c5239bc56a49873e43c9"},"breadcrumb":{"@id":"https:\/\/noticias.imer.mx\/antenaradio\/2013\/05\/31\/dia-mundial-sin-tabaco\/#breadcrumb"},"inLanguage":"es","potentialAction":[{"@type":"ReadAction","target":["https:\/\/noticias.imer.mx\/antenaradio\/2013\/05\/31\/dia-mundial-sin-tabaco\/"]}]},{"@type":"BreadcrumbList","@id":"https:\/\/noticias.imer.mx\/antenaradio\/2013\/05\/31\/dia-mundial-sin-tabaco\/#breadcrumb","itemListElement":[{"@type":"ListItem","position":1,"name":"Home","item":"https:\/\/noticias.imer.mx\/antenaradio\/"},{"@type":"ListItem","position":2,"name":"D\u00eda Mundial sin Tabaco"}]},{"@type":"WebSite","@id":"https:\/\/noticias.imer.mx\/antenaradio\/#website","url":"https:\/\/noticias.imer.mx\/antenaradio\/","name":"Antena Radio","description":"La forma m\u00e1s clara de entender la noticia","potentialAction":[{"@type":"SearchAction","target":{"@type":"EntryPoint","urlTemplate":"https:\/\/noticias.imer.mx\/antenaradio\/?s={search_term_string}"},"query-input":"required name=search_term_string"}],"inLanguage":"es"},{"@type":"Person","@id":"https:\/\/noticias.imer.mx\/antenaradio\/#\/schema\/person\/72de5454d165c5239bc56a49873e43c9","name":"IMER Noticias","url":"https:\/\/noticias.imer.mx\/antenaradio\/author\/antenaradio\/"}]}},"_links":{"self":[{"href":"https:\/\/noticias.imer.mx\/antenaradio\/wp-json\/wp\/v2\/posts\/22296"}],"collection":[{"href":"https:\/\/noticias.imer.mx\/antenaradio\/wp-json\/wp\/v2\/posts"}],"about":[{"href":"https:\/\/noticias.imer.mx\/antenaradio\/wp-json\/wp\/v2\/types\/post"}],"author":[{"embeddable":true,"href":"https:\/\/noticias.imer.mx\/antenaradio\/wp-json\/wp\/v2\/users\/8"}],"replies":[{"embeddable":true,"href":"https:\/\/noticias.imer.mx\/antenaradio\/wp-json\/wp\/v2\/comments?post=22296"}],"version-history":[{"count":1,"href":"https:\/\/noticias.imer.mx\/antenaradio\/wp-json\/wp\/v2\/posts\/22296\/revisions"}],"predecessor-version":[{"id":22299,"href":"https:\/\/noticias.imer.mx\/antenaradio\/wp-json\/wp\/v2\/posts\/22296\/revisions\/22299"}],"wp:attachment":[{"href":"https:\/\/noticias.imer.mx\/antenaradio\/wp-json\/wp\/v2\/media?parent=22296"}],"wp:term":[{"taxonomy":"category","embeddable":true,"href":"https:\/\/noticias.imer.mx\/antenaradio\/wp-json\/wp\/v2\/categories?post=22296"},{"taxonomy":"post_tag","embeddable":true,"href":"https:\/\/noticias.imer.mx\/antenaradio\/wp-json\/wp\/v2\/tags?post=22296"}],"curies":[{"name":"wp","href":"https:\/\/api.w.org\/{rel}","templated":true}]}}