{"id":22224,"date":"2013-05-23T13:51:43","date_gmt":"2013-05-23T18:51:43","guid":{"rendered":"http:\/\/snn.imer.gob.mx\/antenaradio\/?p=22224"},"modified":"2013-05-24T13:59:58","modified_gmt":"2013-05-24T18:59:58","slug":"cumbre-alianza-del-pacifico-comentario-de-rodrigo-salazar-elena","status":"publish","type":"post","link":"https:\/\/noticias.imer.mx\/antenaradio\/2013\/05\/23\/cumbre-alianza-del-pacifico-comentario-de-rodrigo-salazar-elena\/","title":{"rendered":"Cumbre Alianza del Pac\u00edfico, comentario de Rodrigo Salazar Elena"},"content":{"rendered":"<p><a href=\"http:\/\/snn.imer.gob.mx\/antenaradio\/files\/2013\/05\/Alianza-Pac\u00edfico-01.jpg\"><img decoding=\"async\" loading=\"lazy\" class=\"alignleft size-thumbnail wp-image-22226\" alt=\"Alianza Pac\u00edfico 01\" src=\"http:\/\/snn.imer.gob.mx\/antenaradio\/files\/2013\/05\/Alianza-Pac\u00edfico-01-150x150.jpg\" width=\"150\" height=\"150\" \/><\/a><\/p>\n<p>El doctor <strong>Rodrigo Salazar Elena<\/strong>, investigador acad\u00e9mico de la Facultad Latinoamericana de Ciencias Sociales, nos dio su comentario sobre la Cumbre de la Alianza del Pac\u00edfico en Colombia.<\/p>\n<p><a href=\"http:\/\/snn.imer.gob.mx\/antenaradio\/files\/2013\/05\/23-MAYO-RODRIGO-SALAZAR-ELENA.mp3\">Descargue aqu\u00ed el audio <\/a><\/p>\n","protected":false},"excerpt":{"rendered":"<p>El doctor Rodrigo Salazar Elena, investigador acad\u00e9mico de la Facultad Latinoamericana de Ciencias Sociales, nos dio su comentario sobre la Cumbre de la Alianza del Pac\u00edfico en Colombia. Descargue aqu\u00ed el audio<\/p>\n","protected":false},"author":8,"featured_media":0,"comment_status":"open","ping_status":"open","sticky":false,"template":"","format":"standard","meta":{"wp_popup_display_lightbox":0,"wp_popup_suppress":"","wp_popup_trigger":"","wp_popup_trigger_amount":0,"wp_popup_disable_on_mobile":false},"categories":[5,4929],"tags":[7296,4009],"yoast_head":"<!-- This site is optimized with the Yoast SEO plugin v21.0 - https:\/\/yoast.com\/wordpress\/plugins\/seo\/ -->\n<title>Cumbre Alianza del Pac\u00edfico, comentario de Rodrigo Salazar Elena - Antena Radio<\/title>\n<meta name=\"robots\" content=\"index, follow, max-snippet:-1, max-image-preview:large, max-video-preview:-1\" \/>\n<link rel=\"canonical\" href=\"https:\/\/noticias.imer.mx\/antenaradio\/2013\/05\/23\/cumbre-alianza-del-pacifico-comentario-de-rodrigo-salazar-elena\/\" \/>\n<meta property=\"og:locale\" content=\"es_ES\" \/>\n<meta property=\"og:type\" content=\"article\" \/>\n<meta property=\"og:title\" content=\"Cumbre Alianza del Pac\u00edfico, comentario de Rodrigo Salazar Elena - Antena Radio\" \/>\n<meta property=\"og:description\" content=\"El doctor Rodrigo Salazar Elena, investigador acad\u00e9mico de la Facultad Latinoamericana de Ciencias Sociales, nos dio su comentario sobre la Cumbre de la Alianza del Pac\u00edfico en Colombia. Descargue aqu\u00ed el audio\" \/>\n<meta property=\"og:url\" content=\"https:\/\/noticias.imer.mx\/antenaradio\/2013\/05\/23\/cumbre-alianza-del-pacifico-comentario-de-rodrigo-salazar-elena\/\" \/>\n<meta property=\"og:site_name\" content=\"Antena Radio\" \/>\n<meta property=\"article:published_time\" content=\"2013-05-23T18:51:43+00:00\" \/>\n<meta property=\"article:modified_time\" content=\"2013-05-24T18:59:58+00:00\" \/>\n<meta name=\"author\" content=\"IMER Noticias\" \/>\n<meta name=\"twitter:card\" content=\"summary_large_image\" \/>\n<meta name=\"twitter:label1\" content=\"Escrito por\" \/>\n\t<meta name=\"twitter:data1\" content=\"IMER Noticias\" \/>\n<script type=\"application\/ld+json\" class=\"yoast-schema-graph\">{\"@context\":\"https:\/\/schema.org\",\"@graph\":[{\"@type\":\"WebPage\",\"@id\":\"https:\/\/noticias.imer.mx\/antenaradio\/2013\/05\/23\/cumbre-alianza-del-pacifico-comentario-de-rodrigo-salazar-elena\/\",\"url\":\"https:\/\/noticias.imer.mx\/antenaradio\/2013\/05\/23\/cumbre-alianza-del-pacifico-comentario-de-rodrigo-salazar-elena\/\",\"name\":\"Cumbre Alianza del Pac\u00edfico, comentario de Rodrigo Salazar Elena - Antena Radio\",\"isPartOf\":{\"@id\":\"https:\/\/noticias.imer.mx\/antenaradio\/#website\"},\"datePublished\":\"2013-05-23T18:51:43+00:00\",\"dateModified\":\"2013-05-24T18:59:58+00:00\",\"author\":{\"@id\":\"https:\/\/noticias.imer.mx\/antenaradio\/#\/schema\/person\/72de5454d165c5239bc56a49873e43c9\"},\"breadcrumb\":{\"@id\":\"https:\/\/noticias.imer.mx\/antenaradio\/2013\/05\/23\/cumbre-alianza-del-pacifico-comentario-de-rodrigo-salazar-elena\/#breadcrumb\"},\"inLanguage\":\"es\",\"potentialAction\":[{\"@type\":\"ReadAction\",\"target\":[\"https:\/\/noticias.imer.mx\/antenaradio\/2013\/05\/23\/cumbre-alianza-del-pacifico-comentario-de-rodrigo-salazar-elena\/\"]}]},{\"@type\":\"BreadcrumbList\",\"@id\":\"https:\/\/noticias.imer.mx\/antenaradio\/2013\/05\/23\/cumbre-alianza-del-pacifico-comentario-de-rodrigo-salazar-elena\/#breadcrumb\",\"itemListElement\":[{\"@type\":\"ListItem\",\"position\":1,\"name\":\"Home\",\"item\":\"https:\/\/noticias.imer.mx\/antenaradio\/\"},{\"@type\":\"ListItem\",\"position\":2,\"name\":\"Cumbre Alianza del Pac\u00edfico, comentario de Rodrigo Salazar Elena\"}]},{\"@type\":\"WebSite\",\"@id\":\"https:\/\/noticias.imer.mx\/antenaradio\/#website\",\"url\":\"https:\/\/noticias.imer.mx\/antenaradio\/\",\"name\":\"Antena Radio\",\"description\":\"La forma m\u00e1s clara de entender la noticia\",\"potentialAction\":[{\"@type\":\"SearchAction\",\"target\":{\"@type\":\"EntryPoint\",\"urlTemplate\":\"https:\/\/noticias.imer.mx\/antenaradio\/?s={search_term_string}\"},\"query-input\":\"required name=search_term_string\"}],\"inLanguage\":\"es\"},{\"@type\":\"Person\",\"@id\":\"https:\/\/noticias.imer.mx\/antenaradio\/#\/schema\/person\/72de5454d165c5239bc56a49873e43c9\",\"name\":\"IMER Noticias\",\"url\":\"https:\/\/noticias.imer.mx\/antenaradio\/author\/antenaradio\/\"}]}<\/script>\n<!-- \/ Yoast SEO plugin. -->","yoast_head_json":{"title":"Cumbre Alianza del Pac\u00edfico, comentario de Rodrigo Salazar Elena - Antena Radio","robots":{"index":"index","follow":"follow","max-snippet":"max-snippet:-1","max-image-preview":"max-image-preview:large","max-video-preview":"max-video-preview:-1"},"canonical":"https:\/\/noticias.imer.mx\/antenaradio\/2013\/05\/23\/cumbre-alianza-del-pacifico-comentario-de-rodrigo-salazar-elena\/","og_locale":"es_ES","og_type":"article","og_title":"Cumbre Alianza del Pac\u00edfico, comentario de Rodrigo Salazar Elena - Antena Radio","og_description":"El doctor Rodrigo Salazar Elena, investigador acad\u00e9mico de la Facultad Latinoamericana de Ciencias Sociales, nos dio su comentario sobre la Cumbre de la Alianza del Pac\u00edfico en Colombia. Descargue aqu\u00ed el audio","og_url":"https:\/\/noticias.imer.mx\/antenaradio\/2013\/05\/23\/cumbre-alianza-del-pacifico-comentario-de-rodrigo-salazar-elena\/","og_site_name":"Antena Radio","article_published_time":"2013-05-23T18:51:43+00:00","article_modified_time":"2013-05-24T18:59:58+00:00","author":"IMER Noticias","twitter_card":"summary_large_image","twitter_misc":{"Escrito por":"IMER Noticias"},"schema":{"@context":"https:\/\/schema.org","@graph":[{"@type":"WebPage","@id":"https:\/\/noticias.imer.mx\/antenaradio\/2013\/05\/23\/cumbre-alianza-del-pacifico-comentario-de-rodrigo-salazar-elena\/","url":"https:\/\/noticias.imer.mx\/antenaradio\/2013\/05\/23\/cumbre-alianza-del-pacifico-comentario-de-rodrigo-salazar-elena\/","name":"Cumbre Alianza del Pac\u00edfico, comentario de Rodrigo Salazar Elena - Antena Radio","isPartOf":{"@id":"https:\/\/noticias.imer.mx\/antenaradio\/#website"},"datePublished":"2013-05-23T18:51:43+00:00","dateModified":"2013-05-24T18:59:58+00:00","author":{"@id":"https:\/\/noticias.imer.mx\/antenaradio\/#\/schema\/person\/72de5454d165c5239bc56a49873e43c9"},"breadcrumb":{"@id":"https:\/\/noticias.imer.mx\/antenaradio\/2013\/05\/23\/cumbre-alianza-del-pacifico-comentario-de-rodrigo-salazar-elena\/#breadcrumb"},"inLanguage":"es","potentialAction":[{"@type":"ReadAction","target":["https:\/\/noticias.imer.mx\/antenaradio\/2013\/05\/23\/cumbre-alianza-del-pacifico-comentario-de-rodrigo-salazar-elena\/"]}]},{"@type":"BreadcrumbList","@id":"https:\/\/noticias.imer.mx\/antenaradio\/2013\/05\/23\/cumbre-alianza-del-pacifico-comentario-de-rodrigo-salazar-elena\/#breadcrumb","itemListElement":[{"@type":"ListItem","position":1,"name":"Home","item":"https:\/\/noticias.imer.mx\/antenaradio\/"},{"@type":"ListItem","position":2,"name":"Cumbre Alianza del Pac\u00edfico, comentario de Rodrigo Salazar Elena"}]},{"@type":"WebSite","@id":"https:\/\/noticias.imer.mx\/antenaradio\/#website","url":"https:\/\/noticias.imer.mx\/antenaradio\/","name":"Antena Radio","description":"La forma m\u00e1s clara de entender la noticia","potentialAction":[{"@type":"SearchAction","target":{"@type":"EntryPoint","urlTemplate":"https:\/\/noticias.imer.mx\/antenaradio\/?s={search_term_string}"},"query-input":"required name=search_term_string"}],"inLanguage":"es"},{"@type":"Person","@id":"https:\/\/noticias.imer.mx\/antenaradio\/#\/schema\/person\/72de5454d165c5239bc56a49873e43c9","name":"IMER Noticias","url":"https:\/\/noticias.imer.mx\/antenaradio\/author\/antenaradio\/"}]}},"_links":{"self":[{"href":"https:\/\/noticias.imer.mx\/antenaradio\/wp-json\/wp\/v2\/posts\/22224"}],"collection":[{"href":"https:\/\/noticias.imer.mx\/antenaradio\/wp-json\/wp\/v2\/posts"}],"about":[{"href":"https:\/\/noticias.imer.mx\/antenaradio\/wp-json\/wp\/v2\/types\/post"}],"author":[{"embeddable":true,"href":"https:\/\/noticias.imer.mx\/antenaradio\/wp-json\/wp\/v2\/users\/8"}],"replies":[{"embeddable":true,"href":"https:\/\/noticias.imer.mx\/antenaradio\/wp-json\/wp\/v2\/comments?post=22224"}],"version-history":[{"count":2,"href":"https:\/\/noticias.imer.mx\/antenaradio\/wp-json\/wp\/v2\/posts\/22224\/revisions"}],"predecessor-version":[{"id":22228,"href":"https:\/\/noticias.imer.mx\/antenaradio\/wp-json\/wp\/v2\/posts\/22224\/revisions\/22228"}],"wp:attachment":[{"href":"https:\/\/noticias.imer.mx\/antenaradio\/wp-json\/wp\/v2\/media?parent=22224"}],"wp:term":[{"taxonomy":"category","embeddable":true,"href":"https:\/\/noticias.imer.mx\/antenaradio\/wp-json\/wp\/v2\/categories?post=22224"},{"taxonomy":"post_tag","embeddable":true,"href":"https:\/\/noticias.imer.mx\/antenaradio\/wp-json\/wp\/v2\/tags?post=22224"}],"curies":[{"name":"wp","href":"https:\/\/api.w.org\/{rel}","templated":true}]}}