{"id":22135,"date":"2013-05-20T11:31:52","date_gmt":"2013-05-20T16:31:52","guid":{"rendered":"http:\/\/snn.imer.gob.mx\/antenaradio\/?p=22135"},"modified":"2013-05-20T13:00:41","modified_gmt":"2013-05-20T18:00:41","slug":"tercera-semana-de-la-diversidad-biologica","status":"publish","type":"post","link":"https:\/\/noticias.imer.mx\/antenaradio\/2013\/05\/20\/tercera-semana-de-la-diversidad-biologica\/","title":{"rendered":"Tercera Semana de la Diversidad Biol\u00f3gica"},"content":{"rendered":"<p><a href=\"http:\/\/snn.imer.gob.mx\/antenaradio\/files\/2013\/05\/Carlos-Galindo-Leal-01.jpg\"><img decoding=\"async\" loading=\"lazy\" class=\"alignleft size-thumbnail wp-image-22137\" alt=\"Carlos Galindo Leal 01\" src=\"http:\/\/snn.imer.gob.mx\/antenaradio\/files\/2013\/05\/Carlos-Galindo-Leal-01-150x150.jpg\" width=\"150\" height=\"150\" srcset=\"https:\/\/noticias.imer.mx\/antenaradio\/files\/2013\/05\/Carlos-Galindo-Leal-01-150x150.jpg 150w, https:\/\/noticias.imer.mx\/antenaradio\/files\/2013\/05\/Carlos-Galindo-Leal-01-300x300.jpg 300w, https:\/\/noticias.imer.mx\/antenaradio\/files\/2013\/05\/Carlos-Galindo-Leal-01.jpg 512w\" sizes=\"(max-width: 150px) 100vw, 150px\" \/><\/a><\/p>\n<p>El director general de comunicaci\u00f3n de la Ciencia de la Conabio, el doctor <strong>Carlos Galindo Leal<\/strong>, convers\u00f3 con nosotros sobre la Tercera Semana de la Diversidad Biol\u00f3gica.<\/p>\n<p><a href=\"http:\/\/snn.imer.gob.mx\/antenaradio\/files\/2013\/05\/20-MAYO-CARLOS-GALINDO-LEAL.mp3\">Descargue aqu\u00ed el audio<\/a><\/p>\n","protected":false},"excerpt":{"rendered":"<p>El director general de comunicaci\u00f3n de la Ciencia de la Conabio, el doctor Carlos Galindo Leal, convers\u00f3 con nosotros sobre la Tercera Semana de la Diversidad Biol\u00f3gica. Descargue aqu\u00ed el audio<\/p>\n","protected":false},"author":8,"featured_media":0,"comment_status":"open","ping_status":"open","sticky":false,"template":"","format":"standard","meta":{"wp_popup_display_lightbox":0,"wp_popup_suppress":"","wp_popup_trigger":"","wp_popup_trigger_amount":0,"wp_popup_disable_on_mobile":false},"categories":[1],"tags":[],"yoast_head":"<!-- This site is optimized with the Yoast SEO plugin v21.0 - https:\/\/yoast.com\/wordpress\/plugins\/seo\/ -->\n<title>Tercera Semana de la Diversidad Biol\u00f3gica  - Antena Radio<\/title>\n<meta name=\"robots\" content=\"index, follow, max-snippet:-1, max-image-preview:large, max-video-preview:-1\" \/>\n<link rel=\"canonical\" href=\"https:\/\/noticias.imer.mx\/antenaradio\/2013\/05\/20\/tercera-semana-de-la-diversidad-biologica\/\" \/>\n<meta property=\"og:locale\" content=\"es_ES\" \/>\n<meta property=\"og:type\" content=\"article\" \/>\n<meta property=\"og:title\" content=\"Tercera Semana de la Diversidad Biol\u00f3gica  - Antena Radio\" \/>\n<meta property=\"og:description\" content=\"El director general de comunicaci\u00f3n de la Ciencia de la Conabio, el doctor Carlos Galindo Leal, convers\u00f3 con nosotros sobre la Tercera Semana de la Diversidad Biol\u00f3gica. Descargue aqu\u00ed el audio\" \/>\n<meta property=\"og:url\" content=\"https:\/\/noticias.imer.mx\/antenaradio\/2013\/05\/20\/tercera-semana-de-la-diversidad-biologica\/\" \/>\n<meta property=\"og:site_name\" content=\"Antena Radio\" \/>\n<meta property=\"article:published_time\" content=\"2013-05-20T16:31:52+00:00\" \/>\n<meta property=\"article:modified_time\" content=\"2013-05-20T18:00:41+00:00\" \/>\n<meta property=\"og:image\" content=\"http:\/\/snn.imer.gob.mx\/antenaradio\/files\/2013\/05\/Carlos-Galindo-Leal-01-150x150.jpg\" \/>\n<meta name=\"author\" content=\"IMER Noticias\" \/>\n<meta name=\"twitter:card\" content=\"summary_large_image\" \/>\n<meta name=\"twitter:label1\" content=\"Escrito por\" \/>\n\t<meta name=\"twitter:data1\" content=\"IMER Noticias\" \/>\n<script type=\"application\/ld+json\" class=\"yoast-schema-graph\">{\"@context\":\"https:\/\/schema.org\",\"@graph\":[{\"@type\":\"WebPage\",\"@id\":\"https:\/\/noticias.imer.mx\/antenaradio\/2013\/05\/20\/tercera-semana-de-la-diversidad-biologica\/\",\"url\":\"https:\/\/noticias.imer.mx\/antenaradio\/2013\/05\/20\/tercera-semana-de-la-diversidad-biologica\/\",\"name\":\"Tercera Semana de la Diversidad Biol\u00f3gica - Antena Radio\",\"isPartOf\":{\"@id\":\"https:\/\/noticias.imer.mx\/antenaradio\/#website\"},\"datePublished\":\"2013-05-20T16:31:52+00:00\",\"dateModified\":\"2013-05-20T18:00:41+00:00\",\"author\":{\"@id\":\"https:\/\/noticias.imer.mx\/antenaradio\/#\/schema\/person\/72de5454d165c5239bc56a49873e43c9\"},\"breadcrumb\":{\"@id\":\"https:\/\/noticias.imer.mx\/antenaradio\/2013\/05\/20\/tercera-semana-de-la-diversidad-biologica\/#breadcrumb\"},\"inLanguage\":\"es\",\"potentialAction\":[{\"@type\":\"ReadAction\",\"target\":[\"https:\/\/noticias.imer.mx\/antenaradio\/2013\/05\/20\/tercera-semana-de-la-diversidad-biologica\/\"]}]},{\"@type\":\"BreadcrumbList\",\"@id\":\"https:\/\/noticias.imer.mx\/antenaradio\/2013\/05\/20\/tercera-semana-de-la-diversidad-biologica\/#breadcrumb\",\"itemListElement\":[{\"@type\":\"ListItem\",\"position\":1,\"name\":\"Home\",\"item\":\"https:\/\/noticias.imer.mx\/antenaradio\/\"},{\"@type\":\"ListItem\",\"position\":2,\"name\":\"Tercera Semana de la Diversidad Biol\u00f3gica\"}]},{\"@type\":\"WebSite\",\"@id\":\"https:\/\/noticias.imer.mx\/antenaradio\/#website\",\"url\":\"https:\/\/noticias.imer.mx\/antenaradio\/\",\"name\":\"Antena Radio\",\"description\":\"La forma m\u00e1s clara de entender la noticia\",\"potentialAction\":[{\"@type\":\"SearchAction\",\"target\":{\"@type\":\"EntryPoint\",\"urlTemplate\":\"https:\/\/noticias.imer.mx\/antenaradio\/?s={search_term_string}\"},\"query-input\":\"required name=search_term_string\"}],\"inLanguage\":\"es\"},{\"@type\":\"Person\",\"@id\":\"https:\/\/noticias.imer.mx\/antenaradio\/#\/schema\/person\/72de5454d165c5239bc56a49873e43c9\",\"name\":\"IMER Noticias\",\"url\":\"https:\/\/noticias.imer.mx\/antenaradio\/author\/antenaradio\/\"}]}<\/script>\n<!-- \/ Yoast SEO plugin. -->","yoast_head_json":{"title":"Tercera Semana de la Diversidad Biol\u00f3gica  - Antena Radio","robots":{"index":"index","follow":"follow","max-snippet":"max-snippet:-1","max-image-preview":"max-image-preview:large","max-video-preview":"max-video-preview:-1"},"canonical":"https:\/\/noticias.imer.mx\/antenaradio\/2013\/05\/20\/tercera-semana-de-la-diversidad-biologica\/","og_locale":"es_ES","og_type":"article","og_title":"Tercera Semana de la Diversidad Biol\u00f3gica  - Antena Radio","og_description":"El director general de comunicaci\u00f3n de la Ciencia de la Conabio, el doctor Carlos Galindo Leal, convers\u00f3 con nosotros sobre la Tercera Semana de la Diversidad Biol\u00f3gica. Descargue aqu\u00ed el audio","og_url":"https:\/\/noticias.imer.mx\/antenaradio\/2013\/05\/20\/tercera-semana-de-la-diversidad-biologica\/","og_site_name":"Antena Radio","article_published_time":"2013-05-20T16:31:52+00:00","article_modified_time":"2013-05-20T18:00:41+00:00","og_image":[{"url":"http:\/\/snn.imer.gob.mx\/antenaradio\/files\/2013\/05\/Carlos-Galindo-Leal-01-150x150.jpg"}],"author":"IMER Noticias","twitter_card":"summary_large_image","twitter_misc":{"Escrito por":"IMER Noticias"},"schema":{"@context":"https:\/\/schema.org","@graph":[{"@type":"WebPage","@id":"https:\/\/noticias.imer.mx\/antenaradio\/2013\/05\/20\/tercera-semana-de-la-diversidad-biologica\/","url":"https:\/\/noticias.imer.mx\/antenaradio\/2013\/05\/20\/tercera-semana-de-la-diversidad-biologica\/","name":"Tercera Semana de la Diversidad Biol\u00f3gica - Antena Radio","isPartOf":{"@id":"https:\/\/noticias.imer.mx\/antenaradio\/#website"},"datePublished":"2013-05-20T16:31:52+00:00","dateModified":"2013-05-20T18:00:41+00:00","author":{"@id":"https:\/\/noticias.imer.mx\/antenaradio\/#\/schema\/person\/72de5454d165c5239bc56a49873e43c9"},"breadcrumb":{"@id":"https:\/\/noticias.imer.mx\/antenaradio\/2013\/05\/20\/tercera-semana-de-la-diversidad-biologica\/#breadcrumb"},"inLanguage":"es","potentialAction":[{"@type":"ReadAction","target":["https:\/\/noticias.imer.mx\/antenaradio\/2013\/05\/20\/tercera-semana-de-la-diversidad-biologica\/"]}]},{"@type":"BreadcrumbList","@id":"https:\/\/noticias.imer.mx\/antenaradio\/2013\/05\/20\/tercera-semana-de-la-diversidad-biologica\/#breadcrumb","itemListElement":[{"@type":"ListItem","position":1,"name":"Home","item":"https:\/\/noticias.imer.mx\/antenaradio\/"},{"@type":"ListItem","position":2,"name":"Tercera Semana de la Diversidad Biol\u00f3gica"}]},{"@type":"WebSite","@id":"https:\/\/noticias.imer.mx\/antenaradio\/#website","url":"https:\/\/noticias.imer.mx\/antenaradio\/","name":"Antena Radio","description":"La forma m\u00e1s clara de entender la noticia","potentialAction":[{"@type":"SearchAction","target":{"@type":"EntryPoint","urlTemplate":"https:\/\/noticias.imer.mx\/antenaradio\/?s={search_term_string}"},"query-input":"required name=search_term_string"}],"inLanguage":"es"},{"@type":"Person","@id":"https:\/\/noticias.imer.mx\/antenaradio\/#\/schema\/person\/72de5454d165c5239bc56a49873e43c9","name":"IMER Noticias","url":"https:\/\/noticias.imer.mx\/antenaradio\/author\/antenaradio\/"}]}},"_links":{"self":[{"href":"https:\/\/noticias.imer.mx\/antenaradio\/wp-json\/wp\/v2\/posts\/22135"}],"collection":[{"href":"https:\/\/noticias.imer.mx\/antenaradio\/wp-json\/wp\/v2\/posts"}],"about":[{"href":"https:\/\/noticias.imer.mx\/antenaradio\/wp-json\/wp\/v2\/types\/post"}],"author":[{"embeddable":true,"href":"https:\/\/noticias.imer.mx\/antenaradio\/wp-json\/wp\/v2\/users\/8"}],"replies":[{"embeddable":true,"href":"https:\/\/noticias.imer.mx\/antenaradio\/wp-json\/wp\/v2\/comments?post=22135"}],"version-history":[{"count":2,"href":"https:\/\/noticias.imer.mx\/antenaradio\/wp-json\/wp\/v2\/posts\/22135\/revisions"}],"predecessor-version":[{"id":22139,"href":"https:\/\/noticias.imer.mx\/antenaradio\/wp-json\/wp\/v2\/posts\/22135\/revisions\/22139"}],"wp:attachment":[{"href":"https:\/\/noticias.imer.mx\/antenaradio\/wp-json\/wp\/v2\/media?parent=22135"}],"wp:term":[{"taxonomy":"category","embeddable":true,"href":"https:\/\/noticias.imer.mx\/antenaradio\/wp-json\/wp\/v2\/categories?post=22135"},{"taxonomy":"post_tag","embeddable":true,"href":"https:\/\/noticias.imer.mx\/antenaradio\/wp-json\/wp\/v2\/tags?post=22135"}],"curies":[{"name":"wp","href":"https:\/\/api.w.org\/{rel}","templated":true}]}}