{"id":21896,"date":"2013-04-05T20:41:29","date_gmt":"2013-04-06T02:41:29","guid":{"rendered":"http:\/\/www.blogs.imer.gob.mx\/antenaradio\/?p=21896"},"modified":"2013-05-14T03:14:48","modified_gmt":"2013-05-14T08:14:48","slug":"inauguracion-del-memorial-para-las-victimas-de-la-violencia","status":"publish","type":"post","link":"https:\/\/noticias.imer.mx\/antenaradio\/2013\/04\/05\/inauguracion-del-memorial-para-las-victimas-de-la-violencia\/","title":{"rendered":"Inauguraci\u00f3n del Memorial para las v\u00edctimas de la violencia"},"content":{"rendered":"<p><a href=\"http:\/\/snn.imer.gob.mx\/antenaradio\/files\/2013\/04\/memorial2.jpg\"><img loading=\"lazy\" decoding=\"async\" class=\"alignnone size-thumbnail wp-image-21898\" alt=\"memorial\" src=\"http:\/\/snn.imer.gob.mx\/antenaradio\/files\/2013\/04\/memorial2-150x150.jpg\" width=\"150\" height=\"150\" \/><\/a><\/p>\n<p><strong>Isabel Miranda de Wallace<\/strong>, presidenta de la organizaci\u00f3n Alto al Secuestro, convers\u00f3 sobre la inauguraci\u00f3n del Memorial para las v\u00edcitmas de la violencia<\/p>\n<p><a href=\"http:\/\/snn.imer.gob.mx\/antenaradio\/files\/2013\/04\/ISABEL.mp3\">Descarga el audio <\/a><\/p>\n","protected":false},"excerpt":{"rendered":"<p>Isabel Miranda de Wallace, presidenta de la organizaci\u00f3n Alto al Secuestro, convers\u00f3 sobre la inauguraci\u00f3n del Memorial para las v\u00edcitmas de la violencia Descarga el audio<\/p>\n","protected":false},"author":8,"featured_media":0,"comment_status":"open","ping_status":"open","sticky":false,"template":"","format":"standard","meta":{"footnotes":""},"categories":[8093,7265,4939],"tags":[7217,2408,3637],"class_list":["post-21896","post","type-post","status-publish","format-standard","hentry","category-ar-tercera-emision","category-enrique-lazcano","category-julieta-mendoza","tag-converso-sobre-la-inauguracion-del-memorial-para-las-vicitmas-de-la-violencia","tag-isabel-miranda-de-wallace","tag-presidenta-de-la-organizacion-alto-al-secuestro","category-8093","category-7265","category-4939","description-off"],"yoast_head":"<!-- This site is optimized with the Yoast SEO plugin v28.3 - https:\/\/yoast.com\/product\/yoast-seo-wordpress\/ -->\n<title>Inauguraci\u00f3n del Memorial para las v\u00edctimas de la violencia - Antena Radio<\/title>\n<meta name=\"robots\" content=\"index, follow, max-snippet:-1, max-image-preview:large, max-video-preview:-1\" \/>\n<link rel=\"canonical\" href=\"https:\/\/noticias.imer.mx\/antenaradio\/2013\/04\/05\/inauguracion-del-memorial-para-las-victimas-de-la-violencia\/\" \/>\n<meta property=\"og:locale\" content=\"es_ES\" \/>\n<meta property=\"og:type\" content=\"article\" \/>\n<meta property=\"og:title\" content=\"Inauguraci\u00f3n del Memorial para las v\u00edctimas de la violencia - Antena Radio\" \/>\n<meta property=\"og:description\" content=\"Isabel Miranda de Wallace, presidenta de la organizaci\u00f3n Alto al Secuestro, convers\u00f3 sobre la inauguraci\u00f3n del Memorial para las v\u00edcitmas de la violencia Descarga el audio\" \/>\n<meta property=\"og:url\" content=\"https:\/\/noticias.imer.mx\/antenaradio\/2013\/04\/05\/inauguracion-del-memorial-para-las-victimas-de-la-violencia\/\" \/>\n<meta property=\"og:site_name\" content=\"Antena Radio\" \/>\n<meta property=\"article:published_time\" content=\"2013-04-06T02:41:29+00:00\" \/>\n<meta property=\"article:modified_time\" content=\"2013-05-14T08:14:48+00:00\" \/>\n<meta property=\"og:image\" content=\"http:\/\/snn.imer.gob.mx\/antenaradio\/files\/2013\/04\/memorial2-150x150.jpg\" \/>\n<meta name=\"author\" content=\"IMER Noticias\" \/>\n<meta name=\"twitter:card\" content=\"summary_large_image\" \/>\n<meta name=\"twitter:label1\" content=\"Escrito por\" \/>\n\t<meta name=\"twitter:data1\" content=\"IMER Noticias\" \/>\n<script type=\"application\/ld+json\" class=\"yoast-schema-graph\">{\"@context\":\"https:\\\/\\\/schema.org\",\"@graph\":[{\"@type\":\"Article\",\"@id\":\"https:\\\/\\\/noticias.imer.mx\\\/antenaradio\\\/2013\\\/04\\\/05\\\/inauguracion-del-memorial-para-las-victimas-de-la-violencia\\\/#article\",\"isPartOf\":{\"@id\":\"https:\\\/\\\/noticias.imer.mx\\\/antenaradio\\\/2013\\\/04\\\/05\\\/inauguracion-del-memorial-para-las-victimas-de-la-violencia\\\/\"},\"author\":{\"name\":\"IMER Noticias\",\"@id\":\"https:\\\/\\\/noticias.imer.mx\\\/antenaradio\\\/#\\\/schema\\\/person\\\/72de5454d165c5239bc56a49873e43c9\"},\"headline\":\"Inauguraci\u00f3n del Memorial para las v\u00edctimas de la violencia\",\"datePublished\":\"2013-04-06T02:41:29+00:00\",\"dateModified\":\"2013-05-14T08:14:48+00:00\",\"mainEntityOfPage\":{\"@id\":\"https:\\\/\\\/noticias.imer.mx\\\/antenaradio\\\/2013\\\/04\\\/05\\\/inauguracion-del-memorial-para-las-victimas-de-la-violencia\\\/\"},\"wordCount\":40,\"commentCount\":0,\"image\":{\"@id\":\"https:\\\/\\\/noticias.imer.mx\\\/antenaradio\\\/2013\\\/04\\\/05\\\/inauguracion-del-memorial-para-las-victimas-de-la-violencia\\\/#primaryimage\"},\"thumbnailUrl\":\"http:\\\/\\\/snn.imer.gob.mx\\\/antenaradio\\\/files\\\/2013\\\/04\\\/memorial2-150x150.jpg\",\"keywords\":[\"convers\u00f3 sobre la inauguraci\u00f3n del Memorial para las v\u00edcitmas de la violencia\",\"Isabel Miranda de Wallace\",\"presidenta de la organizaci\u00f3n Alto al Secuestro\"],\"articleSection\":[\"AR tercera emisi\u00f3n\",\"Enrique Lazcano\",\"Julieta Mendoza y Enrique Lazcano\"],\"inLanguage\":\"es\",\"potentialAction\":[{\"@type\":\"CommentAction\",\"name\":\"Comment\",\"target\":[\"https:\\\/\\\/noticias.imer.mx\\\/antenaradio\\\/2013\\\/04\\\/05\\\/inauguracion-del-memorial-para-las-victimas-de-la-violencia\\\/#respond\"]}]},{\"@type\":\"WebPage\",\"@id\":\"https:\\\/\\\/noticias.imer.mx\\\/antenaradio\\\/2013\\\/04\\\/05\\\/inauguracion-del-memorial-para-las-victimas-de-la-violencia\\\/\",\"url\":\"https:\\\/\\\/noticias.imer.mx\\\/antenaradio\\\/2013\\\/04\\\/05\\\/inauguracion-del-memorial-para-las-victimas-de-la-violencia\\\/\",\"name\":\"Inauguraci\u00f3n del Memorial para las v\u00edctimas de la violencia - Antena Radio\",\"isPartOf\":{\"@id\":\"https:\\\/\\\/noticias.imer.mx\\\/antenaradio\\\/#website\"},\"primaryImageOfPage\":{\"@id\":\"https:\\\/\\\/noticias.imer.mx\\\/antenaradio\\\/2013\\\/04\\\/05\\\/inauguracion-del-memorial-para-las-victimas-de-la-violencia\\\/#primaryimage\"},\"image\":{\"@id\":\"https:\\\/\\\/noticias.imer.mx\\\/antenaradio\\\/2013\\\/04\\\/05\\\/inauguracion-del-memorial-para-las-victimas-de-la-violencia\\\/#primaryimage\"},\"thumbnailUrl\":\"http:\\\/\\\/snn.imer.gob.mx\\\/antenaradio\\\/files\\\/2013\\\/04\\\/memorial2-150x150.jpg\",\"datePublished\":\"2013-04-06T02:41:29+00:00\",\"dateModified\":\"2013-05-14T08:14:48+00:00\",\"author\":{\"@id\":\"https:\\\/\\\/noticias.imer.mx\\\/antenaradio\\\/#\\\/schema\\\/person\\\/72de5454d165c5239bc56a49873e43c9\"},\"breadcrumb\":{\"@id\":\"https:\\\/\\\/noticias.imer.mx\\\/antenaradio\\\/2013\\\/04\\\/05\\\/inauguracion-del-memorial-para-las-victimas-de-la-violencia\\\/#breadcrumb\"},\"inLanguage\":\"es\",\"potentialAction\":[{\"@type\":\"ReadAction\",\"target\":[\"https:\\\/\\\/noticias.imer.mx\\\/antenaradio\\\/2013\\\/04\\\/05\\\/inauguracion-del-memorial-para-las-victimas-de-la-violencia\\\/\"]}]},{\"@type\":\"ImageObject\",\"inLanguage\":\"es\",\"@id\":\"https:\\\/\\\/noticias.imer.mx\\\/antenaradio\\\/2013\\\/04\\\/05\\\/inauguracion-del-memorial-para-las-victimas-de-la-violencia\\\/#primaryimage\",\"url\":\"http:\\\/\\\/snn.imer.gob.mx\\\/antenaradio\\\/files\\\/2013\\\/04\\\/memorial2-150x150.jpg\",\"contentUrl\":\"http:\\\/\\\/snn.imer.gob.mx\\\/antenaradio\\\/files\\\/2013\\\/04\\\/memorial2-150x150.jpg\"},{\"@type\":\"BreadcrumbList\",\"@id\":\"https:\\\/\\\/noticias.imer.mx\\\/antenaradio\\\/2013\\\/04\\\/05\\\/inauguracion-del-memorial-para-las-victimas-de-la-violencia\\\/#breadcrumb\",\"itemListElement\":[{\"@type\":\"ListItem\",\"position\":1,\"name\":\"Home\",\"item\":\"https:\\\/\\\/noticias.imer.mx\\\/antenaradio\\\/\"},{\"@type\":\"ListItem\",\"position\":2,\"name\":\"Inauguraci\u00f3n del Memorial para las v\u00edctimas de la violencia\"}]},{\"@type\":\"WebSite\",\"@id\":\"https:\\\/\\\/noticias.imer.mx\\\/antenaradio\\\/#website\",\"url\":\"https:\\\/\\\/noticias.imer.mx\\\/antenaradio\\\/\",\"name\":\"Antena Radio\",\"description\":\"La forma m\u00e1s clara de entender la noticia\",\"potentialAction\":[{\"@type\":\"SearchAction\",\"target\":{\"@type\":\"EntryPoint\",\"urlTemplate\":\"https:\\\/\\\/noticias.imer.mx\\\/antenaradio\\\/?s={search_term_string}\"},\"query-input\":{\"@type\":\"PropertyValueSpecification\",\"valueRequired\":true,\"valueName\":\"search_term_string\"}}],\"inLanguage\":\"es\"},{\"@type\":\"Person\",\"@id\":\"https:\\\/\\\/noticias.imer.mx\\\/antenaradio\\\/#\\\/schema\\\/person\\\/72de5454d165c5239bc56a49873e43c9\",\"name\":\"IMER Noticias\",\"url\":\"https:\\\/\\\/noticias.imer.mx\\\/antenaradio\\\/author\\\/antenaradio\\\/\"}]}<\/script>\n<!-- \/ Yoast SEO plugin. -->","yoast_head_json":{"title":"Inauguraci\u00f3n del Memorial para las v\u00edctimas de la violencia - Antena Radio","robots":{"index":"index","follow":"follow","max-snippet":"max-snippet:-1","max-image-preview":"max-image-preview:large","max-video-preview":"max-video-preview:-1"},"canonical":"https:\/\/noticias.imer.mx\/antenaradio\/2013\/04\/05\/inauguracion-del-memorial-para-las-victimas-de-la-violencia\/","og_locale":"es_ES","og_type":"article","og_title":"Inauguraci\u00f3n del Memorial para las v\u00edctimas de la violencia - Antena Radio","og_description":"Isabel Miranda de Wallace, presidenta de la organizaci\u00f3n Alto al Secuestro, convers\u00f3 sobre la inauguraci\u00f3n del Memorial para las v\u00edcitmas de la violencia Descarga el audio","og_url":"https:\/\/noticias.imer.mx\/antenaradio\/2013\/04\/05\/inauguracion-del-memorial-para-las-victimas-de-la-violencia\/","og_site_name":"Antena Radio","article_published_time":"2013-04-06T02:41:29+00:00","article_modified_time":"2013-05-14T08:14:48+00:00","og_image":[{"url":"http:\/\/snn.imer.gob.mx\/antenaradio\/files\/2013\/04\/memorial2-150x150.jpg","type":"","width":"","height":""}],"author":"IMER Noticias","twitter_card":"summary_large_image","twitter_misc":{"Escrito por":"IMER Noticias"},"schema":{"@context":"https:\/\/schema.org","@graph":[{"@type":"Article","@id":"https:\/\/noticias.imer.mx\/antenaradio\/2013\/04\/05\/inauguracion-del-memorial-para-las-victimas-de-la-violencia\/#article","isPartOf":{"@id":"https:\/\/noticias.imer.mx\/antenaradio\/2013\/04\/05\/inauguracion-del-memorial-para-las-victimas-de-la-violencia\/"},"author":{"name":"IMER Noticias","@id":"https:\/\/noticias.imer.mx\/antenaradio\/#\/schema\/person\/72de5454d165c5239bc56a49873e43c9"},"headline":"Inauguraci\u00f3n del Memorial para las v\u00edctimas de la violencia","datePublished":"2013-04-06T02:41:29+00:00","dateModified":"2013-05-14T08:14:48+00:00","mainEntityOfPage":{"@id":"https:\/\/noticias.imer.mx\/antenaradio\/2013\/04\/05\/inauguracion-del-memorial-para-las-victimas-de-la-violencia\/"},"wordCount":40,"commentCount":0,"image":{"@id":"https:\/\/noticias.imer.mx\/antenaradio\/2013\/04\/05\/inauguracion-del-memorial-para-las-victimas-de-la-violencia\/#primaryimage"},"thumbnailUrl":"http:\/\/snn.imer.gob.mx\/antenaradio\/files\/2013\/04\/memorial2-150x150.jpg","keywords":["convers\u00f3 sobre la inauguraci\u00f3n del Memorial para las v\u00edcitmas de la violencia","Isabel Miranda de Wallace","presidenta de la organizaci\u00f3n Alto al Secuestro"],"articleSection":["AR tercera emisi\u00f3n","Enrique Lazcano","Julieta Mendoza y Enrique Lazcano"],"inLanguage":"es","potentialAction":[{"@type":"CommentAction","name":"Comment","target":["https:\/\/noticias.imer.mx\/antenaradio\/2013\/04\/05\/inauguracion-del-memorial-para-las-victimas-de-la-violencia\/#respond"]}]},{"@type":"WebPage","@id":"https:\/\/noticias.imer.mx\/antenaradio\/2013\/04\/05\/inauguracion-del-memorial-para-las-victimas-de-la-violencia\/","url":"https:\/\/noticias.imer.mx\/antenaradio\/2013\/04\/05\/inauguracion-del-memorial-para-las-victimas-de-la-violencia\/","name":"Inauguraci\u00f3n del Memorial para las v\u00edctimas de la violencia - Antena Radio","isPartOf":{"@id":"https:\/\/noticias.imer.mx\/antenaradio\/#website"},"primaryImageOfPage":{"@id":"https:\/\/noticias.imer.mx\/antenaradio\/2013\/04\/05\/inauguracion-del-memorial-para-las-victimas-de-la-violencia\/#primaryimage"},"image":{"@id":"https:\/\/noticias.imer.mx\/antenaradio\/2013\/04\/05\/inauguracion-del-memorial-para-las-victimas-de-la-violencia\/#primaryimage"},"thumbnailUrl":"http:\/\/snn.imer.gob.mx\/antenaradio\/files\/2013\/04\/memorial2-150x150.jpg","datePublished":"2013-04-06T02:41:29+00:00","dateModified":"2013-05-14T08:14:48+00:00","author":{"@id":"https:\/\/noticias.imer.mx\/antenaradio\/#\/schema\/person\/72de5454d165c5239bc56a49873e43c9"},"breadcrumb":{"@id":"https:\/\/noticias.imer.mx\/antenaradio\/2013\/04\/05\/inauguracion-del-memorial-para-las-victimas-de-la-violencia\/#breadcrumb"},"inLanguage":"es","potentialAction":[{"@type":"ReadAction","target":["https:\/\/noticias.imer.mx\/antenaradio\/2013\/04\/05\/inauguracion-del-memorial-para-las-victimas-de-la-violencia\/"]}]},{"@type":"ImageObject","inLanguage":"es","@id":"https:\/\/noticias.imer.mx\/antenaradio\/2013\/04\/05\/inauguracion-del-memorial-para-las-victimas-de-la-violencia\/#primaryimage","url":"http:\/\/snn.imer.gob.mx\/antenaradio\/files\/2013\/04\/memorial2-150x150.jpg","contentUrl":"http:\/\/snn.imer.gob.mx\/antenaradio\/files\/2013\/04\/memorial2-150x150.jpg"},{"@type":"BreadcrumbList","@id":"https:\/\/noticias.imer.mx\/antenaradio\/2013\/04\/05\/inauguracion-del-memorial-para-las-victimas-de-la-violencia\/#breadcrumb","itemListElement":[{"@type":"ListItem","position":1,"name":"Home","item":"https:\/\/noticias.imer.mx\/antenaradio\/"},{"@type":"ListItem","position":2,"name":"Inauguraci\u00f3n del Memorial para las v\u00edctimas de la violencia"}]},{"@type":"WebSite","@id":"https:\/\/noticias.imer.mx\/antenaradio\/#website","url":"https:\/\/noticias.imer.mx\/antenaradio\/","name":"Antena Radio","description":"La forma m\u00e1s clara de entender la noticia","potentialAction":[{"@type":"SearchAction","target":{"@type":"EntryPoint","urlTemplate":"https:\/\/noticias.imer.mx\/antenaradio\/?s={search_term_string}"},"query-input":{"@type":"PropertyValueSpecification","valueRequired":true,"valueName":"search_term_string"}}],"inLanguage":"es"},{"@type":"Person","@id":"https:\/\/noticias.imer.mx\/antenaradio\/#\/schema\/person\/72de5454d165c5239bc56a49873e43c9","name":"IMER Noticias","url":"https:\/\/noticias.imer.mx\/antenaradio\/author\/antenaradio\/"}]}},"_links":{"self":[{"href":"https:\/\/noticias.imer.mx\/antenaradio\/wp-json\/wp\/v2\/posts\/21896","targetHints":{"allow":["GET"]}}],"collection":[{"href":"https:\/\/noticias.imer.mx\/antenaradio\/wp-json\/wp\/v2\/posts"}],"about":[{"href":"https:\/\/noticias.imer.mx\/antenaradio\/wp-json\/wp\/v2\/types\/post"}],"author":[{"embeddable":true,"href":"https:\/\/noticias.imer.mx\/antenaradio\/wp-json\/wp\/v2\/users\/8"}],"replies":[{"embeddable":true,"href":"https:\/\/noticias.imer.mx\/antenaradio\/wp-json\/wp\/v2\/comments?post=21896"}],"version-history":[{"count":4,"href":"https:\/\/noticias.imer.mx\/antenaradio\/wp-json\/wp\/v2\/posts\/21896\/revisions"}],"predecessor-version":[{"id":22090,"href":"https:\/\/noticias.imer.mx\/antenaradio\/wp-json\/wp\/v2\/posts\/21896\/revisions\/22090"}],"wp:attachment":[{"href":"https:\/\/noticias.imer.mx\/antenaradio\/wp-json\/wp\/v2\/media?parent=21896"}],"wp:term":[{"taxonomy":"category","embeddable":true,"href":"https:\/\/noticias.imer.mx\/antenaradio\/wp-json\/wp\/v2\/categories?post=21896"},{"taxonomy":"post_tag","embeddable":true,"href":"https:\/\/noticias.imer.mx\/antenaradio\/wp-json\/wp\/v2\/tags?post=21896"}],"curies":[{"name":"wp","href":"https:\/\/api.w.org\/{rel}","templated":true}]}}