{"id":21885,"date":"2013-04-05T11:42:52","date_gmt":"2013-04-05T17:42:52","guid":{"rendered":"http:\/\/www.blogs.imer.gob.mx\/antenaradio\/?p=21885"},"modified":"2013-04-08T11:35:43","modified_gmt":"2013-04-08T16:35:43","slug":"percepcion-de-la-violencia-en-mexico-una-mirada-desde-los-estados-unidos","status":"publish","type":"post","link":"https:\/\/noticias.imer.mx\/antenaradio\/2013\/04\/05\/percepcion-de-la-violencia-en-mexico-una-mirada-desde-los-estados-unidos\/","title":{"rendered":"Percepci\u00f3n de la violencia en M\u00e9xico, una mirada desde los Estados Unidos"},"content":{"rendered":"<p><a href=\"http:\/\/snn.imer.gob.mx\/antenaradio\/files\/2013\/04\/Andrew-Selee-01.jpg\"><img loading=\"lazy\" decoding=\"async\" class=\"alignnone size-thumbnail wp-image-21887\" alt=\"Andrew Selee 01\" src=\"http:\/\/snn.imer.gob.mx\/antenaradio\/files\/2013\/04\/Andrew-Selee-01-150x150.jpg\" width=\"150\" height=\"150\" \/><\/a><\/p>\n<p>El doctor <strong>Andrew Selee<\/strong>, director del Instituto M\u00e9xico del Centro Woodrow Wilson en Washington, habl\u00f3 sobre la percepci\u00f3n de la violencia en M\u00e9xico desde los Estados Unidos.<\/p>\n<p><a href=\"http:\/\/snn.imer.gob.mx\/antenaradio\/files\/2013\/04\/05-ABRIL-ANDREW-SELEE.mp3\">Descargue el audio aqu\u00ed<\/a><\/p>\n","protected":false},"excerpt":{"rendered":"<p>El doctor Andrew Selee, director del Instituto M\u00e9xico del Centro Woodrow Wilson en Washington, habl\u00f3 sobre la percepci\u00f3n de la violencia en M\u00e9xico desde los Estados Unidos. Descargue el audio aqu\u00ed<\/p>\n","protected":false},"author":8,"featured_media":0,"comment_status":"open","ping_status":"open","sticky":false,"template":"","format":"standard","meta":{"footnotes":""},"categories":[5,4929],"tags":[318,7213],"class_list":["post-21885","post","type-post","status-publish","format-standard","hentry","category-ar-primera-emision","category-mario-campos","tag-andrew-selee","tag-percepcion-de-la-violencia-en-mexico","category-5","category-4929","description-off"],"yoast_head":"<!-- This site is optimized with the Yoast SEO plugin v28.3 - https:\/\/yoast.com\/product\/yoast-seo-wordpress\/ -->\n<title>Percepci\u00f3n de la violencia en M\u00e9xico, una mirada desde los Estados Unidos - Antena Radio<\/title>\n<meta name=\"robots\" content=\"index, follow, max-snippet:-1, max-image-preview:large, max-video-preview:-1\" \/>\n<link rel=\"canonical\" href=\"https:\/\/noticias.imer.mx\/antenaradio\/2013\/04\/05\/percepcion-de-la-violencia-en-mexico-una-mirada-desde-los-estados-unidos\/\" \/>\n<meta property=\"og:locale\" content=\"es_ES\" \/>\n<meta property=\"og:type\" content=\"article\" \/>\n<meta property=\"og:title\" content=\"Percepci\u00f3n de la violencia en M\u00e9xico, una mirada desde los Estados Unidos - Antena Radio\" \/>\n<meta property=\"og:description\" content=\"El doctor Andrew Selee, director del Instituto M\u00e9xico del Centro Woodrow Wilson en Washington, habl\u00f3 sobre la percepci\u00f3n de la violencia en M\u00e9xico desde los Estados Unidos. Descargue el audio aqu\u00ed\" \/>\n<meta property=\"og:url\" content=\"https:\/\/noticias.imer.mx\/antenaradio\/2013\/04\/05\/percepcion-de-la-violencia-en-mexico-una-mirada-desde-los-estados-unidos\/\" \/>\n<meta property=\"og:site_name\" content=\"Antena Radio\" \/>\n<meta property=\"article:published_time\" content=\"2013-04-05T17:42:52+00:00\" \/>\n<meta property=\"article:modified_time\" content=\"2013-04-08T16:35:43+00:00\" \/>\n<meta property=\"og:image\" content=\"http:\/\/snn.imer.gob.mx\/antenaradio\/files\/2013\/04\/Andrew-Selee-01-150x150.jpg\" \/>\n<meta name=\"author\" content=\"IMER Noticias\" \/>\n<meta name=\"twitter:card\" content=\"summary_large_image\" \/>\n<meta name=\"twitter:label1\" content=\"Escrito por\" \/>\n\t<meta name=\"twitter:data1\" content=\"IMER Noticias\" \/>\n<script type=\"application\/ld+json\" class=\"yoast-schema-graph\">{\"@context\":\"https:\\\/\\\/schema.org\",\"@graph\":[{\"@type\":\"Article\",\"@id\":\"https:\\\/\\\/noticias.imer.mx\\\/antenaradio\\\/2013\\\/04\\\/05\\\/percepcion-de-la-violencia-en-mexico-una-mirada-desde-los-estados-unidos\\\/#article\",\"isPartOf\":{\"@id\":\"https:\\\/\\\/noticias.imer.mx\\\/antenaradio\\\/2013\\\/04\\\/05\\\/percepcion-de-la-violencia-en-mexico-una-mirada-desde-los-estados-unidos\\\/\"},\"author\":{\"name\":\"IMER Noticias\",\"@id\":\"https:\\\/\\\/noticias.imer.mx\\\/antenaradio\\\/#\\\/schema\\\/person\\\/72de5454d165c5239bc56a49873e43c9\"},\"headline\":\"Percepci\u00f3n de la violencia en M\u00e9xico, una mirada desde los Estados Unidos\",\"datePublished\":\"2013-04-05T17:42:52+00:00\",\"dateModified\":\"2013-04-08T16:35:43+00:00\",\"mainEntityOfPage\":{\"@id\":\"https:\\\/\\\/noticias.imer.mx\\\/antenaradio\\\/2013\\\/04\\\/05\\\/percepcion-de-la-violencia-en-mexico-una-mirada-desde-los-estados-unidos\\\/\"},\"wordCount\":48,\"commentCount\":0,\"image\":{\"@id\":\"https:\\\/\\\/noticias.imer.mx\\\/antenaradio\\\/2013\\\/04\\\/05\\\/percepcion-de-la-violencia-en-mexico-una-mirada-desde-los-estados-unidos\\\/#primaryimage\"},\"thumbnailUrl\":\"http:\\\/\\\/snn.imer.gob.mx\\\/antenaradio\\\/files\\\/2013\\\/04\\\/Andrew-Selee-01-150x150.jpg\",\"keywords\":[\"Andrew Selee\",\"percepci\u00f3n de la violencia en M\u00e9xico\"],\"articleSection\":[\"AR Primera Emisi\u00f3n\",\"Mario Campos\"],\"inLanguage\":\"es\",\"potentialAction\":[{\"@type\":\"CommentAction\",\"name\":\"Comment\",\"target\":[\"https:\\\/\\\/noticias.imer.mx\\\/antenaradio\\\/2013\\\/04\\\/05\\\/percepcion-de-la-violencia-en-mexico-una-mirada-desde-los-estados-unidos\\\/#respond\"]}]},{\"@type\":\"WebPage\",\"@id\":\"https:\\\/\\\/noticias.imer.mx\\\/antenaradio\\\/2013\\\/04\\\/05\\\/percepcion-de-la-violencia-en-mexico-una-mirada-desde-los-estados-unidos\\\/\",\"url\":\"https:\\\/\\\/noticias.imer.mx\\\/antenaradio\\\/2013\\\/04\\\/05\\\/percepcion-de-la-violencia-en-mexico-una-mirada-desde-los-estados-unidos\\\/\",\"name\":\"Percepci\u00f3n de la violencia en M\u00e9xico, una mirada desde los Estados Unidos - Antena Radio\",\"isPartOf\":{\"@id\":\"https:\\\/\\\/noticias.imer.mx\\\/antenaradio\\\/#website\"},\"primaryImageOfPage\":{\"@id\":\"https:\\\/\\\/noticias.imer.mx\\\/antenaradio\\\/2013\\\/04\\\/05\\\/percepcion-de-la-violencia-en-mexico-una-mirada-desde-los-estados-unidos\\\/#primaryimage\"},\"image\":{\"@id\":\"https:\\\/\\\/noticias.imer.mx\\\/antenaradio\\\/2013\\\/04\\\/05\\\/percepcion-de-la-violencia-en-mexico-una-mirada-desde-los-estados-unidos\\\/#primaryimage\"},\"thumbnailUrl\":\"http:\\\/\\\/snn.imer.gob.mx\\\/antenaradio\\\/files\\\/2013\\\/04\\\/Andrew-Selee-01-150x150.jpg\",\"datePublished\":\"2013-04-05T17:42:52+00:00\",\"dateModified\":\"2013-04-08T16:35:43+00:00\",\"author\":{\"@id\":\"https:\\\/\\\/noticias.imer.mx\\\/antenaradio\\\/#\\\/schema\\\/person\\\/72de5454d165c5239bc56a49873e43c9\"},\"breadcrumb\":{\"@id\":\"https:\\\/\\\/noticias.imer.mx\\\/antenaradio\\\/2013\\\/04\\\/05\\\/percepcion-de-la-violencia-en-mexico-una-mirada-desde-los-estados-unidos\\\/#breadcrumb\"},\"inLanguage\":\"es\",\"potentialAction\":[{\"@type\":\"ReadAction\",\"target\":[\"https:\\\/\\\/noticias.imer.mx\\\/antenaradio\\\/2013\\\/04\\\/05\\\/percepcion-de-la-violencia-en-mexico-una-mirada-desde-los-estados-unidos\\\/\"]}]},{\"@type\":\"ImageObject\",\"inLanguage\":\"es\",\"@id\":\"https:\\\/\\\/noticias.imer.mx\\\/antenaradio\\\/2013\\\/04\\\/05\\\/percepcion-de-la-violencia-en-mexico-una-mirada-desde-los-estados-unidos\\\/#primaryimage\",\"url\":\"http:\\\/\\\/snn.imer.gob.mx\\\/antenaradio\\\/files\\\/2013\\\/04\\\/Andrew-Selee-01-150x150.jpg\",\"contentUrl\":\"http:\\\/\\\/snn.imer.gob.mx\\\/antenaradio\\\/files\\\/2013\\\/04\\\/Andrew-Selee-01-150x150.jpg\"},{\"@type\":\"BreadcrumbList\",\"@id\":\"https:\\\/\\\/noticias.imer.mx\\\/antenaradio\\\/2013\\\/04\\\/05\\\/percepcion-de-la-violencia-en-mexico-una-mirada-desde-los-estados-unidos\\\/#breadcrumb\",\"itemListElement\":[{\"@type\":\"ListItem\",\"position\":1,\"name\":\"Home\",\"item\":\"https:\\\/\\\/noticias.imer.mx\\\/antenaradio\\\/\"},{\"@type\":\"ListItem\",\"position\":2,\"name\":\"Percepci\u00f3n de la violencia en M\u00e9xico, una mirada desde los Estados Unidos\"}]},{\"@type\":\"WebSite\",\"@id\":\"https:\\\/\\\/noticias.imer.mx\\\/antenaradio\\\/#website\",\"url\":\"https:\\\/\\\/noticias.imer.mx\\\/antenaradio\\\/\",\"name\":\"Antena Radio\",\"description\":\"La forma m\u00e1s clara de entender la noticia\",\"potentialAction\":[{\"@type\":\"SearchAction\",\"target\":{\"@type\":\"EntryPoint\",\"urlTemplate\":\"https:\\\/\\\/noticias.imer.mx\\\/antenaradio\\\/?s={search_term_string}\"},\"query-input\":{\"@type\":\"PropertyValueSpecification\",\"valueRequired\":true,\"valueName\":\"search_term_string\"}}],\"inLanguage\":\"es\"},{\"@type\":\"Person\",\"@id\":\"https:\\\/\\\/noticias.imer.mx\\\/antenaradio\\\/#\\\/schema\\\/person\\\/72de5454d165c5239bc56a49873e43c9\",\"name\":\"IMER Noticias\",\"url\":\"https:\\\/\\\/noticias.imer.mx\\\/antenaradio\\\/author\\\/antenaradio\\\/\"}]}<\/script>\n<!-- \/ Yoast SEO plugin. -->","yoast_head_json":{"title":"Percepci\u00f3n de la violencia en M\u00e9xico, una mirada desde los Estados Unidos - Antena Radio","robots":{"index":"index","follow":"follow","max-snippet":"max-snippet:-1","max-image-preview":"max-image-preview:large","max-video-preview":"max-video-preview:-1"},"canonical":"https:\/\/noticias.imer.mx\/antenaradio\/2013\/04\/05\/percepcion-de-la-violencia-en-mexico-una-mirada-desde-los-estados-unidos\/","og_locale":"es_ES","og_type":"article","og_title":"Percepci\u00f3n de la violencia en M\u00e9xico, una mirada desde los Estados Unidos - Antena Radio","og_description":"El doctor Andrew Selee, director del Instituto M\u00e9xico del Centro Woodrow Wilson en Washington, habl\u00f3 sobre la percepci\u00f3n de la violencia en M\u00e9xico desde los Estados Unidos. Descargue el audio aqu\u00ed","og_url":"https:\/\/noticias.imer.mx\/antenaradio\/2013\/04\/05\/percepcion-de-la-violencia-en-mexico-una-mirada-desde-los-estados-unidos\/","og_site_name":"Antena Radio","article_published_time":"2013-04-05T17:42:52+00:00","article_modified_time":"2013-04-08T16:35:43+00:00","og_image":[{"url":"http:\/\/snn.imer.gob.mx\/antenaradio\/files\/2013\/04\/Andrew-Selee-01-150x150.jpg","type":"","width":"","height":""}],"author":"IMER Noticias","twitter_card":"summary_large_image","twitter_misc":{"Escrito por":"IMER Noticias"},"schema":{"@context":"https:\/\/schema.org","@graph":[{"@type":"Article","@id":"https:\/\/noticias.imer.mx\/antenaradio\/2013\/04\/05\/percepcion-de-la-violencia-en-mexico-una-mirada-desde-los-estados-unidos\/#article","isPartOf":{"@id":"https:\/\/noticias.imer.mx\/antenaradio\/2013\/04\/05\/percepcion-de-la-violencia-en-mexico-una-mirada-desde-los-estados-unidos\/"},"author":{"name":"IMER Noticias","@id":"https:\/\/noticias.imer.mx\/antenaradio\/#\/schema\/person\/72de5454d165c5239bc56a49873e43c9"},"headline":"Percepci\u00f3n de la violencia en M\u00e9xico, una mirada desde los Estados Unidos","datePublished":"2013-04-05T17:42:52+00:00","dateModified":"2013-04-08T16:35:43+00:00","mainEntityOfPage":{"@id":"https:\/\/noticias.imer.mx\/antenaradio\/2013\/04\/05\/percepcion-de-la-violencia-en-mexico-una-mirada-desde-los-estados-unidos\/"},"wordCount":48,"commentCount":0,"image":{"@id":"https:\/\/noticias.imer.mx\/antenaradio\/2013\/04\/05\/percepcion-de-la-violencia-en-mexico-una-mirada-desde-los-estados-unidos\/#primaryimage"},"thumbnailUrl":"http:\/\/snn.imer.gob.mx\/antenaradio\/files\/2013\/04\/Andrew-Selee-01-150x150.jpg","keywords":["Andrew Selee","percepci\u00f3n de la violencia en M\u00e9xico"],"articleSection":["AR Primera Emisi\u00f3n","Mario Campos"],"inLanguage":"es","potentialAction":[{"@type":"CommentAction","name":"Comment","target":["https:\/\/noticias.imer.mx\/antenaradio\/2013\/04\/05\/percepcion-de-la-violencia-en-mexico-una-mirada-desde-los-estados-unidos\/#respond"]}]},{"@type":"WebPage","@id":"https:\/\/noticias.imer.mx\/antenaradio\/2013\/04\/05\/percepcion-de-la-violencia-en-mexico-una-mirada-desde-los-estados-unidos\/","url":"https:\/\/noticias.imer.mx\/antenaradio\/2013\/04\/05\/percepcion-de-la-violencia-en-mexico-una-mirada-desde-los-estados-unidos\/","name":"Percepci\u00f3n de la violencia en M\u00e9xico, una mirada desde los Estados Unidos - Antena Radio","isPartOf":{"@id":"https:\/\/noticias.imer.mx\/antenaradio\/#website"},"primaryImageOfPage":{"@id":"https:\/\/noticias.imer.mx\/antenaradio\/2013\/04\/05\/percepcion-de-la-violencia-en-mexico-una-mirada-desde-los-estados-unidos\/#primaryimage"},"image":{"@id":"https:\/\/noticias.imer.mx\/antenaradio\/2013\/04\/05\/percepcion-de-la-violencia-en-mexico-una-mirada-desde-los-estados-unidos\/#primaryimage"},"thumbnailUrl":"http:\/\/snn.imer.gob.mx\/antenaradio\/files\/2013\/04\/Andrew-Selee-01-150x150.jpg","datePublished":"2013-04-05T17:42:52+00:00","dateModified":"2013-04-08T16:35:43+00:00","author":{"@id":"https:\/\/noticias.imer.mx\/antenaradio\/#\/schema\/person\/72de5454d165c5239bc56a49873e43c9"},"breadcrumb":{"@id":"https:\/\/noticias.imer.mx\/antenaradio\/2013\/04\/05\/percepcion-de-la-violencia-en-mexico-una-mirada-desde-los-estados-unidos\/#breadcrumb"},"inLanguage":"es","potentialAction":[{"@type":"ReadAction","target":["https:\/\/noticias.imer.mx\/antenaradio\/2013\/04\/05\/percepcion-de-la-violencia-en-mexico-una-mirada-desde-los-estados-unidos\/"]}]},{"@type":"ImageObject","inLanguage":"es","@id":"https:\/\/noticias.imer.mx\/antenaradio\/2013\/04\/05\/percepcion-de-la-violencia-en-mexico-una-mirada-desde-los-estados-unidos\/#primaryimage","url":"http:\/\/snn.imer.gob.mx\/antenaradio\/files\/2013\/04\/Andrew-Selee-01-150x150.jpg","contentUrl":"http:\/\/snn.imer.gob.mx\/antenaradio\/files\/2013\/04\/Andrew-Selee-01-150x150.jpg"},{"@type":"BreadcrumbList","@id":"https:\/\/noticias.imer.mx\/antenaradio\/2013\/04\/05\/percepcion-de-la-violencia-en-mexico-una-mirada-desde-los-estados-unidos\/#breadcrumb","itemListElement":[{"@type":"ListItem","position":1,"name":"Home","item":"https:\/\/noticias.imer.mx\/antenaradio\/"},{"@type":"ListItem","position":2,"name":"Percepci\u00f3n de la violencia en M\u00e9xico, una mirada desde los Estados Unidos"}]},{"@type":"WebSite","@id":"https:\/\/noticias.imer.mx\/antenaradio\/#website","url":"https:\/\/noticias.imer.mx\/antenaradio\/","name":"Antena Radio","description":"La forma m\u00e1s clara de entender la noticia","potentialAction":[{"@type":"SearchAction","target":{"@type":"EntryPoint","urlTemplate":"https:\/\/noticias.imer.mx\/antenaradio\/?s={search_term_string}"},"query-input":{"@type":"PropertyValueSpecification","valueRequired":true,"valueName":"search_term_string"}}],"inLanguage":"es"},{"@type":"Person","@id":"https:\/\/noticias.imer.mx\/antenaradio\/#\/schema\/person\/72de5454d165c5239bc56a49873e43c9","name":"IMER Noticias","url":"https:\/\/noticias.imer.mx\/antenaradio\/author\/antenaradio\/"}]}},"_links":{"self":[{"href":"https:\/\/noticias.imer.mx\/antenaradio\/wp-json\/wp\/v2\/posts\/21885","targetHints":{"allow":["GET"]}}],"collection":[{"href":"https:\/\/noticias.imer.mx\/antenaradio\/wp-json\/wp\/v2\/posts"}],"about":[{"href":"https:\/\/noticias.imer.mx\/antenaradio\/wp-json\/wp\/v2\/types\/post"}],"author":[{"embeddable":true,"href":"https:\/\/noticias.imer.mx\/antenaradio\/wp-json\/wp\/v2\/users\/8"}],"replies":[{"embeddable":true,"href":"https:\/\/noticias.imer.mx\/antenaradio\/wp-json\/wp\/v2\/comments?post=21885"}],"version-history":[{"count":3,"href":"https:\/\/noticias.imer.mx\/antenaradio\/wp-json\/wp\/v2\/posts\/21885\/revisions"}],"predecessor-version":[{"id":21890,"href":"https:\/\/noticias.imer.mx\/antenaradio\/wp-json\/wp\/v2\/posts\/21885\/revisions\/21890"}],"wp:attachment":[{"href":"https:\/\/noticias.imer.mx\/antenaradio\/wp-json\/wp\/v2\/media?parent=21885"}],"wp:term":[{"taxonomy":"category","embeddable":true,"href":"https:\/\/noticias.imer.mx\/antenaradio\/wp-json\/wp\/v2\/categories?post=21885"},{"taxonomy":"post_tag","embeddable":true,"href":"https:\/\/noticias.imer.mx\/antenaradio\/wp-json\/wp\/v2\/tags?post=21885"}],"curies":[{"name":"wp","href":"https:\/\/api.w.org\/{rel}","templated":true}]}}