{"id":21828,"date":"2013-03-27T11:05:03","date_gmt":"2013-03-27T17:05:03","guid":{"rendered":"http:\/\/www.blogs.imer.gob.mx\/antenaradio\/?p=21828"},"modified":"2013-03-27T11:53:54","modified_gmt":"2013-03-27T17:53:54","slug":"desaparicion-del-consejo-de-participacion-ciudadana-comentario-de-maria-elena-morera","status":"publish","type":"post","link":"https:\/\/noticias.imer.mx\/antenaradio\/2013\/03\/27\/desaparicion-del-consejo-de-participacion-ciudadana-comentario-de-maria-elena-morera\/","title":{"rendered":"El Consejo de Participaci\u00f3n Ciudadana debi\u00f3 reestructurarse: Morera"},"content":{"rendered":"<p><a href=\"http:\/\/snn.imer.gob.mx\/antenaradio\/files\/2013\/03\/Mar\u00eda-Elena-Morera-02.jpg\"><img decoding=\"async\" loading=\"lazy\" class=\"alignnone size-thumbnail wp-image-21830\" alt=\"Mar\u00eda Elena Morera 02\" src=\"http:\/\/snn.imer.gob.mx\/antenaradio\/files\/2013\/03\/Mar\u00eda-Elena-Morera-02-150x150.jpg\" width=\"150\" height=\"150\" \/><\/a><\/p>\n<p>La presidenta de Causa en Com\u00fan, la doctora <strong>Mar\u00eda Elena Morera<\/strong>, nos dio su comentario sobre la desaparici\u00f3n del Consejo de Participaci\u00f3n Ciudadana.<\/p>\n<p><a href=\"http:\/\/snn.imer.gob.mx\/antenaradio\/files\/2013\/03\/27-ARPE-DRA-MARIA-ELENA-MORERA.mp3\">Descargue aqu\u00ed el audio de Maria Elena Morera<\/a><\/p>\n","protected":false},"excerpt":{"rendered":"<p>La presidenta de Causa en Com\u00fan, la doctora Mar\u00eda Elena Morera, nos dio su comentario sobre la desaparici\u00f3n del Consejo de Participaci\u00f3n Ciudadana. Descargue aqu\u00ed el audio de Maria Elena Morera<\/p>\n","protected":false},"author":8,"featured_media":0,"comment_status":"open","ping_status":"open","sticky":false,"template":"","format":"standard","meta":{"wp_popup_display_lightbox":0,"wp_popup_suppress":"","wp_popup_trigger":"","wp_popup_trigger_amount":0,"wp_popup_disable_on_mobile":false},"categories":[5,4929],"tags":[7198,3012],"yoast_head":"<!-- This site is optimized with the Yoast SEO plugin v21.0 - https:\/\/yoast.com\/wordpress\/plugins\/seo\/ -->\n<title>El Consejo de Participaci\u00f3n Ciudadana debi\u00f3 reestructurarse: Morera  - Antena Radio<\/title>\n<meta name=\"robots\" content=\"index, follow, max-snippet:-1, max-image-preview:large, max-video-preview:-1\" \/>\n<link rel=\"canonical\" href=\"https:\/\/noticias.imer.mx\/antenaradio\/2013\/03\/27\/desaparicion-del-consejo-de-participacion-ciudadana-comentario-de-maria-elena-morera\/\" \/>\n<meta property=\"og:locale\" content=\"es_ES\" \/>\n<meta property=\"og:type\" content=\"article\" \/>\n<meta property=\"og:title\" content=\"El Consejo de Participaci\u00f3n Ciudadana debi\u00f3 reestructurarse: Morera  - Antena Radio\" \/>\n<meta property=\"og:description\" content=\"La presidenta de Causa en Com\u00fan, la doctora Mar\u00eda Elena Morera, nos dio su comentario sobre la desaparici\u00f3n del Consejo de Participaci\u00f3n Ciudadana. Descargue aqu\u00ed el audio de Maria Elena Morera\" \/>\n<meta property=\"og:url\" content=\"https:\/\/noticias.imer.mx\/antenaradio\/2013\/03\/27\/desaparicion-del-consejo-de-participacion-ciudadana-comentario-de-maria-elena-morera\/\" \/>\n<meta property=\"og:site_name\" content=\"Antena Radio\" \/>\n<meta property=\"article:published_time\" content=\"2013-03-27T17:05:03+00:00\" \/>\n<meta property=\"article:modified_time\" content=\"2013-03-27T17:53:54+00:00\" \/>\n<meta name=\"author\" content=\"IMER Noticias\" \/>\n<meta name=\"twitter:card\" content=\"summary_large_image\" \/>\n<meta name=\"twitter:label1\" content=\"Escrito por\" \/>\n\t<meta name=\"twitter:data1\" content=\"IMER Noticias\" \/>\n<script type=\"application\/ld+json\" class=\"yoast-schema-graph\">{\"@context\":\"https:\/\/schema.org\",\"@graph\":[{\"@type\":\"WebPage\",\"@id\":\"https:\/\/noticias.imer.mx\/antenaradio\/2013\/03\/27\/desaparicion-del-consejo-de-participacion-ciudadana-comentario-de-maria-elena-morera\/\",\"url\":\"https:\/\/noticias.imer.mx\/antenaradio\/2013\/03\/27\/desaparicion-del-consejo-de-participacion-ciudadana-comentario-de-maria-elena-morera\/\",\"name\":\"El Consejo de Participaci\u00f3n Ciudadana debi\u00f3 reestructurarse: Morera - Antena Radio\",\"isPartOf\":{\"@id\":\"https:\/\/noticias.imer.mx\/antenaradio\/#website\"},\"datePublished\":\"2013-03-27T17:05:03+00:00\",\"dateModified\":\"2013-03-27T17:53:54+00:00\",\"author\":{\"@id\":\"https:\/\/noticias.imer.mx\/antenaradio\/#\/schema\/person\/72de5454d165c5239bc56a49873e43c9\"},\"breadcrumb\":{\"@id\":\"https:\/\/noticias.imer.mx\/antenaradio\/2013\/03\/27\/desaparicion-del-consejo-de-participacion-ciudadana-comentario-de-maria-elena-morera\/#breadcrumb\"},\"inLanguage\":\"es\",\"potentialAction\":[{\"@type\":\"ReadAction\",\"target\":[\"https:\/\/noticias.imer.mx\/antenaradio\/2013\/03\/27\/desaparicion-del-consejo-de-participacion-ciudadana-comentario-de-maria-elena-morera\/\"]}]},{\"@type\":\"BreadcrumbList\",\"@id\":\"https:\/\/noticias.imer.mx\/antenaradio\/2013\/03\/27\/desaparicion-del-consejo-de-participacion-ciudadana-comentario-de-maria-elena-morera\/#breadcrumb\",\"itemListElement\":[{\"@type\":\"ListItem\",\"position\":1,\"name\":\"Home\",\"item\":\"https:\/\/noticias.imer.mx\/antenaradio\/\"},{\"@type\":\"ListItem\",\"position\":2,\"name\":\"El Consejo de Participaci\u00f3n Ciudadana debi\u00f3 reestructurarse: Morera\"}]},{\"@type\":\"WebSite\",\"@id\":\"https:\/\/noticias.imer.mx\/antenaradio\/#website\",\"url\":\"https:\/\/noticias.imer.mx\/antenaradio\/\",\"name\":\"Antena Radio\",\"description\":\"La forma m\u00e1s clara de entender la noticia\",\"potentialAction\":[{\"@type\":\"SearchAction\",\"target\":{\"@type\":\"EntryPoint\",\"urlTemplate\":\"https:\/\/noticias.imer.mx\/antenaradio\/?s={search_term_string}\"},\"query-input\":\"required name=search_term_string\"}],\"inLanguage\":\"es\"},{\"@type\":\"Person\",\"@id\":\"https:\/\/noticias.imer.mx\/antenaradio\/#\/schema\/person\/72de5454d165c5239bc56a49873e43c9\",\"name\":\"IMER Noticias\",\"url\":\"https:\/\/noticias.imer.mx\/antenaradio\/author\/antenaradio\/\"}]}<\/script>\n<!-- \/ Yoast SEO plugin. -->","yoast_head_json":{"title":"El Consejo de Participaci\u00f3n Ciudadana debi\u00f3 reestructurarse: Morera  - Antena Radio","robots":{"index":"index","follow":"follow","max-snippet":"max-snippet:-1","max-image-preview":"max-image-preview:large","max-video-preview":"max-video-preview:-1"},"canonical":"https:\/\/noticias.imer.mx\/antenaradio\/2013\/03\/27\/desaparicion-del-consejo-de-participacion-ciudadana-comentario-de-maria-elena-morera\/","og_locale":"es_ES","og_type":"article","og_title":"El Consejo de Participaci\u00f3n Ciudadana debi\u00f3 reestructurarse: Morera  - Antena Radio","og_description":"La presidenta de Causa en Com\u00fan, la doctora Mar\u00eda Elena Morera, nos dio su comentario sobre la desaparici\u00f3n del Consejo de Participaci\u00f3n Ciudadana. Descargue aqu\u00ed el audio de Maria Elena Morera","og_url":"https:\/\/noticias.imer.mx\/antenaradio\/2013\/03\/27\/desaparicion-del-consejo-de-participacion-ciudadana-comentario-de-maria-elena-morera\/","og_site_name":"Antena Radio","article_published_time":"2013-03-27T17:05:03+00:00","article_modified_time":"2013-03-27T17:53:54+00:00","author":"IMER Noticias","twitter_card":"summary_large_image","twitter_misc":{"Escrito por":"IMER Noticias"},"schema":{"@context":"https:\/\/schema.org","@graph":[{"@type":"WebPage","@id":"https:\/\/noticias.imer.mx\/antenaradio\/2013\/03\/27\/desaparicion-del-consejo-de-participacion-ciudadana-comentario-de-maria-elena-morera\/","url":"https:\/\/noticias.imer.mx\/antenaradio\/2013\/03\/27\/desaparicion-del-consejo-de-participacion-ciudadana-comentario-de-maria-elena-morera\/","name":"El Consejo de Participaci\u00f3n Ciudadana debi\u00f3 reestructurarse: Morera - Antena Radio","isPartOf":{"@id":"https:\/\/noticias.imer.mx\/antenaradio\/#website"},"datePublished":"2013-03-27T17:05:03+00:00","dateModified":"2013-03-27T17:53:54+00:00","author":{"@id":"https:\/\/noticias.imer.mx\/antenaradio\/#\/schema\/person\/72de5454d165c5239bc56a49873e43c9"},"breadcrumb":{"@id":"https:\/\/noticias.imer.mx\/antenaradio\/2013\/03\/27\/desaparicion-del-consejo-de-participacion-ciudadana-comentario-de-maria-elena-morera\/#breadcrumb"},"inLanguage":"es","potentialAction":[{"@type":"ReadAction","target":["https:\/\/noticias.imer.mx\/antenaradio\/2013\/03\/27\/desaparicion-del-consejo-de-participacion-ciudadana-comentario-de-maria-elena-morera\/"]}]},{"@type":"BreadcrumbList","@id":"https:\/\/noticias.imer.mx\/antenaradio\/2013\/03\/27\/desaparicion-del-consejo-de-participacion-ciudadana-comentario-de-maria-elena-morera\/#breadcrumb","itemListElement":[{"@type":"ListItem","position":1,"name":"Home","item":"https:\/\/noticias.imer.mx\/antenaradio\/"},{"@type":"ListItem","position":2,"name":"El Consejo de Participaci\u00f3n Ciudadana debi\u00f3 reestructurarse: Morera"}]},{"@type":"WebSite","@id":"https:\/\/noticias.imer.mx\/antenaradio\/#website","url":"https:\/\/noticias.imer.mx\/antenaradio\/","name":"Antena Radio","description":"La forma m\u00e1s clara de entender la noticia","potentialAction":[{"@type":"SearchAction","target":{"@type":"EntryPoint","urlTemplate":"https:\/\/noticias.imer.mx\/antenaradio\/?s={search_term_string}"},"query-input":"required name=search_term_string"}],"inLanguage":"es"},{"@type":"Person","@id":"https:\/\/noticias.imer.mx\/antenaradio\/#\/schema\/person\/72de5454d165c5239bc56a49873e43c9","name":"IMER Noticias","url":"https:\/\/noticias.imer.mx\/antenaradio\/author\/antenaradio\/"}]}},"_links":{"self":[{"href":"https:\/\/noticias.imer.mx\/antenaradio\/wp-json\/wp\/v2\/posts\/21828"}],"collection":[{"href":"https:\/\/noticias.imer.mx\/antenaradio\/wp-json\/wp\/v2\/posts"}],"about":[{"href":"https:\/\/noticias.imer.mx\/antenaradio\/wp-json\/wp\/v2\/types\/post"}],"author":[{"embeddable":true,"href":"https:\/\/noticias.imer.mx\/antenaradio\/wp-json\/wp\/v2\/users\/8"}],"replies":[{"embeddable":true,"href":"https:\/\/noticias.imer.mx\/antenaradio\/wp-json\/wp\/v2\/comments?post=21828"}],"version-history":[{"count":3,"href":"https:\/\/noticias.imer.mx\/antenaradio\/wp-json\/wp\/v2\/posts\/21828\/revisions"}],"predecessor-version":[{"id":21832,"href":"https:\/\/noticias.imer.mx\/antenaradio\/wp-json\/wp\/v2\/posts\/21828\/revisions\/21832"}],"wp:attachment":[{"href":"https:\/\/noticias.imer.mx\/antenaradio\/wp-json\/wp\/v2\/media?parent=21828"}],"wp:term":[{"taxonomy":"category","embeddable":true,"href":"https:\/\/noticias.imer.mx\/antenaradio\/wp-json\/wp\/v2\/categories?post=21828"},{"taxonomy":"post_tag","embeddable":true,"href":"https:\/\/noticias.imer.mx\/antenaradio\/wp-json\/wp\/v2\/tags?post=21828"}],"curies":[{"name":"wp","href":"https:\/\/api.w.org\/{rel}","templated":true}]}}