{"id":21715,"date":"2013-03-13T11:37:39","date_gmt":"2013-03-13T17:37:39","guid":{"rendered":"http:\/\/www.blogs.imer.gob.mx\/antenaradio\/?p=21715"},"modified":"2013-03-13T11:37:39","modified_gmt":"2013-03-13T17:37:39","slug":"llega-a-la-camara-de-diputados-la-reforma-en-materia-de-telecomunicaciones","status":"publish","type":"post","link":"https:\/\/noticias.imer.mx\/antenaradio\/2013\/03\/13\/llega-a-la-camara-de-diputados-la-reforma-en-materia-de-telecomunicaciones\/","title":{"rendered":"Llega a la C\u00e1mara de Diputados la reforma en materia de telecomunicaciones"},"content":{"rendered":"<p><a href=\"http:\/\/snn.imer.gob.mx\/antenaradio\/files\/2013\/03\/Raymundo-King-de-la-Rosa.jpg\"><img decoding=\"async\" loading=\"lazy\" class=\"alignnone size-thumbnail wp-image-21717\" alt=\"Raymundo King de la Rosa\" src=\"http:\/\/snn.imer.gob.mx\/antenaradio\/files\/2013\/03\/Raymundo-King-de-la-Rosa-150x150.jpg\" width=\"150\" height=\"150\" \/><\/a><\/p>\n<p>El secretario de la Comisi\u00f3n de Puntos Constitucionales de la C\u00e1mara de Diputados, <strong>Raymundo King de la Rosa<\/strong>, habl\u00f3 sobre la iniciativa de reforma en materia de telecomunicaciones.<\/p>\n<p><a href=\"http:\/\/snn.imer.gob.mx\/antenaradio\/files\/2013\/03\/13-MARZO-RAYMUNDO-KING-DE-LA-ROSA.mp3\">Descaergue el audio de Raymundo King de la Rosa<\/a><\/p>\n","protected":false},"excerpt":{"rendered":"<p>El secretario de la Comisi\u00f3n de Puntos Constitucionales de la C\u00e1mara de Diputados, Raymundo King de la Rosa, habl\u00f3 sobre la iniciativa de reforma en materia de telecomunicaciones. Descaergue el audio de Raymundo King de la Rosa<\/p>\n","protected":false},"author":8,"featured_media":0,"comment_status":"open","ping_status":"open","sticky":false,"template":"","format":"standard","meta":{"wp_popup_display_lightbox":0,"wp_popup_suppress":"","wp_popup_trigger":"","wp_popup_trigger_amount":0,"wp_popup_disable_on_mobile":false},"categories":[5,4929],"tags":[7161,7160],"yoast_head":"<!-- This site is optimized with the Yoast SEO plugin v21.0 - https:\/\/yoast.com\/wordpress\/plugins\/seo\/ -->\n<title>Llega a la C\u00e1mara de Diputados la reforma en materia de telecomunicaciones - Antena Radio<\/title>\n<meta name=\"robots\" content=\"index, follow, max-snippet:-1, max-image-preview:large, max-video-preview:-1\" \/>\n<link rel=\"canonical\" href=\"https:\/\/noticias.imer.mx\/antenaradio\/2013\/03\/13\/llega-a-la-camara-de-diputados-la-reforma-en-materia-de-telecomunicaciones\/\" \/>\n<meta property=\"og:locale\" content=\"es_ES\" \/>\n<meta property=\"og:type\" content=\"article\" \/>\n<meta property=\"og:title\" content=\"Llega a la C\u00e1mara de Diputados la reforma en materia de telecomunicaciones - Antena Radio\" \/>\n<meta property=\"og:description\" content=\"El secretario de la Comisi\u00f3n de Puntos Constitucionales de la C\u00e1mara de Diputados, Raymundo King de la Rosa, habl\u00f3 sobre la iniciativa de reforma en materia de telecomunicaciones. Descaergue el audio de Raymundo King de la Rosa\" \/>\n<meta property=\"og:url\" content=\"https:\/\/noticias.imer.mx\/antenaradio\/2013\/03\/13\/llega-a-la-camara-de-diputados-la-reforma-en-materia-de-telecomunicaciones\/\" \/>\n<meta property=\"og:site_name\" content=\"Antena Radio\" \/>\n<meta property=\"article:published_time\" content=\"2013-03-13T17:37:39+00:00\" \/>\n<meta property=\"og:image\" content=\"http:\/\/snn.imer.gob.mx\/antenaradio\/files\/2013\/03\/Raymundo-King-de-la-Rosa-150x150.jpg\" \/>\n<meta name=\"author\" content=\"IMER Noticias\" \/>\n<meta name=\"twitter:card\" content=\"summary_large_image\" \/>\n<meta name=\"twitter:label1\" content=\"Escrito por\" \/>\n\t<meta name=\"twitter:data1\" content=\"IMER Noticias\" \/>\n<script type=\"application\/ld+json\" class=\"yoast-schema-graph\">{\"@context\":\"https:\/\/schema.org\",\"@graph\":[{\"@type\":\"WebPage\",\"@id\":\"https:\/\/noticias.imer.mx\/antenaradio\/2013\/03\/13\/llega-a-la-camara-de-diputados-la-reforma-en-materia-de-telecomunicaciones\/\",\"url\":\"https:\/\/noticias.imer.mx\/antenaradio\/2013\/03\/13\/llega-a-la-camara-de-diputados-la-reforma-en-materia-de-telecomunicaciones\/\",\"name\":\"Llega a la C\u00e1mara de Diputados la reforma en materia de telecomunicaciones - Antena Radio\",\"isPartOf\":{\"@id\":\"https:\/\/noticias.imer.mx\/antenaradio\/#website\"},\"datePublished\":\"2013-03-13T17:37:39+00:00\",\"dateModified\":\"2013-03-13T17:37:39+00:00\",\"author\":{\"@id\":\"https:\/\/noticias.imer.mx\/antenaradio\/#\/schema\/person\/72de5454d165c5239bc56a49873e43c9\"},\"breadcrumb\":{\"@id\":\"https:\/\/noticias.imer.mx\/antenaradio\/2013\/03\/13\/llega-a-la-camara-de-diputados-la-reforma-en-materia-de-telecomunicaciones\/#breadcrumb\"},\"inLanguage\":\"es\",\"potentialAction\":[{\"@type\":\"ReadAction\",\"target\":[\"https:\/\/noticias.imer.mx\/antenaradio\/2013\/03\/13\/llega-a-la-camara-de-diputados-la-reforma-en-materia-de-telecomunicaciones\/\"]}]},{\"@type\":\"BreadcrumbList\",\"@id\":\"https:\/\/noticias.imer.mx\/antenaradio\/2013\/03\/13\/llega-a-la-camara-de-diputados-la-reforma-en-materia-de-telecomunicaciones\/#breadcrumb\",\"itemListElement\":[{\"@type\":\"ListItem\",\"position\":1,\"name\":\"Home\",\"item\":\"https:\/\/noticias.imer.mx\/antenaradio\/\"},{\"@type\":\"ListItem\",\"position\":2,\"name\":\"Llega a la C\u00e1mara de Diputados la reforma en materia de telecomunicaciones\"}]},{\"@type\":\"WebSite\",\"@id\":\"https:\/\/noticias.imer.mx\/antenaradio\/#website\",\"url\":\"https:\/\/noticias.imer.mx\/antenaradio\/\",\"name\":\"Antena Radio\",\"description\":\"La forma m\u00e1s clara de entender la noticia\",\"potentialAction\":[{\"@type\":\"SearchAction\",\"target\":{\"@type\":\"EntryPoint\",\"urlTemplate\":\"https:\/\/noticias.imer.mx\/antenaradio\/?s={search_term_string}\"},\"query-input\":\"required name=search_term_string\"}],\"inLanguage\":\"es\"},{\"@type\":\"Person\",\"@id\":\"https:\/\/noticias.imer.mx\/antenaradio\/#\/schema\/person\/72de5454d165c5239bc56a49873e43c9\",\"name\":\"IMER Noticias\",\"url\":\"https:\/\/noticias.imer.mx\/antenaradio\/author\/antenaradio\/\"}]}<\/script>\n<!-- \/ Yoast SEO plugin. -->","yoast_head_json":{"title":"Llega a la C\u00e1mara de Diputados la reforma en materia de telecomunicaciones - Antena Radio","robots":{"index":"index","follow":"follow","max-snippet":"max-snippet:-1","max-image-preview":"max-image-preview:large","max-video-preview":"max-video-preview:-1"},"canonical":"https:\/\/noticias.imer.mx\/antenaradio\/2013\/03\/13\/llega-a-la-camara-de-diputados-la-reforma-en-materia-de-telecomunicaciones\/","og_locale":"es_ES","og_type":"article","og_title":"Llega a la C\u00e1mara de Diputados la reforma en materia de telecomunicaciones - Antena Radio","og_description":"El secretario de la Comisi\u00f3n de Puntos Constitucionales de la C\u00e1mara de Diputados, Raymundo King de la Rosa, habl\u00f3 sobre la iniciativa de reforma en materia de telecomunicaciones. Descaergue el audio de Raymundo King de la Rosa","og_url":"https:\/\/noticias.imer.mx\/antenaradio\/2013\/03\/13\/llega-a-la-camara-de-diputados-la-reforma-en-materia-de-telecomunicaciones\/","og_site_name":"Antena Radio","article_published_time":"2013-03-13T17:37:39+00:00","og_image":[{"url":"http:\/\/snn.imer.gob.mx\/antenaradio\/files\/2013\/03\/Raymundo-King-de-la-Rosa-150x150.jpg"}],"author":"IMER Noticias","twitter_card":"summary_large_image","twitter_misc":{"Escrito por":"IMER Noticias"},"schema":{"@context":"https:\/\/schema.org","@graph":[{"@type":"WebPage","@id":"https:\/\/noticias.imer.mx\/antenaradio\/2013\/03\/13\/llega-a-la-camara-de-diputados-la-reforma-en-materia-de-telecomunicaciones\/","url":"https:\/\/noticias.imer.mx\/antenaradio\/2013\/03\/13\/llega-a-la-camara-de-diputados-la-reforma-en-materia-de-telecomunicaciones\/","name":"Llega a la C\u00e1mara de Diputados la reforma en materia de telecomunicaciones - Antena Radio","isPartOf":{"@id":"https:\/\/noticias.imer.mx\/antenaradio\/#website"},"datePublished":"2013-03-13T17:37:39+00:00","dateModified":"2013-03-13T17:37:39+00:00","author":{"@id":"https:\/\/noticias.imer.mx\/antenaradio\/#\/schema\/person\/72de5454d165c5239bc56a49873e43c9"},"breadcrumb":{"@id":"https:\/\/noticias.imer.mx\/antenaradio\/2013\/03\/13\/llega-a-la-camara-de-diputados-la-reforma-en-materia-de-telecomunicaciones\/#breadcrumb"},"inLanguage":"es","potentialAction":[{"@type":"ReadAction","target":["https:\/\/noticias.imer.mx\/antenaradio\/2013\/03\/13\/llega-a-la-camara-de-diputados-la-reforma-en-materia-de-telecomunicaciones\/"]}]},{"@type":"BreadcrumbList","@id":"https:\/\/noticias.imer.mx\/antenaradio\/2013\/03\/13\/llega-a-la-camara-de-diputados-la-reforma-en-materia-de-telecomunicaciones\/#breadcrumb","itemListElement":[{"@type":"ListItem","position":1,"name":"Home","item":"https:\/\/noticias.imer.mx\/antenaradio\/"},{"@type":"ListItem","position":2,"name":"Llega a la C\u00e1mara de Diputados la reforma en materia de telecomunicaciones"}]},{"@type":"WebSite","@id":"https:\/\/noticias.imer.mx\/antenaradio\/#website","url":"https:\/\/noticias.imer.mx\/antenaradio\/","name":"Antena Radio","description":"La forma m\u00e1s clara de entender la noticia","potentialAction":[{"@type":"SearchAction","target":{"@type":"EntryPoint","urlTemplate":"https:\/\/noticias.imer.mx\/antenaradio\/?s={search_term_string}"},"query-input":"required name=search_term_string"}],"inLanguage":"es"},{"@type":"Person","@id":"https:\/\/noticias.imer.mx\/antenaradio\/#\/schema\/person\/72de5454d165c5239bc56a49873e43c9","name":"IMER Noticias","url":"https:\/\/noticias.imer.mx\/antenaradio\/author\/antenaradio\/"}]}},"_links":{"self":[{"href":"https:\/\/noticias.imer.mx\/antenaradio\/wp-json\/wp\/v2\/posts\/21715"}],"collection":[{"href":"https:\/\/noticias.imer.mx\/antenaradio\/wp-json\/wp\/v2\/posts"}],"about":[{"href":"https:\/\/noticias.imer.mx\/antenaradio\/wp-json\/wp\/v2\/types\/post"}],"author":[{"embeddable":true,"href":"https:\/\/noticias.imer.mx\/antenaradio\/wp-json\/wp\/v2\/users\/8"}],"replies":[{"embeddable":true,"href":"https:\/\/noticias.imer.mx\/antenaradio\/wp-json\/wp\/v2\/comments?post=21715"}],"version-history":[{"count":1,"href":"https:\/\/noticias.imer.mx\/antenaradio\/wp-json\/wp\/v2\/posts\/21715\/revisions"}],"predecessor-version":[{"id":21718,"href":"https:\/\/noticias.imer.mx\/antenaradio\/wp-json\/wp\/v2\/posts\/21715\/revisions\/21718"}],"wp:attachment":[{"href":"https:\/\/noticias.imer.mx\/antenaradio\/wp-json\/wp\/v2\/media?parent=21715"}],"wp:term":[{"taxonomy":"category","embeddable":true,"href":"https:\/\/noticias.imer.mx\/antenaradio\/wp-json\/wp\/v2\/categories?post=21715"},{"taxonomy":"post_tag","embeddable":true,"href":"https:\/\/noticias.imer.mx\/antenaradio\/wp-json\/wp\/v2\/tags?post=21715"}],"curies":[{"name":"wp","href":"https:\/\/api.w.org\/{rel}","templated":true}]}}