{"id":21706,"date":"2013-03-12T18:56:45","date_gmt":"2013-03-13T00:56:45","guid":{"rendered":"http:\/\/www.blogs.imer.gob.mx\/antenaradio\/?p=21706"},"modified":"2013-03-12T18:56:45","modified_gmt":"2013-03-13T00:56:45","slug":"iniciativa-de-reforma-a-telecomunicaciones","status":"publish","type":"post","link":"https:\/\/noticias.imer.mx\/antenaradio\/2013\/03\/12\/iniciativa-de-reforma-a-telecomunicaciones\/","title":{"rendered":"Iniciativa de Reforma a telecomunicaciones"},"content":{"rendered":"<p><a href=\"http:\/\/snn.imer.gob.mx\/antenaradio\/files\/2013\/03\/Aleida-Calleja.jpg\"><img decoding=\"async\" loading=\"lazy\" class=\"alignnone size-thumbnail wp-image-21707\" alt=\"Aleida-Calleja\" src=\"http:\/\/snn.imer.gob.mx\/antenaradio\/files\/2013\/03\/Aleida-Calleja-150x150.jpg\" width=\"150\" height=\"150\" srcset=\"https:\/\/noticias.imer.mx\/antenaradio\/files\/2013\/03\/Aleida-Calleja-150x150.jpg 150w, https:\/\/noticias.imer.mx\/antenaradio\/files\/2013\/03\/Aleida-Calleja.jpg 226w\" sizes=\"(max-width: 150px) 100vw, 150px\" \/><\/a><\/p>\n<p>Sobre la iniciativa de reforma en materia de telecomunicaciones presentada el d\u00eda de ayer por el presidente Pe\u00f1a Nieto, platicamos con Aleida Calleja, presidenta de AMEDI.<\/p>\n<p><a href=\"http:\/\/snn.imer.gob.mx\/antenaradio\/files\/2013\/03\/descargue-aqu\u00ed-al-audio-de-aleida-calleja.mp3\">descargue aqu\u00ed al audio de aleida calleja<\/a><\/p>\n","protected":false},"excerpt":{"rendered":"<p>Sobre la iniciativa de reforma en materia de telecomunicaciones presentada el d\u00eda de ayer por el presidente Pe\u00f1a Nieto, platicamos con Aleida Calleja, presidenta de AMEDI. descargue aqu\u00ed al audio de aleida calleja<\/p>\n","protected":false},"author":8,"featured_media":0,"comment_status":"open","ping_status":"open","sticky":false,"template":"","format":"standard","meta":{"wp_popup_display_lightbox":0,"wp_popup_suppress":"","wp_popup_trigger":"","wp_popup_trigger_amount":0,"wp_popup_disable_on_mobile":false},"categories":[3,4937],"tags":[7154,274,7155,3864,7156,4396],"yoast_head":"<!-- This site is optimized with the Yoast SEO plugin v21.0 - https:\/\/yoast.com\/wordpress\/plugins\/seo\/ -->\n<title>Iniciativa de Reforma a telecomunicaciones - Antena Radio<\/title>\n<meta name=\"robots\" content=\"index, follow, max-snippet:-1, max-image-preview:large, max-video-preview:-1\" \/>\n<link rel=\"canonical\" href=\"https:\/\/noticias.imer.mx\/antenaradio\/2013\/03\/12\/iniciativa-de-reforma-a-telecomunicaciones\/\" \/>\n<meta property=\"og:locale\" content=\"es_ES\" \/>\n<meta property=\"og:type\" content=\"article\" \/>\n<meta property=\"og:title\" content=\"Iniciativa de Reforma a telecomunicaciones - Antena Radio\" \/>\n<meta property=\"og:description\" content=\"Sobre la iniciativa de reforma en materia de telecomunicaciones presentada el d\u00eda de ayer por el presidente Pe\u00f1a Nieto, platicamos con Aleida Calleja, presidenta de AMEDI. descargue aqu\u00ed al audio de aleida calleja\" \/>\n<meta property=\"og:url\" content=\"https:\/\/noticias.imer.mx\/antenaradio\/2013\/03\/12\/iniciativa-de-reforma-a-telecomunicaciones\/\" \/>\n<meta property=\"og:site_name\" content=\"Antena Radio\" \/>\n<meta property=\"article:published_time\" content=\"2013-03-13T00:56:45+00:00\" \/>\n<meta property=\"og:image\" content=\"http:\/\/snn.imer.gob.mx\/antenaradio\/files\/2013\/03\/Aleida-Calleja-150x150.jpg\" \/>\n<meta name=\"author\" content=\"IMER Noticias\" \/>\n<meta name=\"twitter:card\" content=\"summary_large_image\" \/>\n<meta name=\"twitter:label1\" content=\"Escrito por\" \/>\n\t<meta name=\"twitter:data1\" content=\"IMER Noticias\" \/>\n<script type=\"application\/ld+json\" class=\"yoast-schema-graph\">{\"@context\":\"https:\/\/schema.org\",\"@graph\":[{\"@type\":\"WebPage\",\"@id\":\"https:\/\/noticias.imer.mx\/antenaradio\/2013\/03\/12\/iniciativa-de-reforma-a-telecomunicaciones\/\",\"url\":\"https:\/\/noticias.imer.mx\/antenaradio\/2013\/03\/12\/iniciativa-de-reforma-a-telecomunicaciones\/\",\"name\":\"Iniciativa de Reforma a telecomunicaciones - Antena Radio\",\"isPartOf\":{\"@id\":\"https:\/\/noticias.imer.mx\/antenaradio\/#website\"},\"datePublished\":\"2013-03-13T00:56:45+00:00\",\"dateModified\":\"2013-03-13T00:56:45+00:00\",\"author\":{\"@id\":\"https:\/\/noticias.imer.mx\/antenaradio\/#\/schema\/person\/72de5454d165c5239bc56a49873e43c9\"},\"breadcrumb\":{\"@id\":\"https:\/\/noticias.imer.mx\/antenaradio\/2013\/03\/12\/iniciativa-de-reforma-a-telecomunicaciones\/#breadcrumb\"},\"inLanguage\":\"es\",\"potentialAction\":[{\"@type\":\"ReadAction\",\"target\":[\"https:\/\/noticias.imer.mx\/antenaradio\/2013\/03\/12\/iniciativa-de-reforma-a-telecomunicaciones\/\"]}]},{\"@type\":\"BreadcrumbList\",\"@id\":\"https:\/\/noticias.imer.mx\/antenaradio\/2013\/03\/12\/iniciativa-de-reforma-a-telecomunicaciones\/#breadcrumb\",\"itemListElement\":[{\"@type\":\"ListItem\",\"position\":1,\"name\":\"Home\",\"item\":\"https:\/\/noticias.imer.mx\/antenaradio\/\"},{\"@type\":\"ListItem\",\"position\":2,\"name\":\"Iniciativa de Reforma a telecomunicaciones\"}]},{\"@type\":\"WebSite\",\"@id\":\"https:\/\/noticias.imer.mx\/antenaradio\/#website\",\"url\":\"https:\/\/noticias.imer.mx\/antenaradio\/\",\"name\":\"Antena Radio\",\"description\":\"La forma m\u00e1s clara de entender la noticia\",\"potentialAction\":[{\"@type\":\"SearchAction\",\"target\":{\"@type\":\"EntryPoint\",\"urlTemplate\":\"https:\/\/noticias.imer.mx\/antenaradio\/?s={search_term_string}\"},\"query-input\":\"required name=search_term_string\"}],\"inLanguage\":\"es\"},{\"@type\":\"Person\",\"@id\":\"https:\/\/noticias.imer.mx\/antenaradio\/#\/schema\/person\/72de5454d165c5239bc56a49873e43c9\",\"name\":\"IMER Noticias\",\"url\":\"https:\/\/noticias.imer.mx\/antenaradio\/author\/antenaradio\/\"}]}<\/script>\n<!-- \/ Yoast SEO plugin. -->","yoast_head_json":{"title":"Iniciativa de Reforma a telecomunicaciones - Antena Radio","robots":{"index":"index","follow":"follow","max-snippet":"max-snippet:-1","max-image-preview":"max-image-preview:large","max-video-preview":"max-video-preview:-1"},"canonical":"https:\/\/noticias.imer.mx\/antenaradio\/2013\/03\/12\/iniciativa-de-reforma-a-telecomunicaciones\/","og_locale":"es_ES","og_type":"article","og_title":"Iniciativa de Reforma a telecomunicaciones - Antena Radio","og_description":"Sobre la iniciativa de reforma en materia de telecomunicaciones presentada el d\u00eda de ayer por el presidente Pe\u00f1a Nieto, platicamos con Aleida Calleja, presidenta de AMEDI. descargue aqu\u00ed al audio de aleida calleja","og_url":"https:\/\/noticias.imer.mx\/antenaradio\/2013\/03\/12\/iniciativa-de-reforma-a-telecomunicaciones\/","og_site_name":"Antena Radio","article_published_time":"2013-03-13T00:56:45+00:00","og_image":[{"url":"http:\/\/snn.imer.gob.mx\/antenaradio\/files\/2013\/03\/Aleida-Calleja-150x150.jpg"}],"author":"IMER Noticias","twitter_card":"summary_large_image","twitter_misc":{"Escrito por":"IMER Noticias"},"schema":{"@context":"https:\/\/schema.org","@graph":[{"@type":"WebPage","@id":"https:\/\/noticias.imer.mx\/antenaradio\/2013\/03\/12\/iniciativa-de-reforma-a-telecomunicaciones\/","url":"https:\/\/noticias.imer.mx\/antenaradio\/2013\/03\/12\/iniciativa-de-reforma-a-telecomunicaciones\/","name":"Iniciativa de Reforma a telecomunicaciones - Antena Radio","isPartOf":{"@id":"https:\/\/noticias.imer.mx\/antenaradio\/#website"},"datePublished":"2013-03-13T00:56:45+00:00","dateModified":"2013-03-13T00:56:45+00:00","author":{"@id":"https:\/\/noticias.imer.mx\/antenaradio\/#\/schema\/person\/72de5454d165c5239bc56a49873e43c9"},"breadcrumb":{"@id":"https:\/\/noticias.imer.mx\/antenaradio\/2013\/03\/12\/iniciativa-de-reforma-a-telecomunicaciones\/#breadcrumb"},"inLanguage":"es","potentialAction":[{"@type":"ReadAction","target":["https:\/\/noticias.imer.mx\/antenaradio\/2013\/03\/12\/iniciativa-de-reforma-a-telecomunicaciones\/"]}]},{"@type":"BreadcrumbList","@id":"https:\/\/noticias.imer.mx\/antenaradio\/2013\/03\/12\/iniciativa-de-reforma-a-telecomunicaciones\/#breadcrumb","itemListElement":[{"@type":"ListItem","position":1,"name":"Home","item":"https:\/\/noticias.imer.mx\/antenaradio\/"},{"@type":"ListItem","position":2,"name":"Iniciativa de Reforma a telecomunicaciones"}]},{"@type":"WebSite","@id":"https:\/\/noticias.imer.mx\/antenaradio\/#website","url":"https:\/\/noticias.imer.mx\/antenaradio\/","name":"Antena Radio","description":"La forma m\u00e1s clara de entender la noticia","potentialAction":[{"@type":"SearchAction","target":{"@type":"EntryPoint","urlTemplate":"https:\/\/noticias.imer.mx\/antenaradio\/?s={search_term_string}"},"query-input":"required name=search_term_string"}],"inLanguage":"es"},{"@type":"Person","@id":"https:\/\/noticias.imer.mx\/antenaradio\/#\/schema\/person\/72de5454d165c5239bc56a49873e43c9","name":"IMER Noticias","url":"https:\/\/noticias.imer.mx\/antenaradio\/author\/antenaradio\/"}]}},"_links":{"self":[{"href":"https:\/\/noticias.imer.mx\/antenaradio\/wp-json\/wp\/v2\/posts\/21706"}],"collection":[{"href":"https:\/\/noticias.imer.mx\/antenaradio\/wp-json\/wp\/v2\/posts"}],"about":[{"href":"https:\/\/noticias.imer.mx\/antenaradio\/wp-json\/wp\/v2\/types\/post"}],"author":[{"embeddable":true,"href":"https:\/\/noticias.imer.mx\/antenaradio\/wp-json\/wp\/v2\/users\/8"}],"replies":[{"embeddable":true,"href":"https:\/\/noticias.imer.mx\/antenaradio\/wp-json\/wp\/v2\/comments?post=21706"}],"version-history":[{"count":1,"href":"https:\/\/noticias.imer.mx\/antenaradio\/wp-json\/wp\/v2\/posts\/21706\/revisions"}],"predecessor-version":[{"id":21709,"href":"https:\/\/noticias.imer.mx\/antenaradio\/wp-json\/wp\/v2\/posts\/21706\/revisions\/21709"}],"wp:attachment":[{"href":"https:\/\/noticias.imer.mx\/antenaradio\/wp-json\/wp\/v2\/media?parent=21706"}],"wp:term":[{"taxonomy":"category","embeddable":true,"href":"https:\/\/noticias.imer.mx\/antenaradio\/wp-json\/wp\/v2\/categories?post=21706"},{"taxonomy":"post_tag","embeddable":true,"href":"https:\/\/noticias.imer.mx\/antenaradio\/wp-json\/wp\/v2\/tags?post=21706"}],"curies":[{"name":"wp","href":"https:\/\/api.w.org\/{rel}","templated":true}]}}