{"id":21701,"date":"2013-03-12T11:53:11","date_gmt":"2013-03-12T17:53:11","guid":{"rendered":"http:\/\/www.blogs.imer.gob.mx\/antenaradio\/?p=21701"},"modified":"2013-03-12T11:53:11","modified_gmt":"2013-03-12T17:53:11","slug":"reforma-en-telecomunicaciones-comentario-de-maria-elena-meneses","status":"publish","type":"post","link":"https:\/\/noticias.imer.mx\/antenaradio\/2013\/03\/12\/reforma-en-telecomunicaciones-comentario-de-maria-elena-meneses\/","title":{"rendered":"Reforma en telecomunicaciones, comentario de Mar\u00eda Elena Meneses"},"content":{"rendered":"<p><a href=\"http:\/\/snn.imer.gob.mx\/antenaradio\/files\/2013\/03\/Mar\u00eda-Elena-Men\u00e9ses-03.jpg\"><img decoding=\"async\" loading=\"lazy\" class=\"alignnone size-thumbnail wp-image-21703\" alt=\"Mar\u00eda Elena Men\u00e9ses 03\" src=\"http:\/\/snn.imer.gob.mx\/antenaradio\/files\/2013\/03\/Mar\u00eda-Elena-Men\u00e9ses-03-150x150.jpg\" width=\"150\" height=\"150\" \/><\/a><\/p>\n<p>La investigadora del Tecnol\u00f3gico de Monterrey, campus ciudad de M\u00e9xico, la doctora <strong>Mar\u00eda Elena Meneses<\/strong>, habl\u00f3 en su columna sonbre la iniciativa en materia de telecomunicaciones.<\/p>\n<p><a href=\"http:\/\/snn.imer.gob.mx\/antenaradio\/files\/2013\/03\/12-MARZO-MENESES-TELECOM.mp3\">Descargue aqu\u00fa el audio de Mar\u00eda Elena Menses<\/a><\/p>\n","protected":false},"excerpt":{"rendered":"<p>La investigadora del Tecnol\u00f3gico de Monterrey, campus ciudad de M\u00e9xico, la doctora Mar\u00eda Elena Meneses, habl\u00f3 en su columna sonbre la iniciativa en materia de telecomunicaciones. Descargue aqu\u00fa el audio de Mar\u00eda Elena Menses<\/p>\n","protected":false},"author":8,"featured_media":0,"comment_status":"open","ping_status":"open","sticky":false,"template":"","format":"standard","meta":{"wp_popup_display_lightbox":0,"wp_popup_suppress":"","wp_popup_trigger":"","wp_popup_trigger_amount":0,"wp_popup_disable_on_mobile":false},"categories":[5,4929],"tags":[7153,5909],"yoast_head":"<!-- This site is optimized with the Yoast SEO plugin v21.0 - https:\/\/yoast.com\/wordpress\/plugins\/seo\/ -->\n<title>Reforma en telecomunicaciones, comentario de Mar\u00eda Elena Meneses - Antena Radio<\/title>\n<meta name=\"robots\" content=\"index, follow, max-snippet:-1, max-image-preview:large, max-video-preview:-1\" \/>\n<link rel=\"canonical\" href=\"https:\/\/noticias.imer.mx\/antenaradio\/2013\/03\/12\/reforma-en-telecomunicaciones-comentario-de-maria-elena-meneses\/\" \/>\n<meta property=\"og:locale\" content=\"es_ES\" \/>\n<meta property=\"og:type\" content=\"article\" \/>\n<meta property=\"og:title\" content=\"Reforma en telecomunicaciones, comentario de Mar\u00eda Elena Meneses - Antena Radio\" \/>\n<meta property=\"og:description\" content=\"La investigadora del Tecnol\u00f3gico de Monterrey, campus ciudad de M\u00e9xico, la doctora Mar\u00eda Elena Meneses, habl\u00f3 en su columna sonbre la iniciativa en materia de telecomunicaciones. Descargue aqu\u00fa el audio de Mar\u00eda Elena Menses\" \/>\n<meta property=\"og:url\" content=\"https:\/\/noticias.imer.mx\/antenaradio\/2013\/03\/12\/reforma-en-telecomunicaciones-comentario-de-maria-elena-meneses\/\" \/>\n<meta property=\"og:site_name\" content=\"Antena Radio\" \/>\n<meta property=\"article:published_time\" content=\"2013-03-12T17:53:11+00:00\" \/>\n<meta name=\"author\" content=\"IMER Noticias\" \/>\n<meta name=\"twitter:card\" content=\"summary_large_image\" \/>\n<meta name=\"twitter:label1\" content=\"Escrito por\" \/>\n\t<meta name=\"twitter:data1\" content=\"IMER Noticias\" \/>\n<script type=\"application\/ld+json\" class=\"yoast-schema-graph\">{\"@context\":\"https:\/\/schema.org\",\"@graph\":[{\"@type\":\"WebPage\",\"@id\":\"https:\/\/noticias.imer.mx\/antenaradio\/2013\/03\/12\/reforma-en-telecomunicaciones-comentario-de-maria-elena-meneses\/\",\"url\":\"https:\/\/noticias.imer.mx\/antenaradio\/2013\/03\/12\/reforma-en-telecomunicaciones-comentario-de-maria-elena-meneses\/\",\"name\":\"Reforma en telecomunicaciones, comentario de Mar\u00eda Elena Meneses - Antena Radio\",\"isPartOf\":{\"@id\":\"https:\/\/noticias.imer.mx\/antenaradio\/#website\"},\"datePublished\":\"2013-03-12T17:53:11+00:00\",\"dateModified\":\"2013-03-12T17:53:11+00:00\",\"author\":{\"@id\":\"https:\/\/noticias.imer.mx\/antenaradio\/#\/schema\/person\/72de5454d165c5239bc56a49873e43c9\"},\"breadcrumb\":{\"@id\":\"https:\/\/noticias.imer.mx\/antenaradio\/2013\/03\/12\/reforma-en-telecomunicaciones-comentario-de-maria-elena-meneses\/#breadcrumb\"},\"inLanguage\":\"es\",\"potentialAction\":[{\"@type\":\"ReadAction\",\"target\":[\"https:\/\/noticias.imer.mx\/antenaradio\/2013\/03\/12\/reforma-en-telecomunicaciones-comentario-de-maria-elena-meneses\/\"]}]},{\"@type\":\"BreadcrumbList\",\"@id\":\"https:\/\/noticias.imer.mx\/antenaradio\/2013\/03\/12\/reforma-en-telecomunicaciones-comentario-de-maria-elena-meneses\/#breadcrumb\",\"itemListElement\":[{\"@type\":\"ListItem\",\"position\":1,\"name\":\"Home\",\"item\":\"https:\/\/noticias.imer.mx\/antenaradio\/\"},{\"@type\":\"ListItem\",\"position\":2,\"name\":\"Reforma en telecomunicaciones, comentario de Mar\u00eda Elena Meneses\"}]},{\"@type\":\"WebSite\",\"@id\":\"https:\/\/noticias.imer.mx\/antenaradio\/#website\",\"url\":\"https:\/\/noticias.imer.mx\/antenaradio\/\",\"name\":\"Antena Radio\",\"description\":\"La forma m\u00e1s clara de entender la noticia\",\"potentialAction\":[{\"@type\":\"SearchAction\",\"target\":{\"@type\":\"EntryPoint\",\"urlTemplate\":\"https:\/\/noticias.imer.mx\/antenaradio\/?s={search_term_string}\"},\"query-input\":\"required name=search_term_string\"}],\"inLanguage\":\"es\"},{\"@type\":\"Person\",\"@id\":\"https:\/\/noticias.imer.mx\/antenaradio\/#\/schema\/person\/72de5454d165c5239bc56a49873e43c9\",\"name\":\"IMER Noticias\",\"url\":\"https:\/\/noticias.imer.mx\/antenaradio\/author\/antenaradio\/\"}]}<\/script>\n<!-- \/ Yoast SEO plugin. -->","yoast_head_json":{"title":"Reforma en telecomunicaciones, comentario de Mar\u00eda Elena Meneses - Antena Radio","robots":{"index":"index","follow":"follow","max-snippet":"max-snippet:-1","max-image-preview":"max-image-preview:large","max-video-preview":"max-video-preview:-1"},"canonical":"https:\/\/noticias.imer.mx\/antenaradio\/2013\/03\/12\/reforma-en-telecomunicaciones-comentario-de-maria-elena-meneses\/","og_locale":"es_ES","og_type":"article","og_title":"Reforma en telecomunicaciones, comentario de Mar\u00eda Elena Meneses - Antena Radio","og_description":"La investigadora del Tecnol\u00f3gico de Monterrey, campus ciudad de M\u00e9xico, la doctora Mar\u00eda Elena Meneses, habl\u00f3 en su columna sonbre la iniciativa en materia de telecomunicaciones. Descargue aqu\u00fa el audio de Mar\u00eda Elena Menses","og_url":"https:\/\/noticias.imer.mx\/antenaradio\/2013\/03\/12\/reforma-en-telecomunicaciones-comentario-de-maria-elena-meneses\/","og_site_name":"Antena Radio","article_published_time":"2013-03-12T17:53:11+00:00","author":"IMER Noticias","twitter_card":"summary_large_image","twitter_misc":{"Escrito por":"IMER Noticias"},"schema":{"@context":"https:\/\/schema.org","@graph":[{"@type":"WebPage","@id":"https:\/\/noticias.imer.mx\/antenaradio\/2013\/03\/12\/reforma-en-telecomunicaciones-comentario-de-maria-elena-meneses\/","url":"https:\/\/noticias.imer.mx\/antenaradio\/2013\/03\/12\/reforma-en-telecomunicaciones-comentario-de-maria-elena-meneses\/","name":"Reforma en telecomunicaciones, comentario de Mar\u00eda Elena Meneses - Antena Radio","isPartOf":{"@id":"https:\/\/noticias.imer.mx\/antenaradio\/#website"},"datePublished":"2013-03-12T17:53:11+00:00","dateModified":"2013-03-12T17:53:11+00:00","author":{"@id":"https:\/\/noticias.imer.mx\/antenaradio\/#\/schema\/person\/72de5454d165c5239bc56a49873e43c9"},"breadcrumb":{"@id":"https:\/\/noticias.imer.mx\/antenaradio\/2013\/03\/12\/reforma-en-telecomunicaciones-comentario-de-maria-elena-meneses\/#breadcrumb"},"inLanguage":"es","potentialAction":[{"@type":"ReadAction","target":["https:\/\/noticias.imer.mx\/antenaradio\/2013\/03\/12\/reforma-en-telecomunicaciones-comentario-de-maria-elena-meneses\/"]}]},{"@type":"BreadcrumbList","@id":"https:\/\/noticias.imer.mx\/antenaradio\/2013\/03\/12\/reforma-en-telecomunicaciones-comentario-de-maria-elena-meneses\/#breadcrumb","itemListElement":[{"@type":"ListItem","position":1,"name":"Home","item":"https:\/\/noticias.imer.mx\/antenaradio\/"},{"@type":"ListItem","position":2,"name":"Reforma en telecomunicaciones, comentario de Mar\u00eda Elena Meneses"}]},{"@type":"WebSite","@id":"https:\/\/noticias.imer.mx\/antenaradio\/#website","url":"https:\/\/noticias.imer.mx\/antenaradio\/","name":"Antena Radio","description":"La forma m\u00e1s clara de entender la noticia","potentialAction":[{"@type":"SearchAction","target":{"@type":"EntryPoint","urlTemplate":"https:\/\/noticias.imer.mx\/antenaradio\/?s={search_term_string}"},"query-input":"required name=search_term_string"}],"inLanguage":"es"},{"@type":"Person","@id":"https:\/\/noticias.imer.mx\/antenaradio\/#\/schema\/person\/72de5454d165c5239bc56a49873e43c9","name":"IMER Noticias","url":"https:\/\/noticias.imer.mx\/antenaradio\/author\/antenaradio\/"}]}},"_links":{"self":[{"href":"https:\/\/noticias.imer.mx\/antenaradio\/wp-json\/wp\/v2\/posts\/21701"}],"collection":[{"href":"https:\/\/noticias.imer.mx\/antenaradio\/wp-json\/wp\/v2\/posts"}],"about":[{"href":"https:\/\/noticias.imer.mx\/antenaradio\/wp-json\/wp\/v2\/types\/post"}],"author":[{"embeddable":true,"href":"https:\/\/noticias.imer.mx\/antenaradio\/wp-json\/wp\/v2\/users\/8"}],"replies":[{"embeddable":true,"href":"https:\/\/noticias.imer.mx\/antenaradio\/wp-json\/wp\/v2\/comments?post=21701"}],"version-history":[{"count":2,"href":"https:\/\/noticias.imer.mx\/antenaradio\/wp-json\/wp\/v2\/posts\/21701\/revisions"}],"predecessor-version":[{"id":21705,"href":"https:\/\/noticias.imer.mx\/antenaradio\/wp-json\/wp\/v2\/posts\/21701\/revisions\/21705"}],"wp:attachment":[{"href":"https:\/\/noticias.imer.mx\/antenaradio\/wp-json\/wp\/v2\/media?parent=21701"}],"wp:term":[{"taxonomy":"category","embeddable":true,"href":"https:\/\/noticias.imer.mx\/antenaradio\/wp-json\/wp\/v2\/categories?post=21701"},{"taxonomy":"post_tag","embeddable":true,"href":"https:\/\/noticias.imer.mx\/antenaradio\/wp-json\/wp\/v2\/tags?post=21701"}],"curies":[{"name":"wp","href":"https:\/\/api.w.org\/{rel}","templated":true}]}}