{"id":21681,"date":"2013-03-07T11:12:50","date_gmt":"2013-03-07T17:12:50","guid":{"rendered":"http:\/\/www.blogs.imer.gob.mx\/antenaradio\/?p=21681"},"modified":"2013-03-07T11:12:50","modified_gmt":"2013-03-07T17:12:50","slug":"resolucion-de-la-suprema-corte-sobre-expresiones-homofobas","status":"publish","type":"post","link":"https:\/\/noticias.imer.mx\/antenaradio\/2013\/03\/07\/resolucion-de-la-suprema-corte-sobre-expresiones-homofobas\/","title":{"rendered":"Resoluci\u00f3n de la Suprema Corte sobre expresiones hom\u00f3fobas"},"content":{"rendered":"<p><a href=\"http:\/\/snn.imer.gob.mx\/antenaradio\/files\/2013\/03\/Sa\u00fal-L\u00f3pez-Noriega-01.jpg\"><img decoding=\"async\" loading=\"lazy\" class=\"alignnone size-thumbnail wp-image-21683\" alt=\"Sa\u00fal L\u00f3pez Noriega 01\" src=\"http:\/\/snn.imer.gob.mx\/antenaradio\/files\/2013\/03\/Sa\u00fal-L\u00f3pez-Noriega-01-150x150.jpg\" width=\"150\" height=\"150\" \/><\/a><\/p>\n<p>El doctor <strong>Sa\u00fal L\u00f3pez Noriega<\/strong>, profesor de tiempo completo del Departamento de Derecho del ITAM, comparti\u00f3 su opini\u00f3n sobre la resoluci\u00f3n de la Suprema Corte de Justicia de la Naci\u00f3n contra las expresiones hom\u00f3fobas.<\/p>\n<p><a href=\"http:\/\/snn.imer.gob.mx\/antenaradio\/files\/2013\/03\/07-MARZO-DR-SA\u00daL-LOPEZ-NORIEGA.mp3\">Descargue aqu\u00ed el audio de Sa\u00fal L\u00f3pez Noriega<\/a><\/p>\n","protected":false},"excerpt":{"rendered":"<p>El doctor Sa\u00fal L\u00f3pez Noriega, profesor de tiempo completo del Departamento de Derecho del ITAM, comparti\u00f3 su opini\u00f3n sobre la resoluci\u00f3n de la Suprema Corte de Justicia de la Naci\u00f3n contra las expresiones hom\u00f3fobas. Descargue aqu\u00ed el audio de Sa\u00fal L\u00f3pez Noriega<\/p>\n","protected":false},"author":8,"featured_media":0,"comment_status":"open","ping_status":"open","sticky":false,"template":"","format":"standard","meta":{"wp_popup_display_lightbox":0,"wp_popup_suppress":"","wp_popup_trigger":"","wp_popup_trigger_amount":0,"wp_popup_disable_on_mobile":false},"categories":[5,4929],"tags":[7144,6125,4358],"yoast_head":"<!-- This site is optimized with the Yoast SEO plugin v21.0 - https:\/\/yoast.com\/wordpress\/plugins\/seo\/ -->\n<title>Resoluci\u00f3n de la Suprema Corte sobre expresiones hom\u00f3fobas  - Antena Radio<\/title>\n<meta name=\"robots\" content=\"index, follow, max-snippet:-1, max-image-preview:large, max-video-preview:-1\" \/>\n<link rel=\"canonical\" href=\"https:\/\/noticias.imer.mx\/antenaradio\/2013\/03\/07\/resolucion-de-la-suprema-corte-sobre-expresiones-homofobas\/\" \/>\n<meta property=\"og:locale\" content=\"es_ES\" \/>\n<meta property=\"og:type\" content=\"article\" \/>\n<meta property=\"og:title\" content=\"Resoluci\u00f3n de la Suprema Corte sobre expresiones hom\u00f3fobas  - Antena Radio\" \/>\n<meta property=\"og:description\" content=\"El doctor Sa\u00fal L\u00f3pez Noriega, profesor de tiempo completo del Departamento de Derecho del ITAM, comparti\u00f3 su opini\u00f3n sobre la resoluci\u00f3n de la Suprema Corte de Justicia de la Naci\u00f3n contra las expresiones hom\u00f3fobas. Descargue aqu\u00ed el audio de Sa\u00fal L\u00f3pez Noriega\" \/>\n<meta property=\"og:url\" content=\"https:\/\/noticias.imer.mx\/antenaradio\/2013\/03\/07\/resolucion-de-la-suprema-corte-sobre-expresiones-homofobas\/\" \/>\n<meta property=\"og:site_name\" content=\"Antena Radio\" \/>\n<meta property=\"article:published_time\" content=\"2013-03-07T17:12:50+00:00\" \/>\n<meta name=\"author\" content=\"IMER Noticias\" \/>\n<meta name=\"twitter:card\" content=\"summary_large_image\" \/>\n<meta name=\"twitter:label1\" content=\"Escrito por\" \/>\n\t<meta name=\"twitter:data1\" content=\"IMER Noticias\" \/>\n<script type=\"application\/ld+json\" class=\"yoast-schema-graph\">{\"@context\":\"https:\/\/schema.org\",\"@graph\":[{\"@type\":\"WebPage\",\"@id\":\"https:\/\/noticias.imer.mx\/antenaradio\/2013\/03\/07\/resolucion-de-la-suprema-corte-sobre-expresiones-homofobas\/\",\"url\":\"https:\/\/noticias.imer.mx\/antenaradio\/2013\/03\/07\/resolucion-de-la-suprema-corte-sobre-expresiones-homofobas\/\",\"name\":\"Resoluci\u00f3n de la Suprema Corte sobre expresiones hom\u00f3fobas - Antena Radio\",\"isPartOf\":{\"@id\":\"https:\/\/noticias.imer.mx\/antenaradio\/#website\"},\"datePublished\":\"2013-03-07T17:12:50+00:00\",\"dateModified\":\"2013-03-07T17:12:50+00:00\",\"author\":{\"@id\":\"https:\/\/noticias.imer.mx\/antenaradio\/#\/schema\/person\/72de5454d165c5239bc56a49873e43c9\"},\"breadcrumb\":{\"@id\":\"https:\/\/noticias.imer.mx\/antenaradio\/2013\/03\/07\/resolucion-de-la-suprema-corte-sobre-expresiones-homofobas\/#breadcrumb\"},\"inLanguage\":\"es\",\"potentialAction\":[{\"@type\":\"ReadAction\",\"target\":[\"https:\/\/noticias.imer.mx\/antenaradio\/2013\/03\/07\/resolucion-de-la-suprema-corte-sobre-expresiones-homofobas\/\"]}]},{\"@type\":\"BreadcrumbList\",\"@id\":\"https:\/\/noticias.imer.mx\/antenaradio\/2013\/03\/07\/resolucion-de-la-suprema-corte-sobre-expresiones-homofobas\/#breadcrumb\",\"itemListElement\":[{\"@type\":\"ListItem\",\"position\":1,\"name\":\"Home\",\"item\":\"https:\/\/noticias.imer.mx\/antenaradio\/\"},{\"@type\":\"ListItem\",\"position\":2,\"name\":\"Resoluci\u00f3n de la Suprema Corte sobre expresiones hom\u00f3fobas\"}]},{\"@type\":\"WebSite\",\"@id\":\"https:\/\/noticias.imer.mx\/antenaradio\/#website\",\"url\":\"https:\/\/noticias.imer.mx\/antenaradio\/\",\"name\":\"Antena Radio\",\"description\":\"La forma m\u00e1s clara de entender la noticia\",\"potentialAction\":[{\"@type\":\"SearchAction\",\"target\":{\"@type\":\"EntryPoint\",\"urlTemplate\":\"https:\/\/noticias.imer.mx\/antenaradio\/?s={search_term_string}\"},\"query-input\":\"required name=search_term_string\"}],\"inLanguage\":\"es\"},{\"@type\":\"Person\",\"@id\":\"https:\/\/noticias.imer.mx\/antenaradio\/#\/schema\/person\/72de5454d165c5239bc56a49873e43c9\",\"name\":\"IMER Noticias\",\"url\":\"https:\/\/noticias.imer.mx\/antenaradio\/author\/antenaradio\/\"}]}<\/script>\n<!-- \/ Yoast SEO plugin. -->","yoast_head_json":{"title":"Resoluci\u00f3n de la Suprema Corte sobre expresiones hom\u00f3fobas  - Antena Radio","robots":{"index":"index","follow":"follow","max-snippet":"max-snippet:-1","max-image-preview":"max-image-preview:large","max-video-preview":"max-video-preview:-1"},"canonical":"https:\/\/noticias.imer.mx\/antenaradio\/2013\/03\/07\/resolucion-de-la-suprema-corte-sobre-expresiones-homofobas\/","og_locale":"es_ES","og_type":"article","og_title":"Resoluci\u00f3n de la Suprema Corte sobre expresiones hom\u00f3fobas  - Antena Radio","og_description":"El doctor Sa\u00fal L\u00f3pez Noriega, profesor de tiempo completo del Departamento de Derecho del ITAM, comparti\u00f3 su opini\u00f3n sobre la resoluci\u00f3n de la Suprema Corte de Justicia de la Naci\u00f3n contra las expresiones hom\u00f3fobas. Descargue aqu\u00ed el audio de Sa\u00fal L\u00f3pez Noriega","og_url":"https:\/\/noticias.imer.mx\/antenaradio\/2013\/03\/07\/resolucion-de-la-suprema-corte-sobre-expresiones-homofobas\/","og_site_name":"Antena Radio","article_published_time":"2013-03-07T17:12:50+00:00","author":"IMER Noticias","twitter_card":"summary_large_image","twitter_misc":{"Escrito por":"IMER Noticias"},"schema":{"@context":"https:\/\/schema.org","@graph":[{"@type":"WebPage","@id":"https:\/\/noticias.imer.mx\/antenaradio\/2013\/03\/07\/resolucion-de-la-suprema-corte-sobre-expresiones-homofobas\/","url":"https:\/\/noticias.imer.mx\/antenaradio\/2013\/03\/07\/resolucion-de-la-suprema-corte-sobre-expresiones-homofobas\/","name":"Resoluci\u00f3n de la Suprema Corte sobre expresiones hom\u00f3fobas - Antena Radio","isPartOf":{"@id":"https:\/\/noticias.imer.mx\/antenaradio\/#website"},"datePublished":"2013-03-07T17:12:50+00:00","dateModified":"2013-03-07T17:12:50+00:00","author":{"@id":"https:\/\/noticias.imer.mx\/antenaradio\/#\/schema\/person\/72de5454d165c5239bc56a49873e43c9"},"breadcrumb":{"@id":"https:\/\/noticias.imer.mx\/antenaradio\/2013\/03\/07\/resolucion-de-la-suprema-corte-sobre-expresiones-homofobas\/#breadcrumb"},"inLanguage":"es","potentialAction":[{"@type":"ReadAction","target":["https:\/\/noticias.imer.mx\/antenaradio\/2013\/03\/07\/resolucion-de-la-suprema-corte-sobre-expresiones-homofobas\/"]}]},{"@type":"BreadcrumbList","@id":"https:\/\/noticias.imer.mx\/antenaradio\/2013\/03\/07\/resolucion-de-la-suprema-corte-sobre-expresiones-homofobas\/#breadcrumb","itemListElement":[{"@type":"ListItem","position":1,"name":"Home","item":"https:\/\/noticias.imer.mx\/antenaradio\/"},{"@type":"ListItem","position":2,"name":"Resoluci\u00f3n de la Suprema Corte sobre expresiones hom\u00f3fobas"}]},{"@type":"WebSite","@id":"https:\/\/noticias.imer.mx\/antenaradio\/#website","url":"https:\/\/noticias.imer.mx\/antenaradio\/","name":"Antena Radio","description":"La forma m\u00e1s clara de entender la noticia","potentialAction":[{"@type":"SearchAction","target":{"@type":"EntryPoint","urlTemplate":"https:\/\/noticias.imer.mx\/antenaradio\/?s={search_term_string}"},"query-input":"required name=search_term_string"}],"inLanguage":"es"},{"@type":"Person","@id":"https:\/\/noticias.imer.mx\/antenaradio\/#\/schema\/person\/72de5454d165c5239bc56a49873e43c9","name":"IMER Noticias","url":"https:\/\/noticias.imer.mx\/antenaradio\/author\/antenaradio\/"}]}},"_links":{"self":[{"href":"https:\/\/noticias.imer.mx\/antenaradio\/wp-json\/wp\/v2\/posts\/21681"}],"collection":[{"href":"https:\/\/noticias.imer.mx\/antenaradio\/wp-json\/wp\/v2\/posts"}],"about":[{"href":"https:\/\/noticias.imer.mx\/antenaradio\/wp-json\/wp\/v2\/types\/post"}],"author":[{"embeddable":true,"href":"https:\/\/noticias.imer.mx\/antenaradio\/wp-json\/wp\/v2\/users\/8"}],"replies":[{"embeddable":true,"href":"https:\/\/noticias.imer.mx\/antenaradio\/wp-json\/wp\/v2\/comments?post=21681"}],"version-history":[{"count":1,"href":"https:\/\/noticias.imer.mx\/antenaradio\/wp-json\/wp\/v2\/posts\/21681\/revisions"}],"predecessor-version":[{"id":21684,"href":"https:\/\/noticias.imer.mx\/antenaradio\/wp-json\/wp\/v2\/posts\/21681\/revisions\/21684"}],"wp:attachment":[{"href":"https:\/\/noticias.imer.mx\/antenaradio\/wp-json\/wp\/v2\/media?parent=21681"}],"wp:term":[{"taxonomy":"category","embeddable":true,"href":"https:\/\/noticias.imer.mx\/antenaradio\/wp-json\/wp\/v2\/categories?post=21681"},{"taxonomy":"post_tag","embeddable":true,"href":"https:\/\/noticias.imer.mx\/antenaradio\/wp-json\/wp\/v2\/tags?post=21681"}],"curies":[{"name":"wp","href":"https:\/\/api.w.org\/{rel}","templated":true}]}}