{"id":21662,"date":"2013-03-06T10:51:46","date_gmt":"2013-03-06T16:51:46","guid":{"rendered":"http:\/\/www.blogs.imer.gob.mx\/antenaradio\/?p=21662"},"modified":"2013-03-06T19:02:44","modified_gmt":"2013-03-07T01:02:44","slug":"despues-de-ano-y-medio-de-lucha-contra-el-cancer-fallecio-el-presidente-de-venezuela-hugo-chavez","status":"publish","type":"post","link":"https:\/\/noticias.imer.mx\/antenaradio\/2013\/03\/06\/despues-de-ano-y-medio-de-lucha-contra-el-cancer-fallecio-el-presidente-de-venezuela-hugo-chavez\/","title":{"rendered":"Despu\u00e9s de a\u00f1o y medio de lucha contra el c\u00e1ncer falleci\u00f3 el presidente de Venezuela, Hugo Ch\u00e1vez"},"content":{"rendered":"<p><a href=\"http:\/\/snn.imer.gob.mx\/antenaradio\/files\/2013\/03\/Hugo-Ch\u00e1vez-05.jpg\"><img decoding=\"async\" loading=\"lazy\" class=\"alignnone size-thumbnail wp-image-21664\" alt=\"Hugo Ch\u00e1vez 05\" src=\"http:\/\/snn.imer.gob.mx\/antenaradio\/files\/2013\/03\/Hugo-Ch\u00e1vez-05-150x150.jpg\" width=\"150\" height=\"150\" \/><\/a><\/p>\n<p>El periodista de El Universal canal Globovisi\u00f3n y Radio Caracas, <strong>Roberto Giusti<\/strong>,\u00a0 habl\u00f3 sobre la muerte del presidente de Venezuela Hugo Ch\u00e1vez.<\/p>\n<p><a href=\"http:\/\/snn.imer.gob.mx\/antenaradio\/files\/2013\/03\/06-MARZO-ROBERTO-GIUSTI.mp3\">Descargue aqu\u00ed el audio de Hugo Ch\u00e1vez<\/a><\/p>\n<p><a href=\"http:\/\/snn.imer.gob.mx\/antenaradio\/files\/2013\/03\/Nicolas-Maduro-03.jpg\"><img decoding=\"async\" loading=\"lazy\" class=\"alignnone size-thumbnail wp-image-21669\" alt=\"Nicolas Maduro 03\" src=\"http:\/\/snn.imer.gob.mx\/antenaradio\/files\/2013\/03\/Nicolas-Maduro-03-150x150.jpg\" width=\"150\" height=\"150\" \/><\/a><\/p>\n<p>Tambi\u00e9n tuvimos el comentario de <strong>Hern\u00e1n G\u00f3mez Bruera<\/strong>, analista pol\u00edtico, doctor por el Instituto de Estudios de Desarrollo de la Universidad de Sussex y especialista en Am\u00e9rica Latina.<\/p>\n<p><a href=\"http:\/\/snn.imer.gob.mx\/antenaradio\/files\/2013\/03\/06-MARZO-HERNAN-GOMEZ.mp3\">Descargue aqu\u00ed el audio de Hern\u00e1n G\u00f3mez<\/a><\/p>\n<p>A prop\u00f3sito del fallecimiento del mandatario venezolano les presentamos el siguiente especial.<\/p>\n<p><a href=\"http:\/\/snn.imer.gob.mx\/antenaradio\/files\/2013\/03\/06-MARZO-ESPECIAL-CHAVEZ.mp3\">Descargue aqu\u00ed el especial de Hugo Ch\u00e1vez<\/a><\/p>\n<p><a href=\"http:\/\/snn.imer.gob.mx\/antenaradio\/files\/2013\/03\/blanche.jpg\"><img decoding=\"async\" loading=\"lazy\" class=\"alignnone size-thumbnail wp-image-21674\" alt=\"blanche\" src=\"http:\/\/snn.imer.gob.mx\/antenaradio\/files\/2013\/03\/blanche-150x150.jpg\" width=\"150\" height=\"150\" \/><\/a><\/p>\n<p>Tambi\u00e9n platicamos\u00a0con Blanche Petrich, Periodista interesada en asuntos latinoamericanos, derechos humanos, movimientos sociales, quien entrevist\u00f3 un par de veces a Hugo Ch\u00e1vez.<\/p>\n<p><a href=\"http:\/\/snn.imer.gob.mx\/antenaradio\/files\/2013\/03\/descargue-aqu\u00ed-el-audio-de-Blanche-Petrich.mp3\">descargue aqu\u00ed el audio de Blanche Petrich<\/a><\/p>\n","protected":false},"excerpt":{"rendered":"<p>El periodista de El Universal canal Globovisi\u00f3n y Radio Caracas, Roberto Giusti,\u00a0 habl\u00f3 sobre la muerte del presidente de Venezuela Hugo Ch\u00e1vez. Descargue aqu\u00ed el audio de Hugo Ch\u00e1vez Tambi\u00e9n tuvimos el comentario de Hern\u00e1n G\u00f3mez Bruera, analista pol\u00edtico, doctor por el Instituto de Estudios de Desarrollo de la Universidad de Sussex y especialista en&hellip;<\/p>\n","protected":false},"author":8,"featured_media":0,"comment_status":"open","ping_status":"open","sticky":false,"template":"","format":"standard","meta":{"wp_popup_display_lightbox":0,"wp_popup_suppress":"","wp_popup_trigger":"","wp_popup_trigger_amount":0,"wp_popup_disable_on_mobile":false},"categories":[5,4929,4937],"tags":[7142,7106,4585],"yoast_head":"<!-- This site is optimized with the Yoast SEO plugin v21.0 - https:\/\/yoast.com\/wordpress\/plugins\/seo\/ -->\n<title>Despu\u00e9s de a\u00f1o y medio de lucha contra el c\u00e1ncer falleci\u00f3 el presidente de Venezuela, Hugo Ch\u00e1vez - Antena Radio<\/title>\n<meta name=\"robots\" content=\"index, follow, max-snippet:-1, max-image-preview:large, max-video-preview:-1\" \/>\n<link rel=\"canonical\" href=\"https:\/\/noticias.imer.mx\/antenaradio\/2013\/03\/06\/despues-de-ano-y-medio-de-lucha-contra-el-cancer-fallecio-el-presidente-de-venezuela-hugo-chavez\/\" \/>\n<meta property=\"og:locale\" content=\"es_ES\" \/>\n<meta property=\"og:type\" content=\"article\" \/>\n<meta property=\"og:title\" content=\"Despu\u00e9s de a\u00f1o y medio de lucha contra el c\u00e1ncer falleci\u00f3 el presidente de Venezuela, Hugo Ch\u00e1vez - Antena Radio\" \/>\n<meta property=\"og:description\" content=\"El periodista de El Universal canal Globovisi\u00f3n y Radio Caracas, Roberto Giusti,\u00a0 habl\u00f3 sobre la muerte del presidente de Venezuela Hugo Ch\u00e1vez. Descargue aqu\u00ed el audio de Hugo Ch\u00e1vez Tambi\u00e9n tuvimos el comentario de Hern\u00e1n G\u00f3mez Bruera, analista pol\u00edtico, doctor por el Instituto de Estudios de Desarrollo de la Universidad de Sussex y especialista en&hellip;\" \/>\n<meta property=\"og:url\" content=\"https:\/\/noticias.imer.mx\/antenaradio\/2013\/03\/06\/despues-de-ano-y-medio-de-lucha-contra-el-cancer-fallecio-el-presidente-de-venezuela-hugo-chavez\/\" \/>\n<meta property=\"og:site_name\" content=\"Antena Radio\" \/>\n<meta property=\"article:published_time\" content=\"2013-03-06T16:51:46+00:00\" \/>\n<meta property=\"article:modified_time\" content=\"2013-03-07T01:02:44+00:00\" \/>\n<meta property=\"og:image\" content=\"http:\/\/snn.imer.gob.mx\/antenaradio\/files\/2013\/03\/Nicolas-Maduro-03-150x150.jpg\" \/>\n<meta name=\"author\" content=\"IMER Noticias\" \/>\n<meta name=\"twitter:card\" content=\"summary_large_image\" \/>\n<meta name=\"twitter:label1\" content=\"Escrito por\" \/>\n\t<meta name=\"twitter:data1\" content=\"IMER Noticias\" \/>\n\t<meta name=\"twitter:label2\" content=\"Tiempo de lectura\" \/>\n\t<meta name=\"twitter:data2\" content=\"1 minuto\" \/>\n<script type=\"application\/ld+json\" class=\"yoast-schema-graph\">{\"@context\":\"https:\/\/schema.org\",\"@graph\":[{\"@type\":\"WebPage\",\"@id\":\"https:\/\/noticias.imer.mx\/antenaradio\/2013\/03\/06\/despues-de-ano-y-medio-de-lucha-contra-el-cancer-fallecio-el-presidente-de-venezuela-hugo-chavez\/\",\"url\":\"https:\/\/noticias.imer.mx\/antenaradio\/2013\/03\/06\/despues-de-ano-y-medio-de-lucha-contra-el-cancer-fallecio-el-presidente-de-venezuela-hugo-chavez\/\",\"name\":\"Despu\u00e9s de a\u00f1o y medio de lucha contra el c\u00e1ncer falleci\u00f3 el presidente de Venezuela, Hugo Ch\u00e1vez - Antena Radio\",\"isPartOf\":{\"@id\":\"https:\/\/noticias.imer.mx\/antenaradio\/#website\"},\"datePublished\":\"2013-03-06T16:51:46+00:00\",\"dateModified\":\"2013-03-07T01:02:44+00:00\",\"author\":{\"@id\":\"https:\/\/noticias.imer.mx\/antenaradio\/#\/schema\/person\/72de5454d165c5239bc56a49873e43c9\"},\"breadcrumb\":{\"@id\":\"https:\/\/noticias.imer.mx\/antenaradio\/2013\/03\/06\/despues-de-ano-y-medio-de-lucha-contra-el-cancer-fallecio-el-presidente-de-venezuela-hugo-chavez\/#breadcrumb\"},\"inLanguage\":\"es\",\"potentialAction\":[{\"@type\":\"ReadAction\",\"target\":[\"https:\/\/noticias.imer.mx\/antenaradio\/2013\/03\/06\/despues-de-ano-y-medio-de-lucha-contra-el-cancer-fallecio-el-presidente-de-venezuela-hugo-chavez\/\"]}]},{\"@type\":\"BreadcrumbList\",\"@id\":\"https:\/\/noticias.imer.mx\/antenaradio\/2013\/03\/06\/despues-de-ano-y-medio-de-lucha-contra-el-cancer-fallecio-el-presidente-de-venezuela-hugo-chavez\/#breadcrumb\",\"itemListElement\":[{\"@type\":\"ListItem\",\"position\":1,\"name\":\"Home\",\"item\":\"https:\/\/noticias.imer.mx\/antenaradio\/\"},{\"@type\":\"ListItem\",\"position\":2,\"name\":\"Despu\u00e9s de a\u00f1o y medio de lucha contra el c\u00e1ncer falleci\u00f3 el presidente de Venezuela, Hugo Ch\u00e1vez\"}]},{\"@type\":\"WebSite\",\"@id\":\"https:\/\/noticias.imer.mx\/antenaradio\/#website\",\"url\":\"https:\/\/noticias.imer.mx\/antenaradio\/\",\"name\":\"Antena Radio\",\"description\":\"La forma m\u00e1s clara de entender la noticia\",\"potentialAction\":[{\"@type\":\"SearchAction\",\"target\":{\"@type\":\"EntryPoint\",\"urlTemplate\":\"https:\/\/noticias.imer.mx\/antenaradio\/?s={search_term_string}\"},\"query-input\":\"required name=search_term_string\"}],\"inLanguage\":\"es\"},{\"@type\":\"Person\",\"@id\":\"https:\/\/noticias.imer.mx\/antenaradio\/#\/schema\/person\/72de5454d165c5239bc56a49873e43c9\",\"name\":\"IMER Noticias\",\"url\":\"https:\/\/noticias.imer.mx\/antenaradio\/author\/antenaradio\/\"}]}<\/script>\n<!-- \/ Yoast SEO plugin. -->","yoast_head_json":{"title":"Despu\u00e9s de a\u00f1o y medio de lucha contra el c\u00e1ncer falleci\u00f3 el presidente de Venezuela, Hugo Ch\u00e1vez - Antena Radio","robots":{"index":"index","follow":"follow","max-snippet":"max-snippet:-1","max-image-preview":"max-image-preview:large","max-video-preview":"max-video-preview:-1"},"canonical":"https:\/\/noticias.imer.mx\/antenaradio\/2013\/03\/06\/despues-de-ano-y-medio-de-lucha-contra-el-cancer-fallecio-el-presidente-de-venezuela-hugo-chavez\/","og_locale":"es_ES","og_type":"article","og_title":"Despu\u00e9s de a\u00f1o y medio de lucha contra el c\u00e1ncer falleci\u00f3 el presidente de Venezuela, Hugo Ch\u00e1vez - Antena Radio","og_description":"El periodista de El Universal canal Globovisi\u00f3n y Radio Caracas, Roberto Giusti,\u00a0 habl\u00f3 sobre la muerte del presidente de Venezuela Hugo Ch\u00e1vez. Descargue aqu\u00ed el audio de Hugo Ch\u00e1vez Tambi\u00e9n tuvimos el comentario de Hern\u00e1n G\u00f3mez Bruera, analista pol\u00edtico, doctor por el Instituto de Estudios de Desarrollo de la Universidad de Sussex y especialista en&hellip;","og_url":"https:\/\/noticias.imer.mx\/antenaradio\/2013\/03\/06\/despues-de-ano-y-medio-de-lucha-contra-el-cancer-fallecio-el-presidente-de-venezuela-hugo-chavez\/","og_site_name":"Antena Radio","article_published_time":"2013-03-06T16:51:46+00:00","article_modified_time":"2013-03-07T01:02:44+00:00","og_image":[{"url":"http:\/\/snn.imer.gob.mx\/antenaradio\/files\/2013\/03\/Nicolas-Maduro-03-150x150.jpg"}],"author":"IMER Noticias","twitter_card":"summary_large_image","twitter_misc":{"Escrito por":"IMER Noticias","Tiempo de lectura":"1 minuto"},"schema":{"@context":"https:\/\/schema.org","@graph":[{"@type":"WebPage","@id":"https:\/\/noticias.imer.mx\/antenaradio\/2013\/03\/06\/despues-de-ano-y-medio-de-lucha-contra-el-cancer-fallecio-el-presidente-de-venezuela-hugo-chavez\/","url":"https:\/\/noticias.imer.mx\/antenaradio\/2013\/03\/06\/despues-de-ano-y-medio-de-lucha-contra-el-cancer-fallecio-el-presidente-de-venezuela-hugo-chavez\/","name":"Despu\u00e9s de a\u00f1o y medio de lucha contra el c\u00e1ncer falleci\u00f3 el presidente de Venezuela, Hugo Ch\u00e1vez - Antena Radio","isPartOf":{"@id":"https:\/\/noticias.imer.mx\/antenaradio\/#website"},"datePublished":"2013-03-06T16:51:46+00:00","dateModified":"2013-03-07T01:02:44+00:00","author":{"@id":"https:\/\/noticias.imer.mx\/antenaradio\/#\/schema\/person\/72de5454d165c5239bc56a49873e43c9"},"breadcrumb":{"@id":"https:\/\/noticias.imer.mx\/antenaradio\/2013\/03\/06\/despues-de-ano-y-medio-de-lucha-contra-el-cancer-fallecio-el-presidente-de-venezuela-hugo-chavez\/#breadcrumb"},"inLanguage":"es","potentialAction":[{"@type":"ReadAction","target":["https:\/\/noticias.imer.mx\/antenaradio\/2013\/03\/06\/despues-de-ano-y-medio-de-lucha-contra-el-cancer-fallecio-el-presidente-de-venezuela-hugo-chavez\/"]}]},{"@type":"BreadcrumbList","@id":"https:\/\/noticias.imer.mx\/antenaradio\/2013\/03\/06\/despues-de-ano-y-medio-de-lucha-contra-el-cancer-fallecio-el-presidente-de-venezuela-hugo-chavez\/#breadcrumb","itemListElement":[{"@type":"ListItem","position":1,"name":"Home","item":"https:\/\/noticias.imer.mx\/antenaradio\/"},{"@type":"ListItem","position":2,"name":"Despu\u00e9s de a\u00f1o y medio de lucha contra el c\u00e1ncer falleci\u00f3 el presidente de Venezuela, Hugo Ch\u00e1vez"}]},{"@type":"WebSite","@id":"https:\/\/noticias.imer.mx\/antenaradio\/#website","url":"https:\/\/noticias.imer.mx\/antenaradio\/","name":"Antena Radio","description":"La forma m\u00e1s clara de entender la noticia","potentialAction":[{"@type":"SearchAction","target":{"@type":"EntryPoint","urlTemplate":"https:\/\/noticias.imer.mx\/antenaradio\/?s={search_term_string}"},"query-input":"required name=search_term_string"}],"inLanguage":"es"},{"@type":"Person","@id":"https:\/\/noticias.imer.mx\/antenaradio\/#\/schema\/person\/72de5454d165c5239bc56a49873e43c9","name":"IMER Noticias","url":"https:\/\/noticias.imer.mx\/antenaradio\/author\/antenaradio\/"}]}},"_links":{"self":[{"href":"https:\/\/noticias.imer.mx\/antenaradio\/wp-json\/wp\/v2\/posts\/21662"}],"collection":[{"href":"https:\/\/noticias.imer.mx\/antenaradio\/wp-json\/wp\/v2\/posts"}],"about":[{"href":"https:\/\/noticias.imer.mx\/antenaradio\/wp-json\/wp\/v2\/types\/post"}],"author":[{"embeddable":true,"href":"https:\/\/noticias.imer.mx\/antenaradio\/wp-json\/wp\/v2\/users\/8"}],"replies":[{"embeddable":true,"href":"https:\/\/noticias.imer.mx\/antenaradio\/wp-json\/wp\/v2\/comments?post=21662"}],"version-history":[{"count":5,"href":"https:\/\/noticias.imer.mx\/antenaradio\/wp-json\/wp\/v2\/posts\/21662\/revisions"}],"predecessor-version":[{"id":21667,"href":"https:\/\/noticias.imer.mx\/antenaradio\/wp-json\/wp\/v2\/posts\/21662\/revisions\/21667"}],"wp:attachment":[{"href":"https:\/\/noticias.imer.mx\/antenaradio\/wp-json\/wp\/v2\/media?parent=21662"}],"wp:term":[{"taxonomy":"category","embeddable":true,"href":"https:\/\/noticias.imer.mx\/antenaradio\/wp-json\/wp\/v2\/categories?post=21662"},{"taxonomy":"post_tag","embeddable":true,"href":"https:\/\/noticias.imer.mx\/antenaradio\/wp-json\/wp\/v2\/tags?post=21662"}],"curies":[{"name":"wp","href":"https:\/\/api.w.org\/{rel}","templated":true}]}}