{"id":21640,"date":"2013-03-01T21:03:25","date_gmt":"2013-03-02T03:03:25","guid":{"rendered":"http:\/\/www.blogs.imer.gob.mx\/antenaradio\/?p=21640"},"modified":"2013-05-14T03:14:48","modified_gmt":"2013-05-14T08:14:48","slug":"proceso-de-eleccion-del-nuevo-papa","status":"publish","type":"post","link":"https:\/\/noticias.imer.mx\/antenaradio\/2013\/03\/01\/proceso-de-eleccion-del-nuevo-papa\/","title":{"rendered":"Proceso de elecci\u00f3n del nuevo Papa"},"content":{"rendered":"<p><a href=\"http:\/\/snn.imer.gob.mx\/antenaradio\/files\/2013\/03\/papa.jpeg\"><img decoding=\"async\" loading=\"lazy\" class=\"alignnone size-thumbnail wp-image-21641\" alt=\"papa\" src=\"http:\/\/snn.imer.gob.mx\/antenaradio\/files\/2013\/03\/papa-150x150.jpeg\" width=\"150\" height=\"150\" \/><\/a><\/p>\n<p>Fred \u00c1lvarez, especialista en religi\u00f3n y pol\u00edtica, convers\u00f3 sobre el proceso de elecci\u00f3n del nuevo Papa<\/p>\n<p><a href=\"http:\/\/snn.imer.gob.mx\/antenaradio\/files\/2013\/03\/rar-uno.mp3\">Descarga el audio<\/a><\/p>\n","protected":false},"excerpt":{"rendered":"<p>Fred \u00c1lvarez, especialista en religi\u00f3n y pol\u00edtica, convers\u00f3 sobre el proceso de elecci\u00f3n del nuevo Papa Descarga el audio<\/p>\n","protected":false},"author":8,"featured_media":0,"comment_status":"open","ping_status":"open","sticky":false,"template":"","format":"standard","meta":{"wp_popup_display_lightbox":0,"wp_popup_suppress":"","wp_popup_trigger":"","wp_popup_trigger_amount":0,"wp_popup_disable_on_mobile":false},"categories":[8093,7265,4939],"tags":[7135,7134,7075],"yoast_head":"<!-- This site is optimized with the Yoast SEO plugin v21.0 - https:\/\/yoast.com\/wordpress\/plugins\/seo\/ -->\n<title>Proceso de elecci\u00f3n del nuevo Papa - Antena Radio<\/title>\n<meta name=\"robots\" content=\"index, follow, max-snippet:-1, max-image-preview:large, max-video-preview:-1\" \/>\n<link rel=\"canonical\" href=\"https:\/\/noticias.imer.mx\/antenaradio\/2013\/03\/01\/proceso-de-eleccion-del-nuevo-papa\/\" \/>\n<meta property=\"og:locale\" content=\"es_ES\" \/>\n<meta property=\"og:type\" content=\"article\" \/>\n<meta property=\"og:title\" content=\"Proceso de elecci\u00f3n del nuevo Papa - Antena Radio\" \/>\n<meta property=\"og:description\" content=\"Fred \u00c1lvarez, especialista en religi\u00f3n y pol\u00edtica, convers\u00f3 sobre el proceso de elecci\u00f3n del nuevo Papa Descarga el audio\" \/>\n<meta property=\"og:url\" content=\"https:\/\/noticias.imer.mx\/antenaradio\/2013\/03\/01\/proceso-de-eleccion-del-nuevo-papa\/\" \/>\n<meta property=\"og:site_name\" content=\"Antena Radio\" \/>\n<meta property=\"article:published_time\" content=\"2013-03-02T03:03:25+00:00\" \/>\n<meta property=\"article:modified_time\" content=\"2013-05-14T08:14:48+00:00\" \/>\n<meta property=\"og:image\" content=\"http:\/\/snn.imer.gob.mx\/antenaradio\/files\/2013\/03\/papa-150x150.jpeg\" \/>\n<meta name=\"author\" content=\"IMER Noticias\" \/>\n<meta name=\"twitter:card\" content=\"summary_large_image\" \/>\n<meta name=\"twitter:label1\" content=\"Escrito por\" \/>\n\t<meta name=\"twitter:data1\" content=\"IMER Noticias\" \/>\n<script type=\"application\/ld+json\" class=\"yoast-schema-graph\">{\"@context\":\"https:\/\/schema.org\",\"@graph\":[{\"@type\":\"WebPage\",\"@id\":\"https:\/\/noticias.imer.mx\/antenaradio\/2013\/03\/01\/proceso-de-eleccion-del-nuevo-papa\/\",\"url\":\"https:\/\/noticias.imer.mx\/antenaradio\/2013\/03\/01\/proceso-de-eleccion-del-nuevo-papa\/\",\"name\":\"Proceso de elecci\u00f3n del nuevo Papa - Antena Radio\",\"isPartOf\":{\"@id\":\"https:\/\/noticias.imer.mx\/antenaradio\/#website\"},\"datePublished\":\"2013-03-02T03:03:25+00:00\",\"dateModified\":\"2013-05-14T08:14:48+00:00\",\"author\":{\"@id\":\"https:\/\/noticias.imer.mx\/antenaradio\/#\/schema\/person\/72de5454d165c5239bc56a49873e43c9\"},\"breadcrumb\":{\"@id\":\"https:\/\/noticias.imer.mx\/antenaradio\/2013\/03\/01\/proceso-de-eleccion-del-nuevo-papa\/#breadcrumb\"},\"inLanguage\":\"es\",\"potentialAction\":[{\"@type\":\"ReadAction\",\"target\":[\"https:\/\/noticias.imer.mx\/antenaradio\/2013\/03\/01\/proceso-de-eleccion-del-nuevo-papa\/\"]}]},{\"@type\":\"BreadcrumbList\",\"@id\":\"https:\/\/noticias.imer.mx\/antenaradio\/2013\/03\/01\/proceso-de-eleccion-del-nuevo-papa\/#breadcrumb\",\"itemListElement\":[{\"@type\":\"ListItem\",\"position\":1,\"name\":\"Home\",\"item\":\"https:\/\/noticias.imer.mx\/antenaradio\/\"},{\"@type\":\"ListItem\",\"position\":2,\"name\":\"Proceso de elecci\u00f3n del nuevo Papa\"}]},{\"@type\":\"WebSite\",\"@id\":\"https:\/\/noticias.imer.mx\/antenaradio\/#website\",\"url\":\"https:\/\/noticias.imer.mx\/antenaradio\/\",\"name\":\"Antena Radio\",\"description\":\"La forma m\u00e1s clara de entender la noticia\",\"potentialAction\":[{\"@type\":\"SearchAction\",\"target\":{\"@type\":\"EntryPoint\",\"urlTemplate\":\"https:\/\/noticias.imer.mx\/antenaradio\/?s={search_term_string}\"},\"query-input\":\"required name=search_term_string\"}],\"inLanguage\":\"es\"},{\"@type\":\"Person\",\"@id\":\"https:\/\/noticias.imer.mx\/antenaradio\/#\/schema\/person\/72de5454d165c5239bc56a49873e43c9\",\"name\":\"IMER Noticias\",\"url\":\"https:\/\/noticias.imer.mx\/antenaradio\/author\/antenaradio\/\"}]}<\/script>\n<!-- \/ Yoast SEO plugin. -->","yoast_head_json":{"title":"Proceso de elecci\u00f3n del nuevo Papa - Antena Radio","robots":{"index":"index","follow":"follow","max-snippet":"max-snippet:-1","max-image-preview":"max-image-preview:large","max-video-preview":"max-video-preview:-1"},"canonical":"https:\/\/noticias.imer.mx\/antenaradio\/2013\/03\/01\/proceso-de-eleccion-del-nuevo-papa\/","og_locale":"es_ES","og_type":"article","og_title":"Proceso de elecci\u00f3n del nuevo Papa - Antena Radio","og_description":"Fred \u00c1lvarez, especialista en religi\u00f3n y pol\u00edtica, convers\u00f3 sobre el proceso de elecci\u00f3n del nuevo Papa Descarga el audio","og_url":"https:\/\/noticias.imer.mx\/antenaradio\/2013\/03\/01\/proceso-de-eleccion-del-nuevo-papa\/","og_site_name":"Antena Radio","article_published_time":"2013-03-02T03:03:25+00:00","article_modified_time":"2013-05-14T08:14:48+00:00","og_image":[{"url":"http:\/\/snn.imer.gob.mx\/antenaradio\/files\/2013\/03\/papa-150x150.jpeg"}],"author":"IMER Noticias","twitter_card":"summary_large_image","twitter_misc":{"Escrito por":"IMER Noticias"},"schema":{"@context":"https:\/\/schema.org","@graph":[{"@type":"WebPage","@id":"https:\/\/noticias.imer.mx\/antenaradio\/2013\/03\/01\/proceso-de-eleccion-del-nuevo-papa\/","url":"https:\/\/noticias.imer.mx\/antenaradio\/2013\/03\/01\/proceso-de-eleccion-del-nuevo-papa\/","name":"Proceso de elecci\u00f3n del nuevo Papa - Antena Radio","isPartOf":{"@id":"https:\/\/noticias.imer.mx\/antenaradio\/#website"},"datePublished":"2013-03-02T03:03:25+00:00","dateModified":"2013-05-14T08:14:48+00:00","author":{"@id":"https:\/\/noticias.imer.mx\/antenaradio\/#\/schema\/person\/72de5454d165c5239bc56a49873e43c9"},"breadcrumb":{"@id":"https:\/\/noticias.imer.mx\/antenaradio\/2013\/03\/01\/proceso-de-eleccion-del-nuevo-papa\/#breadcrumb"},"inLanguage":"es","potentialAction":[{"@type":"ReadAction","target":["https:\/\/noticias.imer.mx\/antenaradio\/2013\/03\/01\/proceso-de-eleccion-del-nuevo-papa\/"]}]},{"@type":"BreadcrumbList","@id":"https:\/\/noticias.imer.mx\/antenaradio\/2013\/03\/01\/proceso-de-eleccion-del-nuevo-papa\/#breadcrumb","itemListElement":[{"@type":"ListItem","position":1,"name":"Home","item":"https:\/\/noticias.imer.mx\/antenaradio\/"},{"@type":"ListItem","position":2,"name":"Proceso de elecci\u00f3n del nuevo Papa"}]},{"@type":"WebSite","@id":"https:\/\/noticias.imer.mx\/antenaradio\/#website","url":"https:\/\/noticias.imer.mx\/antenaradio\/","name":"Antena Radio","description":"La forma m\u00e1s clara de entender la noticia","potentialAction":[{"@type":"SearchAction","target":{"@type":"EntryPoint","urlTemplate":"https:\/\/noticias.imer.mx\/antenaradio\/?s={search_term_string}"},"query-input":"required name=search_term_string"}],"inLanguage":"es"},{"@type":"Person","@id":"https:\/\/noticias.imer.mx\/antenaradio\/#\/schema\/person\/72de5454d165c5239bc56a49873e43c9","name":"IMER Noticias","url":"https:\/\/noticias.imer.mx\/antenaradio\/author\/antenaradio\/"}]}},"_links":{"self":[{"href":"https:\/\/noticias.imer.mx\/antenaradio\/wp-json\/wp\/v2\/posts\/21640"}],"collection":[{"href":"https:\/\/noticias.imer.mx\/antenaradio\/wp-json\/wp\/v2\/posts"}],"about":[{"href":"https:\/\/noticias.imer.mx\/antenaradio\/wp-json\/wp\/v2\/types\/post"}],"author":[{"embeddable":true,"href":"https:\/\/noticias.imer.mx\/antenaradio\/wp-json\/wp\/v2\/users\/8"}],"replies":[{"embeddable":true,"href":"https:\/\/noticias.imer.mx\/antenaradio\/wp-json\/wp\/v2\/comments?post=21640"}],"version-history":[{"count":2,"href":"https:\/\/noticias.imer.mx\/antenaradio\/wp-json\/wp\/v2\/posts\/21640\/revisions"}],"predecessor-version":[{"id":22101,"href":"https:\/\/noticias.imer.mx\/antenaradio\/wp-json\/wp\/v2\/posts\/21640\/revisions\/22101"}],"wp:attachment":[{"href":"https:\/\/noticias.imer.mx\/antenaradio\/wp-json\/wp\/v2\/media?parent=21640"}],"wp:term":[{"taxonomy":"category","embeddable":true,"href":"https:\/\/noticias.imer.mx\/antenaradio\/wp-json\/wp\/v2\/categories?post=21640"},{"taxonomy":"post_tag","embeddable":true,"href":"https:\/\/noticias.imer.mx\/antenaradio\/wp-json\/wp\/v2\/tags?post=21640"}],"curies":[{"name":"wp","href":"https:\/\/api.w.org\/{rel}","templated":true}]}}