{"id":21500,"date":"2013-02-13T11:12:12","date_gmt":"2013-02-13T17:12:12","guid":{"rendered":"http:\/\/www.blogs.imer.gob.mx\/antenaradio\/?p=21500"},"modified":"2013-02-13T11:44:42","modified_gmt":"2013-02-13T17:44:42","slug":"amparo-en-contra-de-la-reforma-laboral","status":"publish","type":"post","link":"https:\/\/noticias.imer.mx\/antenaradio\/2013\/02\/13\/amparo-en-contra-de-la-reforma-laboral\/","title":{"rendered":"Amparo en contra de la reforma laboral"},"content":{"rendered":"<p><a href=\"http:\/\/snn.imer.gob.mx\/antenaradio\/files\/2013\/02\/Alberto-Serd\u00e1n-01.jpg\"><img decoding=\"async\" loading=\"lazy\" class=\"alignnone size-thumbnail wp-image-21502\" alt=\"Alberto Serd\u00e1n 01\" src=\"http:\/\/snn.imer.gob.mx\/antenaradio\/files\/2013\/02\/Alberto-Serd\u00e1n-01-150x150.jpg\" width=\"150\" height=\"150\" \/><\/a><\/p>\n<p>El maestro <strong>Alberto Serd\u00e1n<\/strong>, coordinador de Activaci\u00f3n Ciudadana en Mexicanos Primero A. C. platic\u00f3 con nosotros sobre el amparo en contra de la reforma educativa.<\/p>\n<p><a href=\"http:\/\/snn.imer.gob.mx\/antenaradio\/files\/2013\/02\/13-FEBRERO-ALBERTO-SERDAN.mp3\">Descargue aqu\u00ed el audio de Alberto Serd\u00e1n<\/a><\/p>\n","protected":false},"excerpt":{"rendered":"<p>El maestro Alberto Serd\u00e1n, coordinador de Activaci\u00f3n Ciudadana en Mexicanos Primero A. C. platic\u00f3 con nosotros sobre el amparo en contra de la reforma educativa. Descargue aqu\u00ed el audio de Alberto Serd\u00e1n<\/p>\n","protected":false},"author":8,"featured_media":0,"comment_status":"open","ping_status":"open","sticky":false,"template":"","format":"standard","meta":{"wp_popup_display_lightbox":0,"wp_popup_suppress":"","wp_popup_trigger":"","wp_popup_trigger_amount":0,"wp_popup_disable_on_mobile":false},"categories":[5,4929],"tags":[7088,169,7089],"yoast_head":"<!-- This site is optimized with the Yoast SEO plugin v21.0 - https:\/\/yoast.com\/wordpress\/plugins\/seo\/ -->\n<title>Amparo en contra de la reforma laboral  - Antena Radio<\/title>\n<meta name=\"robots\" content=\"index, follow, max-snippet:-1, max-image-preview:large, max-video-preview:-1\" \/>\n<link rel=\"canonical\" href=\"https:\/\/noticias.imer.mx\/antenaradio\/2013\/02\/13\/amparo-en-contra-de-la-reforma-laboral\/\" \/>\n<meta property=\"og:locale\" content=\"es_ES\" \/>\n<meta property=\"og:type\" content=\"article\" \/>\n<meta property=\"og:title\" content=\"Amparo en contra de la reforma laboral  - Antena Radio\" \/>\n<meta property=\"og:description\" content=\"El maestro Alberto Serd\u00e1n, coordinador de Activaci\u00f3n Ciudadana en Mexicanos Primero A. C. platic\u00f3 con nosotros sobre el amparo en contra de la reforma educativa. Descargue aqu\u00ed el audio de Alberto Serd\u00e1n\" \/>\n<meta property=\"og:url\" content=\"https:\/\/noticias.imer.mx\/antenaradio\/2013\/02\/13\/amparo-en-contra-de-la-reforma-laboral\/\" \/>\n<meta property=\"og:site_name\" content=\"Antena Radio\" \/>\n<meta property=\"article:published_time\" content=\"2013-02-13T17:12:12+00:00\" \/>\n<meta property=\"article:modified_time\" content=\"2013-02-13T17:44:42+00:00\" \/>\n<meta name=\"author\" content=\"IMER Noticias\" \/>\n<meta name=\"twitter:card\" content=\"summary_large_image\" \/>\n<meta name=\"twitter:label1\" content=\"Escrito por\" \/>\n\t<meta name=\"twitter:data1\" content=\"IMER Noticias\" \/>\n<script type=\"application\/ld+json\" class=\"yoast-schema-graph\">{\"@context\":\"https:\/\/schema.org\",\"@graph\":[{\"@type\":\"WebPage\",\"@id\":\"https:\/\/noticias.imer.mx\/antenaradio\/2013\/02\/13\/amparo-en-contra-de-la-reforma-laboral\/\",\"url\":\"https:\/\/noticias.imer.mx\/antenaradio\/2013\/02\/13\/amparo-en-contra-de-la-reforma-laboral\/\",\"name\":\"Amparo en contra de la reforma laboral - Antena Radio\",\"isPartOf\":{\"@id\":\"https:\/\/noticias.imer.mx\/antenaradio\/#website\"},\"datePublished\":\"2013-02-13T17:12:12+00:00\",\"dateModified\":\"2013-02-13T17:44:42+00:00\",\"author\":{\"@id\":\"https:\/\/noticias.imer.mx\/antenaradio\/#\/schema\/person\/72de5454d165c5239bc56a49873e43c9\"},\"breadcrumb\":{\"@id\":\"https:\/\/noticias.imer.mx\/antenaradio\/2013\/02\/13\/amparo-en-contra-de-la-reforma-laboral\/#breadcrumb\"},\"inLanguage\":\"es\",\"potentialAction\":[{\"@type\":\"ReadAction\",\"target\":[\"https:\/\/noticias.imer.mx\/antenaradio\/2013\/02\/13\/amparo-en-contra-de-la-reforma-laboral\/\"]}]},{\"@type\":\"BreadcrumbList\",\"@id\":\"https:\/\/noticias.imer.mx\/antenaradio\/2013\/02\/13\/amparo-en-contra-de-la-reforma-laboral\/#breadcrumb\",\"itemListElement\":[{\"@type\":\"ListItem\",\"position\":1,\"name\":\"Home\",\"item\":\"https:\/\/noticias.imer.mx\/antenaradio\/\"},{\"@type\":\"ListItem\",\"position\":2,\"name\":\"Amparo en contra de la reforma laboral\"}]},{\"@type\":\"WebSite\",\"@id\":\"https:\/\/noticias.imer.mx\/antenaradio\/#website\",\"url\":\"https:\/\/noticias.imer.mx\/antenaradio\/\",\"name\":\"Antena Radio\",\"description\":\"La forma m\u00e1s clara de entender la noticia\",\"potentialAction\":[{\"@type\":\"SearchAction\",\"target\":{\"@type\":\"EntryPoint\",\"urlTemplate\":\"https:\/\/noticias.imer.mx\/antenaradio\/?s={search_term_string}\"},\"query-input\":\"required name=search_term_string\"}],\"inLanguage\":\"es\"},{\"@type\":\"Person\",\"@id\":\"https:\/\/noticias.imer.mx\/antenaradio\/#\/schema\/person\/72de5454d165c5239bc56a49873e43c9\",\"name\":\"IMER Noticias\",\"url\":\"https:\/\/noticias.imer.mx\/antenaradio\/author\/antenaradio\/\"}]}<\/script>\n<!-- \/ Yoast SEO plugin. -->","yoast_head_json":{"title":"Amparo en contra de la reforma laboral  - Antena Radio","robots":{"index":"index","follow":"follow","max-snippet":"max-snippet:-1","max-image-preview":"max-image-preview:large","max-video-preview":"max-video-preview:-1"},"canonical":"https:\/\/noticias.imer.mx\/antenaradio\/2013\/02\/13\/amparo-en-contra-de-la-reforma-laboral\/","og_locale":"es_ES","og_type":"article","og_title":"Amparo en contra de la reforma laboral  - Antena Radio","og_description":"El maestro Alberto Serd\u00e1n, coordinador de Activaci\u00f3n Ciudadana en Mexicanos Primero A. C. platic\u00f3 con nosotros sobre el amparo en contra de la reforma educativa. Descargue aqu\u00ed el audio de Alberto Serd\u00e1n","og_url":"https:\/\/noticias.imer.mx\/antenaradio\/2013\/02\/13\/amparo-en-contra-de-la-reforma-laboral\/","og_site_name":"Antena Radio","article_published_time":"2013-02-13T17:12:12+00:00","article_modified_time":"2013-02-13T17:44:42+00:00","author":"IMER Noticias","twitter_card":"summary_large_image","twitter_misc":{"Escrito por":"IMER Noticias"},"schema":{"@context":"https:\/\/schema.org","@graph":[{"@type":"WebPage","@id":"https:\/\/noticias.imer.mx\/antenaradio\/2013\/02\/13\/amparo-en-contra-de-la-reforma-laboral\/","url":"https:\/\/noticias.imer.mx\/antenaradio\/2013\/02\/13\/amparo-en-contra-de-la-reforma-laboral\/","name":"Amparo en contra de la reforma laboral - Antena Radio","isPartOf":{"@id":"https:\/\/noticias.imer.mx\/antenaradio\/#website"},"datePublished":"2013-02-13T17:12:12+00:00","dateModified":"2013-02-13T17:44:42+00:00","author":{"@id":"https:\/\/noticias.imer.mx\/antenaradio\/#\/schema\/person\/72de5454d165c5239bc56a49873e43c9"},"breadcrumb":{"@id":"https:\/\/noticias.imer.mx\/antenaradio\/2013\/02\/13\/amparo-en-contra-de-la-reforma-laboral\/#breadcrumb"},"inLanguage":"es","potentialAction":[{"@type":"ReadAction","target":["https:\/\/noticias.imer.mx\/antenaradio\/2013\/02\/13\/amparo-en-contra-de-la-reforma-laboral\/"]}]},{"@type":"BreadcrumbList","@id":"https:\/\/noticias.imer.mx\/antenaradio\/2013\/02\/13\/amparo-en-contra-de-la-reforma-laboral\/#breadcrumb","itemListElement":[{"@type":"ListItem","position":1,"name":"Home","item":"https:\/\/noticias.imer.mx\/antenaradio\/"},{"@type":"ListItem","position":2,"name":"Amparo en contra de la reforma laboral"}]},{"@type":"WebSite","@id":"https:\/\/noticias.imer.mx\/antenaradio\/#website","url":"https:\/\/noticias.imer.mx\/antenaradio\/","name":"Antena Radio","description":"La forma m\u00e1s clara de entender la noticia","potentialAction":[{"@type":"SearchAction","target":{"@type":"EntryPoint","urlTemplate":"https:\/\/noticias.imer.mx\/antenaradio\/?s={search_term_string}"},"query-input":"required name=search_term_string"}],"inLanguage":"es"},{"@type":"Person","@id":"https:\/\/noticias.imer.mx\/antenaradio\/#\/schema\/person\/72de5454d165c5239bc56a49873e43c9","name":"IMER Noticias","url":"https:\/\/noticias.imer.mx\/antenaradio\/author\/antenaradio\/"}]}},"_links":{"self":[{"href":"https:\/\/noticias.imer.mx\/antenaradio\/wp-json\/wp\/v2\/posts\/21500"}],"collection":[{"href":"https:\/\/noticias.imer.mx\/antenaradio\/wp-json\/wp\/v2\/posts"}],"about":[{"href":"https:\/\/noticias.imer.mx\/antenaradio\/wp-json\/wp\/v2\/types\/post"}],"author":[{"embeddable":true,"href":"https:\/\/noticias.imer.mx\/antenaradio\/wp-json\/wp\/v2\/users\/8"}],"replies":[{"embeddable":true,"href":"https:\/\/noticias.imer.mx\/antenaradio\/wp-json\/wp\/v2\/comments?post=21500"}],"version-history":[{"count":1,"href":"https:\/\/noticias.imer.mx\/antenaradio\/wp-json\/wp\/v2\/posts\/21500\/revisions"}],"predecessor-version":[{"id":21503,"href":"https:\/\/noticias.imer.mx\/antenaradio\/wp-json\/wp\/v2\/posts\/21500\/revisions\/21503"}],"wp:attachment":[{"href":"https:\/\/noticias.imer.mx\/antenaradio\/wp-json\/wp\/v2\/media?parent=21500"}],"wp:term":[{"taxonomy":"category","embeddable":true,"href":"https:\/\/noticias.imer.mx\/antenaradio\/wp-json\/wp\/v2\/categories?post=21500"},{"taxonomy":"post_tag","embeddable":true,"href":"https:\/\/noticias.imer.mx\/antenaradio\/wp-json\/wp\/v2\/tags?post=21500"}],"curies":[{"name":"wp","href":"https:\/\/api.w.org\/{rel}","templated":true}]}}