{"id":21495,"date":"2013-02-13T11:06:14","date_gmt":"2013-02-13T17:06:14","guid":{"rendered":"http:\/\/www.blogs.imer.gob.mx\/antenaradio\/?p=21495"},"modified":"2013-02-13T11:38:00","modified_gmt":"2013-02-13T17:38:00","slug":"sobre-la-ley-de-amparo-consultamos-al-centro-de-derechos-humanos-miguel-agustin-pro-juarez","status":"publish","type":"post","link":"https:\/\/noticias.imer.mx\/antenaradio\/2013\/02\/13\/sobre-la-ley-de-amparo-consultamos-al-centro-de-derechos-humanos-miguel-agustin-pro-juarez\/","title":{"rendered":"Sobre la Ley de Amparo consultamos al Centro de Derechos Humanos Miguel Agust\u00edn Pro-Ju\u00e1rez"},"content":{"rendered":"<p><a href=\"http:\/\/snn.imer.gob.mx\/antenaradio\/files\/2013\/02\/Lay-de-Amparo-01.jpg\"><img decoding=\"async\" loading=\"lazy\" class=\"alignnone size-thumbnail wp-image-21497\" alt=\"Lay de Amparo 01\" src=\"http:\/\/snn.imer.gob.mx\/antenaradio\/files\/2013\/02\/Lay-de-Amparo-01-150x150.jpg\" width=\"150\" height=\"150\" \/><\/a><\/p>\n<p>Sobre el tema de la Ley de Amparo hablamos con el coordinador del \u00e1era de defensa integral del Centro de Derechos Humanos Miguel Agust\u00edn Pro Ju\u00e1rez, el licenciado <strong>Andr\u00e9s D\u00edaz<\/strong>.<\/p>\n<p><a href=\"http:\/\/snn.imer.gob.mx\/antenaradio\/files\/2013\/02\/13-FEBRERO-ANDR\u00c9S-D\u00cdAZ.mp3\">Descargue aqu\u00ed el audio de Andr\u00e9s D\u00edaz<\/a><\/p>\n","protected":false},"excerpt":{"rendered":"<p>Sobre el tema de la Ley de Amparo hablamos con el coordinador del \u00e1era de defensa integral del Centro de Derechos Humanos Miguel Agust\u00edn Pro Ju\u00e1rez, el licenciado Andr\u00e9s D\u00edaz. Descargue aqu\u00ed el audio de Andr\u00e9s D\u00edaz<\/p>\n","protected":false},"author":8,"featured_media":0,"comment_status":"open","ping_status":"open","sticky":false,"template":"","format":"standard","meta":{"wp_popup_display_lightbox":0,"wp_popup_suppress":"","wp_popup_trigger":"","wp_popup_trigger_amount":0,"wp_popup_disable_on_mobile":false},"categories":[5,4929],"tags":[4839,769,2787],"yoast_head":"<!-- This site is optimized with the Yoast SEO plugin v21.0 - https:\/\/yoast.com\/wordpress\/plugins\/seo\/ -->\n<title>Sobre la Ley de Amparo consultamos al Centro de Derechos Humanos Miguel Agust\u00edn Pro-Ju\u00e1rez - Antena Radio<\/title>\n<meta name=\"robots\" content=\"index, follow, max-snippet:-1, max-image-preview:large, max-video-preview:-1\" \/>\n<link rel=\"canonical\" href=\"https:\/\/noticias.imer.mx\/antenaradio\/2013\/02\/13\/sobre-la-ley-de-amparo-consultamos-al-centro-de-derechos-humanos-miguel-agustin-pro-juarez\/\" \/>\n<meta property=\"og:locale\" content=\"es_ES\" \/>\n<meta property=\"og:type\" content=\"article\" \/>\n<meta property=\"og:title\" content=\"Sobre la Ley de Amparo consultamos al Centro de Derechos Humanos Miguel Agust\u00edn Pro-Ju\u00e1rez - Antena Radio\" \/>\n<meta property=\"og:description\" content=\"Sobre el tema de la Ley de Amparo hablamos con el coordinador del \u00e1era de defensa integral del Centro de Derechos Humanos Miguel Agust\u00edn Pro Ju\u00e1rez, el licenciado Andr\u00e9s D\u00edaz. Descargue aqu\u00ed el audio de Andr\u00e9s D\u00edaz\" \/>\n<meta property=\"og:url\" content=\"https:\/\/noticias.imer.mx\/antenaradio\/2013\/02\/13\/sobre-la-ley-de-amparo-consultamos-al-centro-de-derechos-humanos-miguel-agustin-pro-juarez\/\" \/>\n<meta property=\"og:site_name\" content=\"Antena Radio\" \/>\n<meta property=\"article:published_time\" content=\"2013-02-13T17:06:14+00:00\" \/>\n<meta property=\"article:modified_time\" content=\"2013-02-13T17:38:00+00:00\" \/>\n<meta property=\"og:image\" content=\"http:\/\/snn.imer.gob.mx\/antenaradio\/files\/2013\/02\/Lay-de-Amparo-01-150x150.jpg\" \/>\n<meta name=\"author\" content=\"IMER Noticias\" \/>\n<meta name=\"twitter:card\" content=\"summary_large_image\" \/>\n<meta name=\"twitter:label1\" content=\"Escrito por\" \/>\n\t<meta name=\"twitter:data1\" content=\"IMER Noticias\" \/>\n<script type=\"application\/ld+json\" class=\"yoast-schema-graph\">{\"@context\":\"https:\/\/schema.org\",\"@graph\":[{\"@type\":\"WebPage\",\"@id\":\"https:\/\/noticias.imer.mx\/antenaradio\/2013\/02\/13\/sobre-la-ley-de-amparo-consultamos-al-centro-de-derechos-humanos-miguel-agustin-pro-juarez\/\",\"url\":\"https:\/\/noticias.imer.mx\/antenaradio\/2013\/02\/13\/sobre-la-ley-de-amparo-consultamos-al-centro-de-derechos-humanos-miguel-agustin-pro-juarez\/\",\"name\":\"Sobre la Ley de Amparo consultamos al Centro de Derechos Humanos Miguel Agust\u00edn Pro-Ju\u00e1rez - Antena Radio\",\"isPartOf\":{\"@id\":\"https:\/\/noticias.imer.mx\/antenaradio\/#website\"},\"datePublished\":\"2013-02-13T17:06:14+00:00\",\"dateModified\":\"2013-02-13T17:38:00+00:00\",\"author\":{\"@id\":\"https:\/\/noticias.imer.mx\/antenaradio\/#\/schema\/person\/72de5454d165c5239bc56a49873e43c9\"},\"breadcrumb\":{\"@id\":\"https:\/\/noticias.imer.mx\/antenaradio\/2013\/02\/13\/sobre-la-ley-de-amparo-consultamos-al-centro-de-derechos-humanos-miguel-agustin-pro-juarez\/#breadcrumb\"},\"inLanguage\":\"es\",\"potentialAction\":[{\"@type\":\"ReadAction\",\"target\":[\"https:\/\/noticias.imer.mx\/antenaradio\/2013\/02\/13\/sobre-la-ley-de-amparo-consultamos-al-centro-de-derechos-humanos-miguel-agustin-pro-juarez\/\"]}]},{\"@type\":\"BreadcrumbList\",\"@id\":\"https:\/\/noticias.imer.mx\/antenaradio\/2013\/02\/13\/sobre-la-ley-de-amparo-consultamos-al-centro-de-derechos-humanos-miguel-agustin-pro-juarez\/#breadcrumb\",\"itemListElement\":[{\"@type\":\"ListItem\",\"position\":1,\"name\":\"Home\",\"item\":\"https:\/\/noticias.imer.mx\/antenaradio\/\"},{\"@type\":\"ListItem\",\"position\":2,\"name\":\"Sobre la Ley de Amparo consultamos al Centro de Derechos Humanos Miguel Agust\u00edn Pro-Ju\u00e1rez\"}]},{\"@type\":\"WebSite\",\"@id\":\"https:\/\/noticias.imer.mx\/antenaradio\/#website\",\"url\":\"https:\/\/noticias.imer.mx\/antenaradio\/\",\"name\":\"Antena Radio\",\"description\":\"La forma m\u00e1s clara de entender la noticia\",\"potentialAction\":[{\"@type\":\"SearchAction\",\"target\":{\"@type\":\"EntryPoint\",\"urlTemplate\":\"https:\/\/noticias.imer.mx\/antenaradio\/?s={search_term_string}\"},\"query-input\":\"required name=search_term_string\"}],\"inLanguage\":\"es\"},{\"@type\":\"Person\",\"@id\":\"https:\/\/noticias.imer.mx\/antenaradio\/#\/schema\/person\/72de5454d165c5239bc56a49873e43c9\",\"name\":\"IMER Noticias\",\"url\":\"https:\/\/noticias.imer.mx\/antenaradio\/author\/antenaradio\/\"}]}<\/script>\n<!-- \/ Yoast SEO plugin. -->","yoast_head_json":{"title":"Sobre la Ley de Amparo consultamos al Centro de Derechos Humanos Miguel Agust\u00edn Pro-Ju\u00e1rez - Antena Radio","robots":{"index":"index","follow":"follow","max-snippet":"max-snippet:-1","max-image-preview":"max-image-preview:large","max-video-preview":"max-video-preview:-1"},"canonical":"https:\/\/noticias.imer.mx\/antenaradio\/2013\/02\/13\/sobre-la-ley-de-amparo-consultamos-al-centro-de-derechos-humanos-miguel-agustin-pro-juarez\/","og_locale":"es_ES","og_type":"article","og_title":"Sobre la Ley de Amparo consultamos al Centro de Derechos Humanos Miguel Agust\u00edn Pro-Ju\u00e1rez - Antena Radio","og_description":"Sobre el tema de la Ley de Amparo hablamos con el coordinador del \u00e1era de defensa integral del Centro de Derechos Humanos Miguel Agust\u00edn Pro Ju\u00e1rez, el licenciado Andr\u00e9s D\u00edaz. Descargue aqu\u00ed el audio de Andr\u00e9s D\u00edaz","og_url":"https:\/\/noticias.imer.mx\/antenaradio\/2013\/02\/13\/sobre-la-ley-de-amparo-consultamos-al-centro-de-derechos-humanos-miguel-agustin-pro-juarez\/","og_site_name":"Antena Radio","article_published_time":"2013-02-13T17:06:14+00:00","article_modified_time":"2013-02-13T17:38:00+00:00","og_image":[{"url":"http:\/\/snn.imer.gob.mx\/antenaradio\/files\/2013\/02\/Lay-de-Amparo-01-150x150.jpg"}],"author":"IMER Noticias","twitter_card":"summary_large_image","twitter_misc":{"Escrito por":"IMER Noticias"},"schema":{"@context":"https:\/\/schema.org","@graph":[{"@type":"WebPage","@id":"https:\/\/noticias.imer.mx\/antenaradio\/2013\/02\/13\/sobre-la-ley-de-amparo-consultamos-al-centro-de-derechos-humanos-miguel-agustin-pro-juarez\/","url":"https:\/\/noticias.imer.mx\/antenaradio\/2013\/02\/13\/sobre-la-ley-de-amparo-consultamos-al-centro-de-derechos-humanos-miguel-agustin-pro-juarez\/","name":"Sobre la Ley de Amparo consultamos al Centro de Derechos Humanos Miguel Agust\u00edn Pro-Ju\u00e1rez - Antena Radio","isPartOf":{"@id":"https:\/\/noticias.imer.mx\/antenaradio\/#website"},"datePublished":"2013-02-13T17:06:14+00:00","dateModified":"2013-02-13T17:38:00+00:00","author":{"@id":"https:\/\/noticias.imer.mx\/antenaradio\/#\/schema\/person\/72de5454d165c5239bc56a49873e43c9"},"breadcrumb":{"@id":"https:\/\/noticias.imer.mx\/antenaradio\/2013\/02\/13\/sobre-la-ley-de-amparo-consultamos-al-centro-de-derechos-humanos-miguel-agustin-pro-juarez\/#breadcrumb"},"inLanguage":"es","potentialAction":[{"@type":"ReadAction","target":["https:\/\/noticias.imer.mx\/antenaradio\/2013\/02\/13\/sobre-la-ley-de-amparo-consultamos-al-centro-de-derechos-humanos-miguel-agustin-pro-juarez\/"]}]},{"@type":"BreadcrumbList","@id":"https:\/\/noticias.imer.mx\/antenaradio\/2013\/02\/13\/sobre-la-ley-de-amparo-consultamos-al-centro-de-derechos-humanos-miguel-agustin-pro-juarez\/#breadcrumb","itemListElement":[{"@type":"ListItem","position":1,"name":"Home","item":"https:\/\/noticias.imer.mx\/antenaradio\/"},{"@type":"ListItem","position":2,"name":"Sobre la Ley de Amparo consultamos al Centro de Derechos Humanos Miguel Agust\u00edn Pro-Ju\u00e1rez"}]},{"@type":"WebSite","@id":"https:\/\/noticias.imer.mx\/antenaradio\/#website","url":"https:\/\/noticias.imer.mx\/antenaradio\/","name":"Antena Radio","description":"La forma m\u00e1s clara de entender la noticia","potentialAction":[{"@type":"SearchAction","target":{"@type":"EntryPoint","urlTemplate":"https:\/\/noticias.imer.mx\/antenaradio\/?s={search_term_string}"},"query-input":"required name=search_term_string"}],"inLanguage":"es"},{"@type":"Person","@id":"https:\/\/noticias.imer.mx\/antenaradio\/#\/schema\/person\/72de5454d165c5239bc56a49873e43c9","name":"IMER Noticias","url":"https:\/\/noticias.imer.mx\/antenaradio\/author\/antenaradio\/"}]}},"_links":{"self":[{"href":"https:\/\/noticias.imer.mx\/antenaradio\/wp-json\/wp\/v2\/posts\/21495"}],"collection":[{"href":"https:\/\/noticias.imer.mx\/antenaradio\/wp-json\/wp\/v2\/posts"}],"about":[{"href":"https:\/\/noticias.imer.mx\/antenaradio\/wp-json\/wp\/v2\/types\/post"}],"author":[{"embeddable":true,"href":"https:\/\/noticias.imer.mx\/antenaradio\/wp-json\/wp\/v2\/users\/8"}],"replies":[{"embeddable":true,"href":"https:\/\/noticias.imer.mx\/antenaradio\/wp-json\/wp\/v2\/comments?post=21495"}],"version-history":[{"count":2,"href":"https:\/\/noticias.imer.mx\/antenaradio\/wp-json\/wp\/v2\/posts\/21495\/revisions"}],"predecessor-version":[{"id":21499,"href":"https:\/\/noticias.imer.mx\/antenaradio\/wp-json\/wp\/v2\/posts\/21495\/revisions\/21499"}],"wp:attachment":[{"href":"https:\/\/noticias.imer.mx\/antenaradio\/wp-json\/wp\/v2\/media?parent=21495"}],"wp:term":[{"taxonomy":"category","embeddable":true,"href":"https:\/\/noticias.imer.mx\/antenaradio\/wp-json\/wp\/v2\/categories?post=21495"},{"taxonomy":"post_tag","embeddable":true,"href":"https:\/\/noticias.imer.mx\/antenaradio\/wp-json\/wp\/v2\/tags?post=21495"}],"curies":[{"name":"wp","href":"https:\/\/api.w.org\/{rel}","templated":true}]}}