{"id":21430,"date":"2013-02-07T10:49:36","date_gmt":"2013-02-07T16:49:36","guid":{"rendered":"http:\/\/www.blogs.imer.gob.mx\/antenaradio\/?p=21430"},"modified":"2013-02-07T11:36:28","modified_gmt":"2013-02-07T17:36:28","slug":"devuelve-el-ife-a-la-unidad-de-fiscalizacion-el-dictamen-sobre-gastos-de-campana","status":"publish","type":"post","link":"https:\/\/noticias.imer.mx\/antenaradio\/2013\/02\/07\/devuelve-el-ife-a-la-unidad-de-fiscalizacion-el-dictamen-sobre-gastos-de-campana\/","title":{"rendered":"Devuelve el IFE a la Unidad de Fiscalizaci\u00f3n el dictamen sobre gastos de campa\u00f1a"},"content":{"rendered":"<p><a href=\"http:\/\/snn.imer.gob.mx\/antenaradio\/files\/2013\/02\/Alfredo-Figueroa-02.jpg\"><img decoding=\"async\" loading=\"lazy\" class=\"alignnone size-thumbnail wp-image-21432\" alt=\"ALFREDO FIGUEROA\" src=\"http:\/\/snn.imer.gob.mx\/antenaradio\/files\/2013\/02\/Alfredo-Figueroa-02-150x150.jpg\" width=\"150\" height=\"150\" \/><\/a><\/p>\n<p>El maestro <strong>Alfredo Figueroa Fern\u00e1ndez<\/strong>, consejero del Instituto Federal Electoral convers\u00f3 con nosotros sobre la determinaci\u00f3n del Consejo General del IFE en torno a del dictamen de gastos de campa\u00f1a.<\/p>\n<p><a href=\"http:\/\/snn.imer.gob.mx\/antenaradio\/files\/2013\/02\/07-FEBRERO-ALFREDO-FIGUEROA.mp3\">Descargue aqu\u00ed el audio de Alfredo Figueroa<\/a><\/p>\n","protected":false},"excerpt":{"rendered":"<p>El maestro Alfredo Figueroa Fern\u00e1ndez, consejero del Instituto Federal Electoral convers\u00f3 con nosotros sobre la determinaci\u00f3n del Consejo General del IFE en torno a del dictamen de gastos de campa\u00f1a. Descargue aqu\u00ed el audio de Alfredo Figueroa<\/p>\n","protected":false},"author":8,"featured_media":0,"comment_status":"open","ping_status":"open","sticky":false,"template":"","format":"standard","meta":{"wp_popup_display_lightbox":0,"wp_popup_suppress":"","wp_popup_trigger":"","wp_popup_trigger_amount":0,"wp_popup_disable_on_mobile":false},"categories":[5,4929],"tags":[7060,7062,7061],"yoast_head":"<!-- This site is optimized with the Yoast SEO plugin v21.0 - https:\/\/yoast.com\/wordpress\/plugins\/seo\/ -->\n<title>Devuelve el IFE a la Unidad de Fiscalizaci\u00f3n el dictamen sobre gastos de campa\u00f1a - Antena Radio<\/title>\n<meta name=\"robots\" content=\"index, follow, max-snippet:-1, max-image-preview:large, max-video-preview:-1\" \/>\n<link rel=\"canonical\" href=\"https:\/\/noticias.imer.mx\/antenaradio\/2013\/02\/07\/devuelve-el-ife-a-la-unidad-de-fiscalizacion-el-dictamen-sobre-gastos-de-campana\/\" \/>\n<meta property=\"og:locale\" content=\"es_ES\" \/>\n<meta property=\"og:type\" content=\"article\" \/>\n<meta property=\"og:title\" content=\"Devuelve el IFE a la Unidad de Fiscalizaci\u00f3n el dictamen sobre gastos de campa\u00f1a - Antena Radio\" \/>\n<meta property=\"og:description\" content=\"El maestro Alfredo Figueroa Fern\u00e1ndez, consejero del Instituto Federal Electoral convers\u00f3 con nosotros sobre la determinaci\u00f3n del Consejo General del IFE en torno a del dictamen de gastos de campa\u00f1a. Descargue aqu\u00ed el audio de Alfredo Figueroa\" \/>\n<meta property=\"og:url\" content=\"https:\/\/noticias.imer.mx\/antenaradio\/2013\/02\/07\/devuelve-el-ife-a-la-unidad-de-fiscalizacion-el-dictamen-sobre-gastos-de-campana\/\" \/>\n<meta property=\"og:site_name\" content=\"Antena Radio\" \/>\n<meta property=\"article:published_time\" content=\"2013-02-07T16:49:36+00:00\" \/>\n<meta property=\"article:modified_time\" content=\"2013-02-07T17:36:28+00:00\" \/>\n<meta property=\"og:image\" content=\"http:\/\/snn.imer.gob.mx\/antenaradio\/files\/2013\/02\/Alfredo-Figueroa-02-150x150.jpg\" \/>\n<meta name=\"author\" content=\"IMER Noticias\" \/>\n<meta name=\"twitter:card\" content=\"summary_large_image\" \/>\n<meta name=\"twitter:label1\" content=\"Escrito por\" \/>\n\t<meta name=\"twitter:data1\" content=\"IMER Noticias\" \/>\n<script type=\"application\/ld+json\" class=\"yoast-schema-graph\">{\"@context\":\"https:\/\/schema.org\",\"@graph\":[{\"@type\":\"WebPage\",\"@id\":\"https:\/\/noticias.imer.mx\/antenaradio\/2013\/02\/07\/devuelve-el-ife-a-la-unidad-de-fiscalizacion-el-dictamen-sobre-gastos-de-campana\/\",\"url\":\"https:\/\/noticias.imer.mx\/antenaradio\/2013\/02\/07\/devuelve-el-ife-a-la-unidad-de-fiscalizacion-el-dictamen-sobre-gastos-de-campana\/\",\"name\":\"Devuelve el IFE a la Unidad de Fiscalizaci\u00f3n el dictamen sobre gastos de campa\u00f1a - Antena Radio\",\"isPartOf\":{\"@id\":\"https:\/\/noticias.imer.mx\/antenaradio\/#website\"},\"datePublished\":\"2013-02-07T16:49:36+00:00\",\"dateModified\":\"2013-02-07T17:36:28+00:00\",\"author\":{\"@id\":\"https:\/\/noticias.imer.mx\/antenaradio\/#\/schema\/person\/72de5454d165c5239bc56a49873e43c9\"},\"breadcrumb\":{\"@id\":\"https:\/\/noticias.imer.mx\/antenaradio\/2013\/02\/07\/devuelve-el-ife-a-la-unidad-de-fiscalizacion-el-dictamen-sobre-gastos-de-campana\/#breadcrumb\"},\"inLanguage\":\"es\",\"potentialAction\":[{\"@type\":\"ReadAction\",\"target\":[\"https:\/\/noticias.imer.mx\/antenaradio\/2013\/02\/07\/devuelve-el-ife-a-la-unidad-de-fiscalizacion-el-dictamen-sobre-gastos-de-campana\/\"]}]},{\"@type\":\"BreadcrumbList\",\"@id\":\"https:\/\/noticias.imer.mx\/antenaradio\/2013\/02\/07\/devuelve-el-ife-a-la-unidad-de-fiscalizacion-el-dictamen-sobre-gastos-de-campana\/#breadcrumb\",\"itemListElement\":[{\"@type\":\"ListItem\",\"position\":1,\"name\":\"Home\",\"item\":\"https:\/\/noticias.imer.mx\/antenaradio\/\"},{\"@type\":\"ListItem\",\"position\":2,\"name\":\"Devuelve el IFE a la Unidad de Fiscalizaci\u00f3n el dictamen sobre gastos de campa\u00f1a\"}]},{\"@type\":\"WebSite\",\"@id\":\"https:\/\/noticias.imer.mx\/antenaradio\/#website\",\"url\":\"https:\/\/noticias.imer.mx\/antenaradio\/\",\"name\":\"Antena Radio\",\"description\":\"La forma m\u00e1s clara de entender la noticia\",\"potentialAction\":[{\"@type\":\"SearchAction\",\"target\":{\"@type\":\"EntryPoint\",\"urlTemplate\":\"https:\/\/noticias.imer.mx\/antenaradio\/?s={search_term_string}\"},\"query-input\":\"required name=search_term_string\"}],\"inLanguage\":\"es\"},{\"@type\":\"Person\",\"@id\":\"https:\/\/noticias.imer.mx\/antenaradio\/#\/schema\/person\/72de5454d165c5239bc56a49873e43c9\",\"name\":\"IMER Noticias\",\"url\":\"https:\/\/noticias.imer.mx\/antenaradio\/author\/antenaradio\/\"}]}<\/script>\n<!-- \/ Yoast SEO plugin. -->","yoast_head_json":{"title":"Devuelve el IFE a la Unidad de Fiscalizaci\u00f3n el dictamen sobre gastos de campa\u00f1a - Antena Radio","robots":{"index":"index","follow":"follow","max-snippet":"max-snippet:-1","max-image-preview":"max-image-preview:large","max-video-preview":"max-video-preview:-1"},"canonical":"https:\/\/noticias.imer.mx\/antenaradio\/2013\/02\/07\/devuelve-el-ife-a-la-unidad-de-fiscalizacion-el-dictamen-sobre-gastos-de-campana\/","og_locale":"es_ES","og_type":"article","og_title":"Devuelve el IFE a la Unidad de Fiscalizaci\u00f3n el dictamen sobre gastos de campa\u00f1a - Antena Radio","og_description":"El maestro Alfredo Figueroa Fern\u00e1ndez, consejero del Instituto Federal Electoral convers\u00f3 con nosotros sobre la determinaci\u00f3n del Consejo General del IFE en torno a del dictamen de gastos de campa\u00f1a. Descargue aqu\u00ed el audio de Alfredo Figueroa","og_url":"https:\/\/noticias.imer.mx\/antenaradio\/2013\/02\/07\/devuelve-el-ife-a-la-unidad-de-fiscalizacion-el-dictamen-sobre-gastos-de-campana\/","og_site_name":"Antena Radio","article_published_time":"2013-02-07T16:49:36+00:00","article_modified_time":"2013-02-07T17:36:28+00:00","og_image":[{"url":"http:\/\/snn.imer.gob.mx\/antenaradio\/files\/2013\/02\/Alfredo-Figueroa-02-150x150.jpg"}],"author":"IMER Noticias","twitter_card":"summary_large_image","twitter_misc":{"Escrito por":"IMER Noticias"},"schema":{"@context":"https:\/\/schema.org","@graph":[{"@type":"WebPage","@id":"https:\/\/noticias.imer.mx\/antenaradio\/2013\/02\/07\/devuelve-el-ife-a-la-unidad-de-fiscalizacion-el-dictamen-sobre-gastos-de-campana\/","url":"https:\/\/noticias.imer.mx\/antenaradio\/2013\/02\/07\/devuelve-el-ife-a-la-unidad-de-fiscalizacion-el-dictamen-sobre-gastos-de-campana\/","name":"Devuelve el IFE a la Unidad de Fiscalizaci\u00f3n el dictamen sobre gastos de campa\u00f1a - Antena Radio","isPartOf":{"@id":"https:\/\/noticias.imer.mx\/antenaradio\/#website"},"datePublished":"2013-02-07T16:49:36+00:00","dateModified":"2013-02-07T17:36:28+00:00","author":{"@id":"https:\/\/noticias.imer.mx\/antenaradio\/#\/schema\/person\/72de5454d165c5239bc56a49873e43c9"},"breadcrumb":{"@id":"https:\/\/noticias.imer.mx\/antenaradio\/2013\/02\/07\/devuelve-el-ife-a-la-unidad-de-fiscalizacion-el-dictamen-sobre-gastos-de-campana\/#breadcrumb"},"inLanguage":"es","potentialAction":[{"@type":"ReadAction","target":["https:\/\/noticias.imer.mx\/antenaradio\/2013\/02\/07\/devuelve-el-ife-a-la-unidad-de-fiscalizacion-el-dictamen-sobre-gastos-de-campana\/"]}]},{"@type":"BreadcrumbList","@id":"https:\/\/noticias.imer.mx\/antenaradio\/2013\/02\/07\/devuelve-el-ife-a-la-unidad-de-fiscalizacion-el-dictamen-sobre-gastos-de-campana\/#breadcrumb","itemListElement":[{"@type":"ListItem","position":1,"name":"Home","item":"https:\/\/noticias.imer.mx\/antenaradio\/"},{"@type":"ListItem","position":2,"name":"Devuelve el IFE a la Unidad de Fiscalizaci\u00f3n el dictamen sobre gastos de campa\u00f1a"}]},{"@type":"WebSite","@id":"https:\/\/noticias.imer.mx\/antenaradio\/#website","url":"https:\/\/noticias.imer.mx\/antenaradio\/","name":"Antena Radio","description":"La forma m\u00e1s clara de entender la noticia","potentialAction":[{"@type":"SearchAction","target":{"@type":"EntryPoint","urlTemplate":"https:\/\/noticias.imer.mx\/antenaradio\/?s={search_term_string}"},"query-input":"required name=search_term_string"}],"inLanguage":"es"},{"@type":"Person","@id":"https:\/\/noticias.imer.mx\/antenaradio\/#\/schema\/person\/72de5454d165c5239bc56a49873e43c9","name":"IMER Noticias","url":"https:\/\/noticias.imer.mx\/antenaradio\/author\/antenaradio\/"}]}},"_links":{"self":[{"href":"https:\/\/noticias.imer.mx\/antenaradio\/wp-json\/wp\/v2\/posts\/21430"}],"collection":[{"href":"https:\/\/noticias.imer.mx\/antenaradio\/wp-json\/wp\/v2\/posts"}],"about":[{"href":"https:\/\/noticias.imer.mx\/antenaradio\/wp-json\/wp\/v2\/types\/post"}],"author":[{"embeddable":true,"href":"https:\/\/noticias.imer.mx\/antenaradio\/wp-json\/wp\/v2\/users\/8"}],"replies":[{"embeddable":true,"href":"https:\/\/noticias.imer.mx\/antenaradio\/wp-json\/wp\/v2\/comments?post=21430"}],"version-history":[{"count":1,"href":"https:\/\/noticias.imer.mx\/antenaradio\/wp-json\/wp\/v2\/posts\/21430\/revisions"}],"predecessor-version":[{"id":21433,"href":"https:\/\/noticias.imer.mx\/antenaradio\/wp-json\/wp\/v2\/posts\/21430\/revisions\/21433"}],"wp:attachment":[{"href":"https:\/\/noticias.imer.mx\/antenaradio\/wp-json\/wp\/v2\/media?parent=21430"}],"wp:term":[{"taxonomy":"category","embeddable":true,"href":"https:\/\/noticias.imer.mx\/antenaradio\/wp-json\/wp\/v2\/categories?post=21430"},{"taxonomy":"post_tag","embeddable":true,"href":"https:\/\/noticias.imer.mx\/antenaradio\/wp-json\/wp\/v2\/tags?post=21430"}],"curies":[{"name":"wp","href":"https:\/\/api.w.org\/{rel}","templated":true}]}}