{"id":21392,"date":"2013-02-01T11:17:07","date_gmt":"2013-02-01T17:17:07","guid":{"rendered":"http:\/\/www.blogs.imer.gob.mx\/antenaradio\/?p=21392"},"modified":"2013-02-01T12:16:43","modified_gmt":"2013-02-01T18:16:43","slug":"manejo-de-la-informacion-sobre-la-explosion-en-pemex","status":"publish","type":"post","link":"https:\/\/noticias.imer.mx\/antenaradio\/2013\/02\/01\/manejo-de-la-informacion-sobre-la-explosion-en-pemex\/","title":{"rendered":"Manejo de la informaci\u00f3n sobre la explosi\u00f3n en Pemex"},"content":{"rendered":"<p><a href=\"http:\/\/snn.imer.gob.mx\/antenaradio\/files\/2013\/02\/Ra\u00fal-Trejo-Delarbre-01.jpg\"><img decoding=\"async\" loading=\"lazy\" class=\"alignnone size-thumbnail wp-image-21394\" alt=\"Ra\u00fal Trejo Delarbre 01\" src=\"http:\/\/snn.imer.gob.mx\/antenaradio\/files\/2013\/02\/Ra\u00fal-Trejo-Delarbre-01-150x150.jpg\" width=\"150\" height=\"150\" \/><\/a><\/p>\n<p>El doctor <strong>Ra\u00fal Trejo Delarbre<\/strong>, investigador del Insituto de Investigaciones Sociales de la UNAM, convers\u00f3 con nosotros sobre el manejo de informaci\u00f3n sobre la explosi\u00f3n de Pemex.<\/p>\n<p><a href=\"http:\/\/snn.imer.gob.mx\/antenaradio\/files\/2013\/02\/01-FEBRERO-RAUL-TREJO.mp3\">Descargue aqu\u00ed el audio de Ra\u00fal Trejo Delarbre<\/a><\/p>\n","protected":false},"excerpt":{"rendered":"<p>El doctor Ra\u00fal Trejo Delarbre, investigador del Insituto de Investigaciones Sociales de la UNAM, convers\u00f3 con nosotros sobre el manejo de informaci\u00f3n sobre la explosi\u00f3n de Pemex. Descargue aqu\u00ed el audio de Ra\u00fal Trejo Delarbre<\/p>\n","protected":false},"author":8,"featured_media":0,"comment_status":"open","ping_status":"open","sticky":false,"template":"","format":"standard","meta":{"wp_popup_display_lightbox":0,"wp_popup_suppress":"","wp_popup_trigger":"","wp_popup_trigger_amount":0,"wp_popup_disable_on_mobile":false},"categories":[5,4929],"tags":[7052,3824],"yoast_head":"<!-- This site is optimized with the Yoast SEO plugin v21.0 - https:\/\/yoast.com\/wordpress\/plugins\/seo\/ -->\n<title>Manejo de la informaci\u00f3n sobre la explosi\u00f3n en Pemex  - Antena Radio<\/title>\n<meta name=\"robots\" content=\"index, follow, max-snippet:-1, max-image-preview:large, max-video-preview:-1\" \/>\n<link rel=\"canonical\" href=\"https:\/\/noticias.imer.mx\/antenaradio\/2013\/02\/01\/manejo-de-la-informacion-sobre-la-explosion-en-pemex\/\" \/>\n<meta property=\"og:locale\" content=\"es_ES\" \/>\n<meta property=\"og:type\" content=\"article\" \/>\n<meta property=\"og:title\" content=\"Manejo de la informaci\u00f3n sobre la explosi\u00f3n en Pemex  - Antena Radio\" \/>\n<meta property=\"og:description\" content=\"El doctor Ra\u00fal Trejo Delarbre, investigador del Insituto de Investigaciones Sociales de la UNAM, convers\u00f3 con nosotros sobre el manejo de informaci\u00f3n sobre la explosi\u00f3n de Pemex. Descargue aqu\u00ed el audio de Ra\u00fal Trejo Delarbre\" \/>\n<meta property=\"og:url\" content=\"https:\/\/noticias.imer.mx\/antenaradio\/2013\/02\/01\/manejo-de-la-informacion-sobre-la-explosion-en-pemex\/\" \/>\n<meta property=\"og:site_name\" content=\"Antena Radio\" \/>\n<meta property=\"article:published_time\" content=\"2013-02-01T17:17:07+00:00\" \/>\n<meta property=\"article:modified_time\" content=\"2013-02-01T18:16:43+00:00\" \/>\n<meta name=\"author\" content=\"IMER Noticias\" \/>\n<meta name=\"twitter:card\" content=\"summary_large_image\" \/>\n<meta name=\"twitter:label1\" content=\"Escrito por\" \/>\n\t<meta name=\"twitter:data1\" content=\"IMER Noticias\" \/>\n<script type=\"application\/ld+json\" class=\"yoast-schema-graph\">{\"@context\":\"https:\/\/schema.org\",\"@graph\":[{\"@type\":\"WebPage\",\"@id\":\"https:\/\/noticias.imer.mx\/antenaradio\/2013\/02\/01\/manejo-de-la-informacion-sobre-la-explosion-en-pemex\/\",\"url\":\"https:\/\/noticias.imer.mx\/antenaradio\/2013\/02\/01\/manejo-de-la-informacion-sobre-la-explosion-en-pemex\/\",\"name\":\"Manejo de la informaci\u00f3n sobre la explosi\u00f3n en Pemex - Antena Radio\",\"isPartOf\":{\"@id\":\"https:\/\/noticias.imer.mx\/antenaradio\/#website\"},\"datePublished\":\"2013-02-01T17:17:07+00:00\",\"dateModified\":\"2013-02-01T18:16:43+00:00\",\"author\":{\"@id\":\"https:\/\/noticias.imer.mx\/antenaradio\/#\/schema\/person\/72de5454d165c5239bc56a49873e43c9\"},\"breadcrumb\":{\"@id\":\"https:\/\/noticias.imer.mx\/antenaradio\/2013\/02\/01\/manejo-de-la-informacion-sobre-la-explosion-en-pemex\/#breadcrumb\"},\"inLanguage\":\"es\",\"potentialAction\":[{\"@type\":\"ReadAction\",\"target\":[\"https:\/\/noticias.imer.mx\/antenaradio\/2013\/02\/01\/manejo-de-la-informacion-sobre-la-explosion-en-pemex\/\"]}]},{\"@type\":\"BreadcrumbList\",\"@id\":\"https:\/\/noticias.imer.mx\/antenaradio\/2013\/02\/01\/manejo-de-la-informacion-sobre-la-explosion-en-pemex\/#breadcrumb\",\"itemListElement\":[{\"@type\":\"ListItem\",\"position\":1,\"name\":\"Home\",\"item\":\"https:\/\/noticias.imer.mx\/antenaradio\/\"},{\"@type\":\"ListItem\",\"position\":2,\"name\":\"Manejo de la informaci\u00f3n sobre la explosi\u00f3n en Pemex\"}]},{\"@type\":\"WebSite\",\"@id\":\"https:\/\/noticias.imer.mx\/antenaradio\/#website\",\"url\":\"https:\/\/noticias.imer.mx\/antenaradio\/\",\"name\":\"Antena Radio\",\"description\":\"La forma m\u00e1s clara de entender la noticia\",\"potentialAction\":[{\"@type\":\"SearchAction\",\"target\":{\"@type\":\"EntryPoint\",\"urlTemplate\":\"https:\/\/noticias.imer.mx\/antenaradio\/?s={search_term_string}\"},\"query-input\":\"required name=search_term_string\"}],\"inLanguage\":\"es\"},{\"@type\":\"Person\",\"@id\":\"https:\/\/noticias.imer.mx\/antenaradio\/#\/schema\/person\/72de5454d165c5239bc56a49873e43c9\",\"name\":\"IMER Noticias\",\"url\":\"https:\/\/noticias.imer.mx\/antenaradio\/author\/antenaradio\/\"}]}<\/script>\n<!-- \/ Yoast SEO plugin. -->","yoast_head_json":{"title":"Manejo de la informaci\u00f3n sobre la explosi\u00f3n en Pemex  - Antena Radio","robots":{"index":"index","follow":"follow","max-snippet":"max-snippet:-1","max-image-preview":"max-image-preview:large","max-video-preview":"max-video-preview:-1"},"canonical":"https:\/\/noticias.imer.mx\/antenaradio\/2013\/02\/01\/manejo-de-la-informacion-sobre-la-explosion-en-pemex\/","og_locale":"es_ES","og_type":"article","og_title":"Manejo de la informaci\u00f3n sobre la explosi\u00f3n en Pemex  - Antena Radio","og_description":"El doctor Ra\u00fal Trejo Delarbre, investigador del Insituto de Investigaciones Sociales de la UNAM, convers\u00f3 con nosotros sobre el manejo de informaci\u00f3n sobre la explosi\u00f3n de Pemex. Descargue aqu\u00ed el audio de Ra\u00fal Trejo Delarbre","og_url":"https:\/\/noticias.imer.mx\/antenaradio\/2013\/02\/01\/manejo-de-la-informacion-sobre-la-explosion-en-pemex\/","og_site_name":"Antena Radio","article_published_time":"2013-02-01T17:17:07+00:00","article_modified_time":"2013-02-01T18:16:43+00:00","author":"IMER Noticias","twitter_card":"summary_large_image","twitter_misc":{"Escrito por":"IMER Noticias"},"schema":{"@context":"https:\/\/schema.org","@graph":[{"@type":"WebPage","@id":"https:\/\/noticias.imer.mx\/antenaradio\/2013\/02\/01\/manejo-de-la-informacion-sobre-la-explosion-en-pemex\/","url":"https:\/\/noticias.imer.mx\/antenaradio\/2013\/02\/01\/manejo-de-la-informacion-sobre-la-explosion-en-pemex\/","name":"Manejo de la informaci\u00f3n sobre la explosi\u00f3n en Pemex - Antena Radio","isPartOf":{"@id":"https:\/\/noticias.imer.mx\/antenaradio\/#website"},"datePublished":"2013-02-01T17:17:07+00:00","dateModified":"2013-02-01T18:16:43+00:00","author":{"@id":"https:\/\/noticias.imer.mx\/antenaradio\/#\/schema\/person\/72de5454d165c5239bc56a49873e43c9"},"breadcrumb":{"@id":"https:\/\/noticias.imer.mx\/antenaradio\/2013\/02\/01\/manejo-de-la-informacion-sobre-la-explosion-en-pemex\/#breadcrumb"},"inLanguage":"es","potentialAction":[{"@type":"ReadAction","target":["https:\/\/noticias.imer.mx\/antenaradio\/2013\/02\/01\/manejo-de-la-informacion-sobre-la-explosion-en-pemex\/"]}]},{"@type":"BreadcrumbList","@id":"https:\/\/noticias.imer.mx\/antenaradio\/2013\/02\/01\/manejo-de-la-informacion-sobre-la-explosion-en-pemex\/#breadcrumb","itemListElement":[{"@type":"ListItem","position":1,"name":"Home","item":"https:\/\/noticias.imer.mx\/antenaradio\/"},{"@type":"ListItem","position":2,"name":"Manejo de la informaci\u00f3n sobre la explosi\u00f3n en Pemex"}]},{"@type":"WebSite","@id":"https:\/\/noticias.imer.mx\/antenaradio\/#website","url":"https:\/\/noticias.imer.mx\/antenaradio\/","name":"Antena Radio","description":"La forma m\u00e1s clara de entender la noticia","potentialAction":[{"@type":"SearchAction","target":{"@type":"EntryPoint","urlTemplate":"https:\/\/noticias.imer.mx\/antenaradio\/?s={search_term_string}"},"query-input":"required name=search_term_string"}],"inLanguage":"es"},{"@type":"Person","@id":"https:\/\/noticias.imer.mx\/antenaradio\/#\/schema\/person\/72de5454d165c5239bc56a49873e43c9","name":"IMER Noticias","url":"https:\/\/noticias.imer.mx\/antenaradio\/author\/antenaradio\/"}]}},"_links":{"self":[{"href":"https:\/\/noticias.imer.mx\/antenaradio\/wp-json\/wp\/v2\/posts\/21392"}],"collection":[{"href":"https:\/\/noticias.imer.mx\/antenaradio\/wp-json\/wp\/v2\/posts"}],"about":[{"href":"https:\/\/noticias.imer.mx\/antenaradio\/wp-json\/wp\/v2\/types\/post"}],"author":[{"embeddable":true,"href":"https:\/\/noticias.imer.mx\/antenaradio\/wp-json\/wp\/v2\/users\/8"}],"replies":[{"embeddable":true,"href":"https:\/\/noticias.imer.mx\/antenaradio\/wp-json\/wp\/v2\/comments?post=21392"}],"version-history":[{"count":1,"href":"https:\/\/noticias.imer.mx\/antenaradio\/wp-json\/wp\/v2\/posts\/21392\/revisions"}],"predecessor-version":[{"id":21395,"href":"https:\/\/noticias.imer.mx\/antenaradio\/wp-json\/wp\/v2\/posts\/21392\/revisions\/21395"}],"wp:attachment":[{"href":"https:\/\/noticias.imer.mx\/antenaradio\/wp-json\/wp\/v2\/media?parent=21392"}],"wp:term":[{"taxonomy":"category","embeddable":true,"href":"https:\/\/noticias.imer.mx\/antenaradio\/wp-json\/wp\/v2\/categories?post=21392"},{"taxonomy":"post_tag","embeddable":true,"href":"https:\/\/noticias.imer.mx\/antenaradio\/wp-json\/wp\/v2\/tags?post=21392"}],"curies":[{"name":"wp","href":"https:\/\/api.w.org\/{rel}","templated":true}]}}