{"id":21373,"date":"2013-01-31T20:41:16","date_gmt":"2013-02-01T02:41:16","guid":{"rendered":"http:\/\/www.blogs.imer.gob.mx\/antenaradio\/?p=21373"},"modified":"2013-05-14T03:15:18","modified_gmt":"2013-05-14T08:15:18","slug":"reunion-de-senadores-del-prd-con-el-secretario-de-hacienda-luis-videgaray","status":"publish","type":"post","link":"https:\/\/noticias.imer.mx\/antenaradio\/2013\/01\/31\/reunion-de-senadores-del-prd-con-el-secretario-de-hacienda-luis-videgaray\/","title":{"rendered":"Reuni\u00f3n de senadores del PRD con el secretario de Hacienda, Luis Videgaray"},"content":{"rendered":"<p><a href=\"http:\/\/snn.imer.gob.mx\/antenaradio\/files\/2013\/01\/videgaray.jpg\"><img decoding=\"async\" loading=\"lazy\" class=\"alignnone size-thumbnail wp-image-21375\" alt=\"videgaray\" src=\"http:\/\/snn.imer.gob.mx\/antenaradio\/files\/2013\/01\/videgaray-150x150.jpg\" width=\"150\" height=\"150\" \/><\/a><\/p>\n<p>El senador Miguel Barbosa, coordinador del grupo parlamentario del PRD en el Senado de la Rep\u00fablica, convers\u00f3 sobre la reuni\u00f3n de los senadores del PRD con\u00a0 el secretario de Hacienda, Luis Videgaray<\/p>\n<p><a href=\"http:\/\/snn.imer.gob.mx\/antenaradio\/files\/2013\/01\/BARBOSA.mp3\">Descarga el audio de Miguel Barbosa<\/a><\/p>\n","protected":false},"excerpt":{"rendered":"<p>El senador Miguel Barbosa, coordinador del grupo parlamentario del PRD en el Senado de la Rep\u00fablica, convers\u00f3 sobre la reuni\u00f3n de los senadores del PRD con\u00a0 el secretario de Hacienda, Luis Videgaray Descarga el audio de Miguel Barbosa<\/p>\n","protected":false},"author":8,"featured_media":0,"comment_status":"open","ping_status":"open","sticky":false,"template":"","format":"standard","meta":{"wp_popup_display_lightbox":0,"wp_popup_suppress":"","wp_popup_trigger":"","wp_popup_trigger_amount":0,"wp_popup_disable_on_mobile":false},"categories":[8093,7265,4939],"tags":[7046,7045,7044,2926],"yoast_head":"<!-- This site is optimized with the Yoast SEO plugin v21.0 - https:\/\/yoast.com\/wordpress\/plugins\/seo\/ -->\n<title>Reuni\u00f3n de senadores del PRD con el secretario de Hacienda, Luis Videgaray - Antena Radio<\/title>\n<meta name=\"robots\" content=\"index, follow, max-snippet:-1, max-image-preview:large, max-video-preview:-1\" \/>\n<link rel=\"canonical\" href=\"https:\/\/noticias.imer.mx\/antenaradio\/2013\/01\/31\/reunion-de-senadores-del-prd-con-el-secretario-de-hacienda-luis-videgaray\/\" \/>\n<meta property=\"og:locale\" content=\"es_ES\" \/>\n<meta property=\"og:type\" content=\"article\" \/>\n<meta property=\"og:title\" content=\"Reuni\u00f3n de senadores del PRD con el secretario de Hacienda, Luis Videgaray - Antena Radio\" \/>\n<meta property=\"og:description\" content=\"El senador Miguel Barbosa, coordinador del grupo parlamentario del PRD en el Senado de la Rep\u00fablica, convers\u00f3 sobre la reuni\u00f3n de los senadores del PRD con\u00a0 el secretario de Hacienda, Luis Videgaray Descarga el audio de Miguel Barbosa\" \/>\n<meta property=\"og:url\" content=\"https:\/\/noticias.imer.mx\/antenaradio\/2013\/01\/31\/reunion-de-senadores-del-prd-con-el-secretario-de-hacienda-luis-videgaray\/\" \/>\n<meta property=\"og:site_name\" content=\"Antena Radio\" \/>\n<meta property=\"article:published_time\" content=\"2013-02-01T02:41:16+00:00\" \/>\n<meta property=\"article:modified_time\" content=\"2013-05-14T08:15:18+00:00\" \/>\n<meta property=\"og:image\" content=\"http:\/\/snn.imer.gob.mx\/antenaradio\/files\/2013\/01\/videgaray-150x150.jpg\" \/>\n<meta name=\"author\" content=\"IMER Noticias\" \/>\n<meta name=\"twitter:card\" content=\"summary_large_image\" \/>\n<meta name=\"twitter:label1\" content=\"Escrito por\" \/>\n\t<meta name=\"twitter:data1\" content=\"IMER Noticias\" \/>\n<script type=\"application\/ld+json\" class=\"yoast-schema-graph\">{\"@context\":\"https:\/\/schema.org\",\"@graph\":[{\"@type\":\"WebPage\",\"@id\":\"https:\/\/noticias.imer.mx\/antenaradio\/2013\/01\/31\/reunion-de-senadores-del-prd-con-el-secretario-de-hacienda-luis-videgaray\/\",\"url\":\"https:\/\/noticias.imer.mx\/antenaradio\/2013\/01\/31\/reunion-de-senadores-del-prd-con-el-secretario-de-hacienda-luis-videgaray\/\",\"name\":\"Reuni\u00f3n de senadores del PRD con el secretario de Hacienda, Luis Videgaray - Antena Radio\",\"isPartOf\":{\"@id\":\"https:\/\/noticias.imer.mx\/antenaradio\/#website\"},\"datePublished\":\"2013-02-01T02:41:16+00:00\",\"dateModified\":\"2013-05-14T08:15:18+00:00\",\"author\":{\"@id\":\"https:\/\/noticias.imer.mx\/antenaradio\/#\/schema\/person\/72de5454d165c5239bc56a49873e43c9\"},\"breadcrumb\":{\"@id\":\"https:\/\/noticias.imer.mx\/antenaradio\/2013\/01\/31\/reunion-de-senadores-del-prd-con-el-secretario-de-hacienda-luis-videgaray\/#breadcrumb\"},\"inLanguage\":\"es\",\"potentialAction\":[{\"@type\":\"ReadAction\",\"target\":[\"https:\/\/noticias.imer.mx\/antenaradio\/2013\/01\/31\/reunion-de-senadores-del-prd-con-el-secretario-de-hacienda-luis-videgaray\/\"]}]},{\"@type\":\"BreadcrumbList\",\"@id\":\"https:\/\/noticias.imer.mx\/antenaradio\/2013\/01\/31\/reunion-de-senadores-del-prd-con-el-secretario-de-hacienda-luis-videgaray\/#breadcrumb\",\"itemListElement\":[{\"@type\":\"ListItem\",\"position\":1,\"name\":\"Home\",\"item\":\"https:\/\/noticias.imer.mx\/antenaradio\/\"},{\"@type\":\"ListItem\",\"position\":2,\"name\":\"Reuni\u00f3n de senadores del PRD con el secretario de Hacienda, Luis Videgaray\"}]},{\"@type\":\"WebSite\",\"@id\":\"https:\/\/noticias.imer.mx\/antenaradio\/#website\",\"url\":\"https:\/\/noticias.imer.mx\/antenaradio\/\",\"name\":\"Antena Radio\",\"description\":\"La forma m\u00e1s clara de entender la noticia\",\"potentialAction\":[{\"@type\":\"SearchAction\",\"target\":{\"@type\":\"EntryPoint\",\"urlTemplate\":\"https:\/\/noticias.imer.mx\/antenaradio\/?s={search_term_string}\"},\"query-input\":\"required name=search_term_string\"}],\"inLanguage\":\"es\"},{\"@type\":\"Person\",\"@id\":\"https:\/\/noticias.imer.mx\/antenaradio\/#\/schema\/person\/72de5454d165c5239bc56a49873e43c9\",\"name\":\"IMER Noticias\",\"url\":\"https:\/\/noticias.imer.mx\/antenaradio\/author\/antenaradio\/\"}]}<\/script>\n<!-- \/ Yoast SEO plugin. -->","yoast_head_json":{"title":"Reuni\u00f3n de senadores del PRD con el secretario de Hacienda, Luis Videgaray - Antena Radio","robots":{"index":"index","follow":"follow","max-snippet":"max-snippet:-1","max-image-preview":"max-image-preview:large","max-video-preview":"max-video-preview:-1"},"canonical":"https:\/\/noticias.imer.mx\/antenaradio\/2013\/01\/31\/reunion-de-senadores-del-prd-con-el-secretario-de-hacienda-luis-videgaray\/","og_locale":"es_ES","og_type":"article","og_title":"Reuni\u00f3n de senadores del PRD con el secretario de Hacienda, Luis Videgaray - Antena Radio","og_description":"El senador Miguel Barbosa, coordinador del grupo parlamentario del PRD en el Senado de la Rep\u00fablica, convers\u00f3 sobre la reuni\u00f3n de los senadores del PRD con\u00a0 el secretario de Hacienda, Luis Videgaray Descarga el audio de Miguel Barbosa","og_url":"https:\/\/noticias.imer.mx\/antenaradio\/2013\/01\/31\/reunion-de-senadores-del-prd-con-el-secretario-de-hacienda-luis-videgaray\/","og_site_name":"Antena Radio","article_published_time":"2013-02-01T02:41:16+00:00","article_modified_time":"2013-05-14T08:15:18+00:00","og_image":[{"url":"http:\/\/snn.imer.gob.mx\/antenaradio\/files\/2013\/01\/videgaray-150x150.jpg"}],"author":"IMER Noticias","twitter_card":"summary_large_image","twitter_misc":{"Escrito por":"IMER Noticias"},"schema":{"@context":"https:\/\/schema.org","@graph":[{"@type":"WebPage","@id":"https:\/\/noticias.imer.mx\/antenaradio\/2013\/01\/31\/reunion-de-senadores-del-prd-con-el-secretario-de-hacienda-luis-videgaray\/","url":"https:\/\/noticias.imer.mx\/antenaradio\/2013\/01\/31\/reunion-de-senadores-del-prd-con-el-secretario-de-hacienda-luis-videgaray\/","name":"Reuni\u00f3n de senadores del PRD con el secretario de Hacienda, Luis Videgaray - Antena Radio","isPartOf":{"@id":"https:\/\/noticias.imer.mx\/antenaradio\/#website"},"datePublished":"2013-02-01T02:41:16+00:00","dateModified":"2013-05-14T08:15:18+00:00","author":{"@id":"https:\/\/noticias.imer.mx\/antenaradio\/#\/schema\/person\/72de5454d165c5239bc56a49873e43c9"},"breadcrumb":{"@id":"https:\/\/noticias.imer.mx\/antenaradio\/2013\/01\/31\/reunion-de-senadores-del-prd-con-el-secretario-de-hacienda-luis-videgaray\/#breadcrumb"},"inLanguage":"es","potentialAction":[{"@type":"ReadAction","target":["https:\/\/noticias.imer.mx\/antenaradio\/2013\/01\/31\/reunion-de-senadores-del-prd-con-el-secretario-de-hacienda-luis-videgaray\/"]}]},{"@type":"BreadcrumbList","@id":"https:\/\/noticias.imer.mx\/antenaradio\/2013\/01\/31\/reunion-de-senadores-del-prd-con-el-secretario-de-hacienda-luis-videgaray\/#breadcrumb","itemListElement":[{"@type":"ListItem","position":1,"name":"Home","item":"https:\/\/noticias.imer.mx\/antenaradio\/"},{"@type":"ListItem","position":2,"name":"Reuni\u00f3n de senadores del PRD con el secretario de Hacienda, Luis Videgaray"}]},{"@type":"WebSite","@id":"https:\/\/noticias.imer.mx\/antenaradio\/#website","url":"https:\/\/noticias.imer.mx\/antenaradio\/","name":"Antena Radio","description":"La forma m\u00e1s clara de entender la noticia","potentialAction":[{"@type":"SearchAction","target":{"@type":"EntryPoint","urlTemplate":"https:\/\/noticias.imer.mx\/antenaradio\/?s={search_term_string}"},"query-input":"required name=search_term_string"}],"inLanguage":"es"},{"@type":"Person","@id":"https:\/\/noticias.imer.mx\/antenaradio\/#\/schema\/person\/72de5454d165c5239bc56a49873e43c9","name":"IMER Noticias","url":"https:\/\/noticias.imer.mx\/antenaradio\/author\/antenaradio\/"}]}},"_links":{"self":[{"href":"https:\/\/noticias.imer.mx\/antenaradio\/wp-json\/wp\/v2\/posts\/21373"}],"collection":[{"href":"https:\/\/noticias.imer.mx\/antenaradio\/wp-json\/wp\/v2\/posts"}],"about":[{"href":"https:\/\/noticias.imer.mx\/antenaradio\/wp-json\/wp\/v2\/types\/post"}],"author":[{"embeddable":true,"href":"https:\/\/noticias.imer.mx\/antenaradio\/wp-json\/wp\/v2\/users\/8"}],"replies":[{"embeddable":true,"href":"https:\/\/noticias.imer.mx\/antenaradio\/wp-json\/wp\/v2\/comments?post=21373"}],"version-history":[{"count":3,"href":"https:\/\/noticias.imer.mx\/antenaradio\/wp-json\/wp\/v2\/posts\/21373\/revisions"}],"predecessor-version":[{"id":21377,"href":"https:\/\/noticias.imer.mx\/antenaradio\/wp-json\/wp\/v2\/posts\/21373\/revisions\/21377"}],"wp:attachment":[{"href":"https:\/\/noticias.imer.mx\/antenaradio\/wp-json\/wp\/v2\/media?parent=21373"}],"wp:term":[{"taxonomy":"category","embeddable":true,"href":"https:\/\/noticias.imer.mx\/antenaradio\/wp-json\/wp\/v2\/categories?post=21373"},{"taxonomy":"post_tag","embeddable":true,"href":"https:\/\/noticias.imer.mx\/antenaradio\/wp-json\/wp\/v2\/tags?post=21373"}],"curies":[{"name":"wp","href":"https:\/\/api.w.org\/{rel}","templated":true}]}}