{"id":21363,"date":"2013-01-30T11:15:04","date_gmt":"2013-01-30T17:15:04","guid":{"rendered":"http:\/\/www.blogs.imer.gob.mx\/antenaradio\/?p=21363"},"modified":"2013-01-30T12:14:11","modified_gmt":"2013-01-30T18:14:11","slug":"ife-resuelve-hoy-el-tema-de-los-gastos-de-campana","status":"publish","type":"post","link":"https:\/\/noticias.imer.mx\/antenaradio\/2013\/01\/30\/ife-resuelve-hoy-el-tema-de-los-gastos-de-campana\/","title":{"rendered":"IFE resuelve hoy el tema de los gastos de campa\u00f1a"},"content":{"rendered":"<p><a href=\"http:\/\/snn.imer.gob.mx\/antenaradio\/files\/2013\/01\/IFE1.jpg\"><img decoding=\"async\" loading=\"lazy\" class=\"alignnone size-thumbnail wp-image-21369\" alt=\"IFE\" src=\"http:\/\/snn.imer.gob.mx\/antenaradio\/files\/2013\/01\/IFE1-150x150.jpg\" width=\"150\" height=\"150\" \/><\/a><\/p>\n<p>Sobre la actuaci\u00f3n del IFE sobre los gastos de campa\u00f1a en los comicios de 2012, hablamos con los l\u00edderes de los tres principales partidos.<\/p>\n<p>Le presentamos la entrevista con el presidente del PAN, <strong>Gustavo Madero<\/strong>.<\/p>\n<p><a href=\"http:\/\/snn.imer.gob.mx\/antenaradio\/files\/2013\/01\/30-ENERO-GUSTAVO-MADERO.mp3\">Descargue aqu\u00ed el audio de Gustavo Madero<\/a><\/p>\n<p>Tambi\u00e9n platicamos con el l\u00edder nacional del PRD, <strong>Jes\u00fas Zambrano<\/strong>.<\/p>\n<p><a href=\"http:\/\/snn.imer.gob.mx\/antenaradio\/files\/2013\/01\/30-ENERO-JESUS-ZAMBRANO.mp3\">Descargue aqu\u00ed el audio de Jes\u00fas Zambrano<\/a><\/p>\n<p>Por \u00faltimo, conversamos con el dirigente del PRI, <strong>C\u00e9sar Camacho<\/strong>.<\/p>\n<p><a href=\"http:\/\/snn.imer.gob.mx\/antenaradio\/files\/2013\/01\/30-ENERO-CESAR-CAMACHO.mp3\">Descargue aqu\u00ed el audio de C\u00e9sar Camacho<\/a><\/p>\n","protected":false},"excerpt":{"rendered":"<p>Sobre la actuaci\u00f3n del IFE sobre los gastos de campa\u00f1a en los comicios de 2012, hablamos con los l\u00edderes de los tres principales partidos. Le presentamos la entrevista con el presidente del PAN, Gustavo Madero. Descargue aqu\u00ed el audio de Gustavo Madero Tambi\u00e9n platicamos con el l\u00edder nacional del PRD, Jes\u00fas Zambrano. Descargue aqu\u00ed el&hellip;<\/p>\n","protected":false},"author":8,"featured_media":0,"comment_status":"open","ping_status":"open","sticky":false,"template":"","format":"standard","meta":{"wp_popup_display_lightbox":0,"wp_popup_suppress":"","wp_popup_trigger":"","wp_popup_trigger_amount":0,"wp_popup_disable_on_mobile":false},"categories":[5,4929],"tags":[7042,7043,2125,2218,2491],"yoast_head":"<!-- This site is optimized with the Yoast SEO plugin v21.0 - https:\/\/yoast.com\/wordpress\/plugins\/seo\/ -->\n<title>IFE resuelve hoy el tema de los gastos de campa\u00f1a  - Antena Radio<\/title>\n<meta name=\"robots\" content=\"index, follow, max-snippet:-1, max-image-preview:large, max-video-preview:-1\" \/>\n<link rel=\"canonical\" href=\"https:\/\/noticias.imer.mx\/antenaradio\/2013\/01\/30\/ife-resuelve-hoy-el-tema-de-los-gastos-de-campana\/\" \/>\n<meta property=\"og:locale\" content=\"es_ES\" \/>\n<meta property=\"og:type\" content=\"article\" \/>\n<meta property=\"og:title\" content=\"IFE resuelve hoy el tema de los gastos de campa\u00f1a  - Antena Radio\" \/>\n<meta property=\"og:description\" content=\"Sobre la actuaci\u00f3n del IFE sobre los gastos de campa\u00f1a en los comicios de 2012, hablamos con los l\u00edderes de los tres principales partidos. Le presentamos la entrevista con el presidente del PAN, Gustavo Madero. Descargue aqu\u00ed el audio de Gustavo Madero Tambi\u00e9n platicamos con el l\u00edder nacional del PRD, Jes\u00fas Zambrano. Descargue aqu\u00ed el&hellip;\" \/>\n<meta property=\"og:url\" content=\"https:\/\/noticias.imer.mx\/antenaradio\/2013\/01\/30\/ife-resuelve-hoy-el-tema-de-los-gastos-de-campana\/\" \/>\n<meta property=\"og:site_name\" content=\"Antena Radio\" \/>\n<meta property=\"article:published_time\" content=\"2013-01-30T17:15:04+00:00\" \/>\n<meta property=\"article:modified_time\" content=\"2013-01-30T18:14:11+00:00\" \/>\n<meta property=\"og:image\" content=\"http:\/\/snn.imer.gob.mx\/antenaradio\/files\/2013\/01\/IFE1-150x150.jpg\" \/>\n<meta name=\"author\" content=\"IMER Noticias\" \/>\n<meta name=\"twitter:card\" content=\"summary_large_image\" \/>\n<meta name=\"twitter:label1\" content=\"Escrito por\" \/>\n\t<meta name=\"twitter:data1\" content=\"IMER Noticias\" \/>\n<script type=\"application\/ld+json\" class=\"yoast-schema-graph\">{\"@context\":\"https:\/\/schema.org\",\"@graph\":[{\"@type\":\"WebPage\",\"@id\":\"https:\/\/noticias.imer.mx\/antenaradio\/2013\/01\/30\/ife-resuelve-hoy-el-tema-de-los-gastos-de-campana\/\",\"url\":\"https:\/\/noticias.imer.mx\/antenaradio\/2013\/01\/30\/ife-resuelve-hoy-el-tema-de-los-gastos-de-campana\/\",\"name\":\"IFE resuelve hoy el tema de los gastos de campa\u00f1a - Antena Radio\",\"isPartOf\":{\"@id\":\"https:\/\/noticias.imer.mx\/antenaradio\/#website\"},\"datePublished\":\"2013-01-30T17:15:04+00:00\",\"dateModified\":\"2013-01-30T18:14:11+00:00\",\"author\":{\"@id\":\"https:\/\/noticias.imer.mx\/antenaradio\/#\/schema\/person\/72de5454d165c5239bc56a49873e43c9\"},\"breadcrumb\":{\"@id\":\"https:\/\/noticias.imer.mx\/antenaradio\/2013\/01\/30\/ife-resuelve-hoy-el-tema-de-los-gastos-de-campana\/#breadcrumb\"},\"inLanguage\":\"es\",\"potentialAction\":[{\"@type\":\"ReadAction\",\"target\":[\"https:\/\/noticias.imer.mx\/antenaradio\/2013\/01\/30\/ife-resuelve-hoy-el-tema-de-los-gastos-de-campana\/\"]}]},{\"@type\":\"BreadcrumbList\",\"@id\":\"https:\/\/noticias.imer.mx\/antenaradio\/2013\/01\/30\/ife-resuelve-hoy-el-tema-de-los-gastos-de-campana\/#breadcrumb\",\"itemListElement\":[{\"@type\":\"ListItem\",\"position\":1,\"name\":\"Home\",\"item\":\"https:\/\/noticias.imer.mx\/antenaradio\/\"},{\"@type\":\"ListItem\",\"position\":2,\"name\":\"IFE resuelve hoy el tema de los gastos de campa\u00f1a\"}]},{\"@type\":\"WebSite\",\"@id\":\"https:\/\/noticias.imer.mx\/antenaradio\/#website\",\"url\":\"https:\/\/noticias.imer.mx\/antenaradio\/\",\"name\":\"Antena Radio\",\"description\":\"La forma m\u00e1s clara de entender la noticia\",\"potentialAction\":[{\"@type\":\"SearchAction\",\"target\":{\"@type\":\"EntryPoint\",\"urlTemplate\":\"https:\/\/noticias.imer.mx\/antenaradio\/?s={search_term_string}\"},\"query-input\":\"required name=search_term_string\"}],\"inLanguage\":\"es\"},{\"@type\":\"Person\",\"@id\":\"https:\/\/noticias.imer.mx\/antenaradio\/#\/schema\/person\/72de5454d165c5239bc56a49873e43c9\",\"name\":\"IMER Noticias\",\"url\":\"https:\/\/noticias.imer.mx\/antenaradio\/author\/antenaradio\/\"}]}<\/script>\n<!-- \/ Yoast SEO plugin. -->","yoast_head_json":{"title":"IFE resuelve hoy el tema de los gastos de campa\u00f1a  - Antena Radio","robots":{"index":"index","follow":"follow","max-snippet":"max-snippet:-1","max-image-preview":"max-image-preview:large","max-video-preview":"max-video-preview:-1"},"canonical":"https:\/\/noticias.imer.mx\/antenaradio\/2013\/01\/30\/ife-resuelve-hoy-el-tema-de-los-gastos-de-campana\/","og_locale":"es_ES","og_type":"article","og_title":"IFE resuelve hoy el tema de los gastos de campa\u00f1a  - Antena Radio","og_description":"Sobre la actuaci\u00f3n del IFE sobre los gastos de campa\u00f1a en los comicios de 2012, hablamos con los l\u00edderes de los tres principales partidos. Le presentamos la entrevista con el presidente del PAN, Gustavo Madero. Descargue aqu\u00ed el audio de Gustavo Madero Tambi\u00e9n platicamos con el l\u00edder nacional del PRD, Jes\u00fas Zambrano. Descargue aqu\u00ed el&hellip;","og_url":"https:\/\/noticias.imer.mx\/antenaradio\/2013\/01\/30\/ife-resuelve-hoy-el-tema-de-los-gastos-de-campana\/","og_site_name":"Antena Radio","article_published_time":"2013-01-30T17:15:04+00:00","article_modified_time":"2013-01-30T18:14:11+00:00","og_image":[{"url":"http:\/\/snn.imer.gob.mx\/antenaradio\/files\/2013\/01\/IFE1-150x150.jpg"}],"author":"IMER Noticias","twitter_card":"summary_large_image","twitter_misc":{"Escrito por":"IMER Noticias"},"schema":{"@context":"https:\/\/schema.org","@graph":[{"@type":"WebPage","@id":"https:\/\/noticias.imer.mx\/antenaradio\/2013\/01\/30\/ife-resuelve-hoy-el-tema-de-los-gastos-de-campana\/","url":"https:\/\/noticias.imer.mx\/antenaradio\/2013\/01\/30\/ife-resuelve-hoy-el-tema-de-los-gastos-de-campana\/","name":"IFE resuelve hoy el tema de los gastos de campa\u00f1a - Antena Radio","isPartOf":{"@id":"https:\/\/noticias.imer.mx\/antenaradio\/#website"},"datePublished":"2013-01-30T17:15:04+00:00","dateModified":"2013-01-30T18:14:11+00:00","author":{"@id":"https:\/\/noticias.imer.mx\/antenaradio\/#\/schema\/person\/72de5454d165c5239bc56a49873e43c9"},"breadcrumb":{"@id":"https:\/\/noticias.imer.mx\/antenaradio\/2013\/01\/30\/ife-resuelve-hoy-el-tema-de-los-gastos-de-campana\/#breadcrumb"},"inLanguage":"es","potentialAction":[{"@type":"ReadAction","target":["https:\/\/noticias.imer.mx\/antenaradio\/2013\/01\/30\/ife-resuelve-hoy-el-tema-de-los-gastos-de-campana\/"]}]},{"@type":"BreadcrumbList","@id":"https:\/\/noticias.imer.mx\/antenaradio\/2013\/01\/30\/ife-resuelve-hoy-el-tema-de-los-gastos-de-campana\/#breadcrumb","itemListElement":[{"@type":"ListItem","position":1,"name":"Home","item":"https:\/\/noticias.imer.mx\/antenaradio\/"},{"@type":"ListItem","position":2,"name":"IFE resuelve hoy el tema de los gastos de campa\u00f1a"}]},{"@type":"WebSite","@id":"https:\/\/noticias.imer.mx\/antenaradio\/#website","url":"https:\/\/noticias.imer.mx\/antenaradio\/","name":"Antena Radio","description":"La forma m\u00e1s clara de entender la noticia","potentialAction":[{"@type":"SearchAction","target":{"@type":"EntryPoint","urlTemplate":"https:\/\/noticias.imer.mx\/antenaradio\/?s={search_term_string}"},"query-input":"required name=search_term_string"}],"inLanguage":"es"},{"@type":"Person","@id":"https:\/\/noticias.imer.mx\/antenaradio\/#\/schema\/person\/72de5454d165c5239bc56a49873e43c9","name":"IMER Noticias","url":"https:\/\/noticias.imer.mx\/antenaradio\/author\/antenaradio\/"}]}},"_links":{"self":[{"href":"https:\/\/noticias.imer.mx\/antenaradio\/wp-json\/wp\/v2\/posts\/21363"}],"collection":[{"href":"https:\/\/noticias.imer.mx\/antenaradio\/wp-json\/wp\/v2\/posts"}],"about":[{"href":"https:\/\/noticias.imer.mx\/antenaradio\/wp-json\/wp\/v2\/types\/post"}],"author":[{"embeddable":true,"href":"https:\/\/noticias.imer.mx\/antenaradio\/wp-json\/wp\/v2\/users\/8"}],"replies":[{"embeddable":true,"href":"https:\/\/noticias.imer.mx\/antenaradio\/wp-json\/wp\/v2\/comments?post=21363"}],"version-history":[{"count":1,"href":"https:\/\/noticias.imer.mx\/antenaradio\/wp-json\/wp\/v2\/posts\/21363\/revisions"}],"predecessor-version":[{"id":21370,"href":"https:\/\/noticias.imer.mx\/antenaradio\/wp-json\/wp\/v2\/posts\/21363\/revisions\/21370"}],"wp:attachment":[{"href":"https:\/\/noticias.imer.mx\/antenaradio\/wp-json\/wp\/v2\/media?parent=21363"}],"wp:term":[{"taxonomy":"category","embeddable":true,"href":"https:\/\/noticias.imer.mx\/antenaradio\/wp-json\/wp\/v2\/categories?post=21363"},{"taxonomy":"post_tag","embeddable":true,"href":"https:\/\/noticias.imer.mx\/antenaradio\/wp-json\/wp\/v2\/tags?post=21363"}],"curies":[{"name":"wp","href":"https:\/\/api.w.org\/{rel}","templated":true}]}}