{"id":20932,"date":"2012-11-30T21:03:41","date_gmt":"2012-12-01T03:03:41","guid":{"rendered":"http:\/\/www.blogs.imer.gob.mx\/antenaradio\/?p=20932"},"modified":"2012-11-30T21:03:41","modified_gmt":"2012-12-01T03:03:41","slug":"gabinete-de-enrique-pena-nieto-y-la-toma-de-protesta","status":"publish","type":"post","link":"https:\/\/noticias.imer.mx\/antenaradio\/2012\/11\/30\/gabinete-de-enrique-pena-nieto-y-la-toma-de-protesta\/","title":{"rendered":"Gabinete de Enrique Pe\u00f1a Nieto y la toma de protesta"},"content":{"rendered":"<p><a href=\"http:\/\/snn.imer.gob.mx\/antenaradio\/files\/2012\/11\/gabinete_completo_epn-615x374.jpg\"><img decoding=\"async\" loading=\"lazy\" class=\"alignnone size-thumbnail wp-image-20933\" src=\"http:\/\/snn.imer.gob.mx\/antenaradio\/files\/2012\/11\/gabinete_completo_epn-615x374-150x150.jpg\" alt=\"\" width=\"150\" height=\"150\" \/><\/a><\/p>\n<p>Miguel Arroyo, licenciado en Derecho con diversos estudios de posgrado y presidente del Consejo Nacional de la Abogac\u00eda, habl\u00f3 acerca del gabinete de Enrique Pe\u00f1a Nieto y la toma de protesta desde el punto de vista jur\u00eddico<\/p>\n<p><a href=\"http:\/\/snn.imer.gob.mx\/antenaradio\/files\/2012\/11\/miguel-arroyo.mp3\">Descarga el audio de Miguel Arroyo<\/a><\/p>\n<p>&nbsp;<\/p>\n","protected":false},"excerpt":{"rendered":"<p>Miguel Arroyo, licenciado en Derecho con diversos estudios de posgrado y presidente del Consejo Nacional de la Abogac\u00eda, habl\u00f3 acerca del gabinete de Enrique Pe\u00f1a Nieto y la toma de protesta desde el punto de vista jur\u00eddico Descarga el audio de Miguel Arroyo &nbsp;<\/p>\n","protected":false},"author":8,"featured_media":0,"comment_status":"open","ping_status":"open","sticky":false,"template":"","format":"standard","meta":{"wp_popup_display_lightbox":0,"wp_popup_suppress":"","wp_popup_trigger":"","wp_popup_trigger_amount":0,"wp_popup_disable_on_mobile":false},"categories":[8093,4939],"tags":[6904,5054,3171],"yoast_head":"<!-- This site is optimized with the Yoast SEO plugin v21.0 - https:\/\/yoast.com\/wordpress\/plugins\/seo\/ -->\n<title>Gabinete de Enrique Pe\u00f1a Nieto y la toma de protesta  - Antena Radio<\/title>\n<meta name=\"robots\" content=\"index, follow, max-snippet:-1, max-image-preview:large, max-video-preview:-1\" \/>\n<link rel=\"canonical\" href=\"https:\/\/noticias.imer.mx\/antenaradio\/2012\/11\/30\/gabinete-de-enrique-pena-nieto-y-la-toma-de-protesta\/\" \/>\n<meta property=\"og:locale\" content=\"es_ES\" \/>\n<meta property=\"og:type\" content=\"article\" \/>\n<meta property=\"og:title\" content=\"Gabinete de Enrique Pe\u00f1a Nieto y la toma de protesta  - Antena Radio\" \/>\n<meta property=\"og:description\" content=\"Miguel Arroyo, licenciado en Derecho con diversos estudios de posgrado y presidente del Consejo Nacional de la Abogac\u00eda, habl\u00f3 acerca del gabinete de Enrique Pe\u00f1a Nieto y la toma de protesta desde el punto de vista jur\u00eddico Descarga el audio de Miguel Arroyo &nbsp;\" \/>\n<meta property=\"og:url\" content=\"https:\/\/noticias.imer.mx\/antenaradio\/2012\/11\/30\/gabinete-de-enrique-pena-nieto-y-la-toma-de-protesta\/\" \/>\n<meta property=\"og:site_name\" content=\"Antena Radio\" \/>\n<meta property=\"article:published_time\" content=\"2012-12-01T03:03:41+00:00\" \/>\n<meta property=\"og:image\" content=\"http:\/\/snn.imer.gob.mx\/antenaradio\/files\/2012\/11\/gabinete_completo_epn-615x374-150x150.jpg\" \/>\n<meta name=\"author\" content=\"IMER Noticias\" \/>\n<meta name=\"twitter:card\" content=\"summary_large_image\" \/>\n<meta name=\"twitter:label1\" content=\"Escrito por\" \/>\n\t<meta name=\"twitter:data1\" content=\"IMER Noticias\" \/>\n<script type=\"application\/ld+json\" class=\"yoast-schema-graph\">{\"@context\":\"https:\/\/schema.org\",\"@graph\":[{\"@type\":\"WebPage\",\"@id\":\"https:\/\/noticias.imer.mx\/antenaradio\/2012\/11\/30\/gabinete-de-enrique-pena-nieto-y-la-toma-de-protesta\/\",\"url\":\"https:\/\/noticias.imer.mx\/antenaradio\/2012\/11\/30\/gabinete-de-enrique-pena-nieto-y-la-toma-de-protesta\/\",\"name\":\"Gabinete de Enrique Pe\u00f1a Nieto y la toma de protesta - Antena Radio\",\"isPartOf\":{\"@id\":\"https:\/\/noticias.imer.mx\/antenaradio\/#website\"},\"datePublished\":\"2012-12-01T03:03:41+00:00\",\"dateModified\":\"2012-12-01T03:03:41+00:00\",\"author\":{\"@id\":\"https:\/\/noticias.imer.mx\/antenaradio\/#\/schema\/person\/72de5454d165c5239bc56a49873e43c9\"},\"breadcrumb\":{\"@id\":\"https:\/\/noticias.imer.mx\/antenaradio\/2012\/11\/30\/gabinete-de-enrique-pena-nieto-y-la-toma-de-protesta\/#breadcrumb\"},\"inLanguage\":\"es\",\"potentialAction\":[{\"@type\":\"ReadAction\",\"target\":[\"https:\/\/noticias.imer.mx\/antenaradio\/2012\/11\/30\/gabinete-de-enrique-pena-nieto-y-la-toma-de-protesta\/\"]}]},{\"@type\":\"BreadcrumbList\",\"@id\":\"https:\/\/noticias.imer.mx\/antenaradio\/2012\/11\/30\/gabinete-de-enrique-pena-nieto-y-la-toma-de-protesta\/#breadcrumb\",\"itemListElement\":[{\"@type\":\"ListItem\",\"position\":1,\"name\":\"Home\",\"item\":\"https:\/\/noticias.imer.mx\/antenaradio\/\"},{\"@type\":\"ListItem\",\"position\":2,\"name\":\"Gabinete de Enrique Pe\u00f1a Nieto y la toma de protesta\"}]},{\"@type\":\"WebSite\",\"@id\":\"https:\/\/noticias.imer.mx\/antenaradio\/#website\",\"url\":\"https:\/\/noticias.imer.mx\/antenaradio\/\",\"name\":\"Antena Radio\",\"description\":\"La forma m\u00e1s clara de entender la noticia\",\"potentialAction\":[{\"@type\":\"SearchAction\",\"target\":{\"@type\":\"EntryPoint\",\"urlTemplate\":\"https:\/\/noticias.imer.mx\/antenaradio\/?s={search_term_string}\"},\"query-input\":\"required name=search_term_string\"}],\"inLanguage\":\"es\"},{\"@type\":\"Person\",\"@id\":\"https:\/\/noticias.imer.mx\/antenaradio\/#\/schema\/person\/72de5454d165c5239bc56a49873e43c9\",\"name\":\"IMER Noticias\",\"url\":\"https:\/\/noticias.imer.mx\/antenaradio\/author\/antenaradio\/\"}]}<\/script>\n<!-- \/ Yoast SEO plugin. -->","yoast_head_json":{"title":"Gabinete de Enrique Pe\u00f1a Nieto y la toma de protesta  - Antena Radio","robots":{"index":"index","follow":"follow","max-snippet":"max-snippet:-1","max-image-preview":"max-image-preview:large","max-video-preview":"max-video-preview:-1"},"canonical":"https:\/\/noticias.imer.mx\/antenaradio\/2012\/11\/30\/gabinete-de-enrique-pena-nieto-y-la-toma-de-protesta\/","og_locale":"es_ES","og_type":"article","og_title":"Gabinete de Enrique Pe\u00f1a Nieto y la toma de protesta  - Antena Radio","og_description":"Miguel Arroyo, licenciado en Derecho con diversos estudios de posgrado y presidente del Consejo Nacional de la Abogac\u00eda, habl\u00f3 acerca del gabinete de Enrique Pe\u00f1a Nieto y la toma de protesta desde el punto de vista jur\u00eddico Descarga el audio de Miguel Arroyo &nbsp;","og_url":"https:\/\/noticias.imer.mx\/antenaradio\/2012\/11\/30\/gabinete-de-enrique-pena-nieto-y-la-toma-de-protesta\/","og_site_name":"Antena Radio","article_published_time":"2012-12-01T03:03:41+00:00","og_image":[{"url":"http:\/\/snn.imer.gob.mx\/antenaradio\/files\/2012\/11\/gabinete_completo_epn-615x374-150x150.jpg"}],"author":"IMER Noticias","twitter_card":"summary_large_image","twitter_misc":{"Escrito por":"IMER Noticias"},"schema":{"@context":"https:\/\/schema.org","@graph":[{"@type":"WebPage","@id":"https:\/\/noticias.imer.mx\/antenaradio\/2012\/11\/30\/gabinete-de-enrique-pena-nieto-y-la-toma-de-protesta\/","url":"https:\/\/noticias.imer.mx\/antenaradio\/2012\/11\/30\/gabinete-de-enrique-pena-nieto-y-la-toma-de-protesta\/","name":"Gabinete de Enrique Pe\u00f1a Nieto y la toma de protesta - Antena Radio","isPartOf":{"@id":"https:\/\/noticias.imer.mx\/antenaradio\/#website"},"datePublished":"2012-12-01T03:03:41+00:00","dateModified":"2012-12-01T03:03:41+00:00","author":{"@id":"https:\/\/noticias.imer.mx\/antenaradio\/#\/schema\/person\/72de5454d165c5239bc56a49873e43c9"},"breadcrumb":{"@id":"https:\/\/noticias.imer.mx\/antenaradio\/2012\/11\/30\/gabinete-de-enrique-pena-nieto-y-la-toma-de-protesta\/#breadcrumb"},"inLanguage":"es","potentialAction":[{"@type":"ReadAction","target":["https:\/\/noticias.imer.mx\/antenaradio\/2012\/11\/30\/gabinete-de-enrique-pena-nieto-y-la-toma-de-protesta\/"]}]},{"@type":"BreadcrumbList","@id":"https:\/\/noticias.imer.mx\/antenaradio\/2012\/11\/30\/gabinete-de-enrique-pena-nieto-y-la-toma-de-protesta\/#breadcrumb","itemListElement":[{"@type":"ListItem","position":1,"name":"Home","item":"https:\/\/noticias.imer.mx\/antenaradio\/"},{"@type":"ListItem","position":2,"name":"Gabinete de Enrique Pe\u00f1a Nieto y la toma de protesta"}]},{"@type":"WebSite","@id":"https:\/\/noticias.imer.mx\/antenaradio\/#website","url":"https:\/\/noticias.imer.mx\/antenaradio\/","name":"Antena Radio","description":"La forma m\u00e1s clara de entender la noticia","potentialAction":[{"@type":"SearchAction","target":{"@type":"EntryPoint","urlTemplate":"https:\/\/noticias.imer.mx\/antenaradio\/?s={search_term_string}"},"query-input":"required name=search_term_string"}],"inLanguage":"es"},{"@type":"Person","@id":"https:\/\/noticias.imer.mx\/antenaradio\/#\/schema\/person\/72de5454d165c5239bc56a49873e43c9","name":"IMER Noticias","url":"https:\/\/noticias.imer.mx\/antenaradio\/author\/antenaradio\/"}]}},"_links":{"self":[{"href":"https:\/\/noticias.imer.mx\/antenaradio\/wp-json\/wp\/v2\/posts\/20932"}],"collection":[{"href":"https:\/\/noticias.imer.mx\/antenaradio\/wp-json\/wp\/v2\/posts"}],"about":[{"href":"https:\/\/noticias.imer.mx\/antenaradio\/wp-json\/wp\/v2\/types\/post"}],"author":[{"embeddable":true,"href":"https:\/\/noticias.imer.mx\/antenaradio\/wp-json\/wp\/v2\/users\/8"}],"replies":[{"embeddable":true,"href":"https:\/\/noticias.imer.mx\/antenaradio\/wp-json\/wp\/v2\/comments?post=20932"}],"version-history":[{"count":1,"href":"https:\/\/noticias.imer.mx\/antenaradio\/wp-json\/wp\/v2\/posts\/20932\/revisions"}],"predecessor-version":[{"id":20935,"href":"https:\/\/noticias.imer.mx\/antenaradio\/wp-json\/wp\/v2\/posts\/20932\/revisions\/20935"}],"wp:attachment":[{"href":"https:\/\/noticias.imer.mx\/antenaradio\/wp-json\/wp\/v2\/media?parent=20932"}],"wp:term":[{"taxonomy":"category","embeddable":true,"href":"https:\/\/noticias.imer.mx\/antenaradio\/wp-json\/wp\/v2\/categories?post=20932"},{"taxonomy":"post_tag","embeddable":true,"href":"https:\/\/noticias.imer.mx\/antenaradio\/wp-json\/wp\/v2\/tags?post=20932"}],"curies":[{"name":"wp","href":"https:\/\/api.w.org\/{rel}","templated":true}]}}