{"id":20924,"date":"2012-11-30T11:31:47","date_gmt":"2012-11-30T17:31:47","guid":{"rendered":"http:\/\/www.blogs.imer.gob.mx\/antenaradio\/?p=20924"},"modified":"2012-11-30T11:31:47","modified_gmt":"2012-11-30T17:31:47","slug":"entregan-reconocimiento-al-doctor-raul-trejo-delarbre","status":"publish","type":"post","link":"https:\/\/noticias.imer.mx\/antenaradio\/2012\/11\/30\/entregan-reconocimiento-al-doctor-raul-trejo-delarbre\/","title":{"rendered":"Entregan reconocimiento al doctor Ra\u00fal Trejo Delarbre"},"content":{"rendered":"<p><a href=\"http:\/\/snn.imer.gob.mx\/antenaradio\/files\/2012\/11\/Ra\u00fal-Trejo-Delabre-02.jpg\"><img decoding=\"async\" loading=\"lazy\" class=\"alignnone size-thumbnail wp-image-20926\" src=\"http:\/\/snn.imer.gob.mx\/antenaradio\/files\/2012\/11\/Ra\u00fal-Trejo-Delabre-02-150x150.jpg\" alt=\"\" width=\"150\" height=\"150\" \/><\/a><\/p>\n<p>El doctor<strong> Ra\u00fal Trejo Delabre<\/strong>, investigador del Instituto de Investigaci\u00f3nes Sociales de la UNAM, recibi\u00f3 el reconocimiento Jos\u00e9 Vasconselos que otorga Radio Educaci\u00f3n por su m\u00e9rito en la radio p\u00fablica.<\/p>\n<p><a href=\"http:\/\/snn.imer.gob.mx\/antenaradio\/files\/2012\/11\/30-NOV-RA\u00daL-TREJO-DELARBRE.mp3\">Descargue aqu\u00ed el audio de Ra\u00fal Trejo Delarbre<\/a><\/p>\n","protected":false},"excerpt":{"rendered":"<p>El doctor Ra\u00fal Trejo Delabre, investigador del Instituto de Investigaci\u00f3nes Sociales de la UNAM, recibi\u00f3 el reconocimiento Jos\u00e9 Vasconselos que otorga Radio Educaci\u00f3n por su m\u00e9rito en la radio p\u00fablica. Descargue aqu\u00ed el audio de Ra\u00fal Trejo Delarbre<\/p>\n","protected":false},"author":8,"featured_media":0,"comment_status":"open","ping_status":"open","sticky":false,"template":"","format":"standard","meta":{"wp_popup_display_lightbox":0,"wp_popup_suppress":"","wp_popup_trigger":"","wp_popup_trigger_amount":0,"wp_popup_disable_on_mobile":false},"categories":[5,4929],"tags":[2345,6900,3781,6899],"yoast_head":"<!-- This site is optimized with the Yoast SEO plugin v21.0 - https:\/\/yoast.com\/wordpress\/plugins\/seo\/ -->\n<title>Entregan reconocimiento al doctor Ra\u00fal Trejo Delarbre  - Antena Radio<\/title>\n<meta name=\"robots\" content=\"index, follow, max-snippet:-1, max-image-preview:large, max-video-preview:-1\" \/>\n<link rel=\"canonical\" href=\"https:\/\/noticias.imer.mx\/antenaradio\/2012\/11\/30\/entregan-reconocimiento-al-doctor-raul-trejo-delarbre\/\" \/>\n<meta property=\"og:locale\" content=\"es_ES\" \/>\n<meta property=\"og:type\" content=\"article\" \/>\n<meta property=\"og:title\" content=\"Entregan reconocimiento al doctor Ra\u00fal Trejo Delarbre  - Antena Radio\" \/>\n<meta property=\"og:description\" content=\"El doctor Ra\u00fal Trejo Delabre, investigador del Instituto de Investigaci\u00f3nes Sociales de la UNAM, recibi\u00f3 el reconocimiento Jos\u00e9 Vasconselos que otorga Radio Educaci\u00f3n por su m\u00e9rito en la radio p\u00fablica. Descargue aqu\u00ed el audio de Ra\u00fal Trejo Delarbre\" \/>\n<meta property=\"og:url\" content=\"https:\/\/noticias.imer.mx\/antenaradio\/2012\/11\/30\/entregan-reconocimiento-al-doctor-raul-trejo-delarbre\/\" \/>\n<meta property=\"og:site_name\" content=\"Antena Radio\" \/>\n<meta property=\"article:published_time\" content=\"2012-11-30T17:31:47+00:00\" \/>\n<meta name=\"author\" content=\"IMER Noticias\" \/>\n<meta name=\"twitter:card\" content=\"summary_large_image\" \/>\n<meta name=\"twitter:label1\" content=\"Escrito por\" \/>\n\t<meta name=\"twitter:data1\" content=\"IMER Noticias\" \/>\n<script type=\"application\/ld+json\" class=\"yoast-schema-graph\">{\"@context\":\"https:\/\/schema.org\",\"@graph\":[{\"@type\":\"WebPage\",\"@id\":\"https:\/\/noticias.imer.mx\/antenaradio\/2012\/11\/30\/entregan-reconocimiento-al-doctor-raul-trejo-delarbre\/\",\"url\":\"https:\/\/noticias.imer.mx\/antenaradio\/2012\/11\/30\/entregan-reconocimiento-al-doctor-raul-trejo-delarbre\/\",\"name\":\"Entregan reconocimiento al doctor Ra\u00fal Trejo Delarbre - Antena Radio\",\"isPartOf\":{\"@id\":\"https:\/\/noticias.imer.mx\/antenaradio\/#website\"},\"datePublished\":\"2012-11-30T17:31:47+00:00\",\"dateModified\":\"2012-11-30T17:31:47+00:00\",\"author\":{\"@id\":\"https:\/\/noticias.imer.mx\/antenaradio\/#\/schema\/person\/72de5454d165c5239bc56a49873e43c9\"},\"breadcrumb\":{\"@id\":\"https:\/\/noticias.imer.mx\/antenaradio\/2012\/11\/30\/entregan-reconocimiento-al-doctor-raul-trejo-delarbre\/#breadcrumb\"},\"inLanguage\":\"es\",\"potentialAction\":[{\"@type\":\"ReadAction\",\"target\":[\"https:\/\/noticias.imer.mx\/antenaradio\/2012\/11\/30\/entregan-reconocimiento-al-doctor-raul-trejo-delarbre\/\"]}]},{\"@type\":\"BreadcrumbList\",\"@id\":\"https:\/\/noticias.imer.mx\/antenaradio\/2012\/11\/30\/entregan-reconocimiento-al-doctor-raul-trejo-delarbre\/#breadcrumb\",\"itemListElement\":[{\"@type\":\"ListItem\",\"position\":1,\"name\":\"Home\",\"item\":\"https:\/\/noticias.imer.mx\/antenaradio\/\"},{\"@type\":\"ListItem\",\"position\":2,\"name\":\"Entregan reconocimiento al doctor Ra\u00fal Trejo Delarbre\"}]},{\"@type\":\"WebSite\",\"@id\":\"https:\/\/noticias.imer.mx\/antenaradio\/#website\",\"url\":\"https:\/\/noticias.imer.mx\/antenaradio\/\",\"name\":\"Antena Radio\",\"description\":\"La forma m\u00e1s clara de entender la noticia\",\"potentialAction\":[{\"@type\":\"SearchAction\",\"target\":{\"@type\":\"EntryPoint\",\"urlTemplate\":\"https:\/\/noticias.imer.mx\/antenaradio\/?s={search_term_string}\"},\"query-input\":\"required name=search_term_string\"}],\"inLanguage\":\"es\"},{\"@type\":\"Person\",\"@id\":\"https:\/\/noticias.imer.mx\/antenaradio\/#\/schema\/person\/72de5454d165c5239bc56a49873e43c9\",\"name\":\"IMER Noticias\",\"url\":\"https:\/\/noticias.imer.mx\/antenaradio\/author\/antenaradio\/\"}]}<\/script>\n<!-- \/ Yoast SEO plugin. -->","yoast_head_json":{"title":"Entregan reconocimiento al doctor Ra\u00fal Trejo Delarbre  - Antena Radio","robots":{"index":"index","follow":"follow","max-snippet":"max-snippet:-1","max-image-preview":"max-image-preview:large","max-video-preview":"max-video-preview:-1"},"canonical":"https:\/\/noticias.imer.mx\/antenaradio\/2012\/11\/30\/entregan-reconocimiento-al-doctor-raul-trejo-delarbre\/","og_locale":"es_ES","og_type":"article","og_title":"Entregan reconocimiento al doctor Ra\u00fal Trejo Delarbre  - Antena Radio","og_description":"El doctor Ra\u00fal Trejo Delabre, investigador del Instituto de Investigaci\u00f3nes Sociales de la UNAM, recibi\u00f3 el reconocimiento Jos\u00e9 Vasconselos que otorga Radio Educaci\u00f3n por su m\u00e9rito en la radio p\u00fablica. Descargue aqu\u00ed el audio de Ra\u00fal Trejo Delarbre","og_url":"https:\/\/noticias.imer.mx\/antenaradio\/2012\/11\/30\/entregan-reconocimiento-al-doctor-raul-trejo-delarbre\/","og_site_name":"Antena Radio","article_published_time":"2012-11-30T17:31:47+00:00","author":"IMER Noticias","twitter_card":"summary_large_image","twitter_misc":{"Escrito por":"IMER Noticias"},"schema":{"@context":"https:\/\/schema.org","@graph":[{"@type":"WebPage","@id":"https:\/\/noticias.imer.mx\/antenaradio\/2012\/11\/30\/entregan-reconocimiento-al-doctor-raul-trejo-delarbre\/","url":"https:\/\/noticias.imer.mx\/antenaradio\/2012\/11\/30\/entregan-reconocimiento-al-doctor-raul-trejo-delarbre\/","name":"Entregan reconocimiento al doctor Ra\u00fal Trejo Delarbre - Antena Radio","isPartOf":{"@id":"https:\/\/noticias.imer.mx\/antenaradio\/#website"},"datePublished":"2012-11-30T17:31:47+00:00","dateModified":"2012-11-30T17:31:47+00:00","author":{"@id":"https:\/\/noticias.imer.mx\/antenaradio\/#\/schema\/person\/72de5454d165c5239bc56a49873e43c9"},"breadcrumb":{"@id":"https:\/\/noticias.imer.mx\/antenaradio\/2012\/11\/30\/entregan-reconocimiento-al-doctor-raul-trejo-delarbre\/#breadcrumb"},"inLanguage":"es","potentialAction":[{"@type":"ReadAction","target":["https:\/\/noticias.imer.mx\/antenaradio\/2012\/11\/30\/entregan-reconocimiento-al-doctor-raul-trejo-delarbre\/"]}]},{"@type":"BreadcrumbList","@id":"https:\/\/noticias.imer.mx\/antenaradio\/2012\/11\/30\/entregan-reconocimiento-al-doctor-raul-trejo-delarbre\/#breadcrumb","itemListElement":[{"@type":"ListItem","position":1,"name":"Home","item":"https:\/\/noticias.imer.mx\/antenaradio\/"},{"@type":"ListItem","position":2,"name":"Entregan reconocimiento al doctor Ra\u00fal Trejo Delarbre"}]},{"@type":"WebSite","@id":"https:\/\/noticias.imer.mx\/antenaradio\/#website","url":"https:\/\/noticias.imer.mx\/antenaradio\/","name":"Antena Radio","description":"La forma m\u00e1s clara de entender la noticia","potentialAction":[{"@type":"SearchAction","target":{"@type":"EntryPoint","urlTemplate":"https:\/\/noticias.imer.mx\/antenaradio\/?s={search_term_string}"},"query-input":"required name=search_term_string"}],"inLanguage":"es"},{"@type":"Person","@id":"https:\/\/noticias.imer.mx\/antenaradio\/#\/schema\/person\/72de5454d165c5239bc56a49873e43c9","name":"IMER Noticias","url":"https:\/\/noticias.imer.mx\/antenaradio\/author\/antenaradio\/"}]}},"_links":{"self":[{"href":"https:\/\/noticias.imer.mx\/antenaradio\/wp-json\/wp\/v2\/posts\/20924"}],"collection":[{"href":"https:\/\/noticias.imer.mx\/antenaradio\/wp-json\/wp\/v2\/posts"}],"about":[{"href":"https:\/\/noticias.imer.mx\/antenaradio\/wp-json\/wp\/v2\/types\/post"}],"author":[{"embeddable":true,"href":"https:\/\/noticias.imer.mx\/antenaradio\/wp-json\/wp\/v2\/users\/8"}],"replies":[{"embeddable":true,"href":"https:\/\/noticias.imer.mx\/antenaradio\/wp-json\/wp\/v2\/comments?post=20924"}],"version-history":[{"count":1,"href":"https:\/\/noticias.imer.mx\/antenaradio\/wp-json\/wp\/v2\/posts\/20924\/revisions"}],"predecessor-version":[{"id":20927,"href":"https:\/\/noticias.imer.mx\/antenaradio\/wp-json\/wp\/v2\/posts\/20924\/revisions\/20927"}],"wp:attachment":[{"href":"https:\/\/noticias.imer.mx\/antenaradio\/wp-json\/wp\/v2\/media?parent=20924"}],"wp:term":[{"taxonomy":"category","embeddable":true,"href":"https:\/\/noticias.imer.mx\/antenaradio\/wp-json\/wp\/v2\/categories?post=20924"},{"taxonomy":"post_tag","embeddable":true,"href":"https:\/\/noticias.imer.mx\/antenaradio\/wp-json\/wp\/v2\/tags?post=20924"}],"curies":[{"name":"wp","href":"https:\/\/api.w.org\/{rel}","templated":true}]}}