{"id":20911,"date":"2012-11-28T11:50:39","date_gmt":"2012-11-28T17:50:39","guid":{"rendered":"http:\/\/www.blogs.imer.gob.mx\/antenaradio\/?p=20911"},"modified":"2012-11-28T11:50:39","modified_gmt":"2012-11-28T17:50:39","slug":"reunion-obama-pena-nieto-los-temas-empleo-y-seguridad","status":"publish","type":"post","link":"https:\/\/noticias.imer.mx\/antenaradio\/2012\/11\/28\/reunion-obama-pena-nieto-los-temas-empleo-y-seguridad\/","title":{"rendered":"Reuni\u00f3n Obama-Pe\u00f1a Nieto, los temas empleo y seguridad"},"content":{"rendered":"<p><a href=\"http:\/\/snn.imer.gob.mx\/antenaradio\/files\/2012\/11\/Reuni\u00f3n-Pe\u00f1a-Obama.jpg\"><img decoding=\"async\" loading=\"lazy\" class=\"alignnone size-full wp-image-20912\" src=\"http:\/\/snn.imer.gob.mx\/antenaradio\/files\/2012\/11\/Reuni\u00f3n-Pe\u00f1a-Obama.jpg\" alt=\"\" width=\"284\" height=\"177\" \/><\/a><\/p>\n<p>Desde Washington nuestro conductor <strong>Mario Campos<\/strong> nos dio un reporte sobre la reuni\u00f3n entre el presidente de los Estados Unidos y el presidente electo de M\u00e9xico, Enrique Pe\u00f1a Nieto.<\/p>\n<p><a href=\"http:\/\/snn.imer.gob.mx\/antenaradio\/files\/2012\/11\/28-NOV-ENLACE-MARIO-CAMPOS.mp3\">Descargue aqu\u00ed el audio de Mario Campos<\/a><\/p>\n","protected":false},"excerpt":{"rendered":"<p>Desde Washington nuestro conductor Mario Campos nos dio un reporte sobre la reuni\u00f3n entre el presidente de los Estados Unidos y el presidente electo de M\u00e9xico, Enrique Pe\u00f1a Nieto. Descargue aqu\u00ed el audio de Mario Campos<\/p>\n","protected":false},"author":8,"featured_media":0,"comment_status":"open","ping_status":"open","sticky":false,"template":"","format":"standard","meta":{"wp_popup_display_lightbox":0,"wp_popup_suppress":"","wp_popup_trigger":"","wp_popup_trigger_amount":0,"wp_popup_disable_on_mobile":false},"categories":[5,4929],"tags":[534,6894,6870],"yoast_head":"<!-- This site is optimized with the Yoast SEO plugin v21.0 - https:\/\/yoast.com\/wordpress\/plugins\/seo\/ -->\n<title>Reuni\u00f3n Obama-Pe\u00f1a Nieto, los temas empleo y seguridad - Antena Radio<\/title>\n<meta name=\"robots\" content=\"index, follow, max-snippet:-1, max-image-preview:large, max-video-preview:-1\" \/>\n<link rel=\"canonical\" href=\"https:\/\/noticias.imer.mx\/antenaradio\/2012\/11\/28\/reunion-obama-pena-nieto-los-temas-empleo-y-seguridad\/\" \/>\n<meta property=\"og:locale\" content=\"es_ES\" \/>\n<meta property=\"og:type\" content=\"article\" \/>\n<meta property=\"og:title\" content=\"Reuni\u00f3n Obama-Pe\u00f1a Nieto, los temas empleo y seguridad - Antena Radio\" \/>\n<meta property=\"og:description\" content=\"Desde Washington nuestro conductor Mario Campos nos dio un reporte sobre la reuni\u00f3n entre el presidente de los Estados Unidos y el presidente electo de M\u00e9xico, Enrique Pe\u00f1a Nieto. Descargue aqu\u00ed el audio de Mario Campos\" \/>\n<meta property=\"og:url\" content=\"https:\/\/noticias.imer.mx\/antenaradio\/2012\/11\/28\/reunion-obama-pena-nieto-los-temas-empleo-y-seguridad\/\" \/>\n<meta property=\"og:site_name\" content=\"Antena Radio\" \/>\n<meta property=\"article:published_time\" content=\"2012-11-28T17:50:39+00:00\" \/>\n<meta name=\"author\" content=\"IMER Noticias\" \/>\n<meta name=\"twitter:card\" content=\"summary_large_image\" \/>\n<meta name=\"twitter:label1\" content=\"Escrito por\" \/>\n\t<meta name=\"twitter:data1\" content=\"IMER Noticias\" \/>\n<script type=\"application\/ld+json\" class=\"yoast-schema-graph\">{\"@context\":\"https:\/\/schema.org\",\"@graph\":[{\"@type\":\"WebPage\",\"@id\":\"https:\/\/noticias.imer.mx\/antenaradio\/2012\/11\/28\/reunion-obama-pena-nieto-los-temas-empleo-y-seguridad\/\",\"url\":\"https:\/\/noticias.imer.mx\/antenaradio\/2012\/11\/28\/reunion-obama-pena-nieto-los-temas-empleo-y-seguridad\/\",\"name\":\"Reuni\u00f3n Obama-Pe\u00f1a Nieto, los temas empleo y seguridad - Antena Radio\",\"isPartOf\":{\"@id\":\"https:\/\/noticias.imer.mx\/antenaradio\/#website\"},\"datePublished\":\"2012-11-28T17:50:39+00:00\",\"dateModified\":\"2012-11-28T17:50:39+00:00\",\"author\":{\"@id\":\"https:\/\/noticias.imer.mx\/antenaradio\/#\/schema\/person\/72de5454d165c5239bc56a49873e43c9\"},\"breadcrumb\":{\"@id\":\"https:\/\/noticias.imer.mx\/antenaradio\/2012\/11\/28\/reunion-obama-pena-nieto-los-temas-empleo-y-seguridad\/#breadcrumb\"},\"inLanguage\":\"es\",\"potentialAction\":[{\"@type\":\"ReadAction\",\"target\":[\"https:\/\/noticias.imer.mx\/antenaradio\/2012\/11\/28\/reunion-obama-pena-nieto-los-temas-empleo-y-seguridad\/\"]}]},{\"@type\":\"BreadcrumbList\",\"@id\":\"https:\/\/noticias.imer.mx\/antenaradio\/2012\/11\/28\/reunion-obama-pena-nieto-los-temas-empleo-y-seguridad\/#breadcrumb\",\"itemListElement\":[{\"@type\":\"ListItem\",\"position\":1,\"name\":\"Home\",\"item\":\"https:\/\/noticias.imer.mx\/antenaradio\/\"},{\"@type\":\"ListItem\",\"position\":2,\"name\":\"Reuni\u00f3n Obama-Pe\u00f1a Nieto, los temas empleo y seguridad\"}]},{\"@type\":\"WebSite\",\"@id\":\"https:\/\/noticias.imer.mx\/antenaradio\/#website\",\"url\":\"https:\/\/noticias.imer.mx\/antenaradio\/\",\"name\":\"Antena Radio\",\"description\":\"La forma m\u00e1s clara de entender la noticia\",\"potentialAction\":[{\"@type\":\"SearchAction\",\"target\":{\"@type\":\"EntryPoint\",\"urlTemplate\":\"https:\/\/noticias.imer.mx\/antenaradio\/?s={search_term_string}\"},\"query-input\":\"required name=search_term_string\"}],\"inLanguage\":\"es\"},{\"@type\":\"Person\",\"@id\":\"https:\/\/noticias.imer.mx\/antenaradio\/#\/schema\/person\/72de5454d165c5239bc56a49873e43c9\",\"name\":\"IMER Noticias\",\"url\":\"https:\/\/noticias.imer.mx\/antenaradio\/author\/antenaradio\/\"}]}<\/script>\n<!-- \/ Yoast SEO plugin. -->","yoast_head_json":{"title":"Reuni\u00f3n Obama-Pe\u00f1a Nieto, los temas empleo y seguridad - Antena Radio","robots":{"index":"index","follow":"follow","max-snippet":"max-snippet:-1","max-image-preview":"max-image-preview:large","max-video-preview":"max-video-preview:-1"},"canonical":"https:\/\/noticias.imer.mx\/antenaradio\/2012\/11\/28\/reunion-obama-pena-nieto-los-temas-empleo-y-seguridad\/","og_locale":"es_ES","og_type":"article","og_title":"Reuni\u00f3n Obama-Pe\u00f1a Nieto, los temas empleo y seguridad - Antena Radio","og_description":"Desde Washington nuestro conductor Mario Campos nos dio un reporte sobre la reuni\u00f3n entre el presidente de los Estados Unidos y el presidente electo de M\u00e9xico, Enrique Pe\u00f1a Nieto. Descargue aqu\u00ed el audio de Mario Campos","og_url":"https:\/\/noticias.imer.mx\/antenaradio\/2012\/11\/28\/reunion-obama-pena-nieto-los-temas-empleo-y-seguridad\/","og_site_name":"Antena Radio","article_published_time":"2012-11-28T17:50:39+00:00","author":"IMER Noticias","twitter_card":"summary_large_image","twitter_misc":{"Escrito por":"IMER Noticias"},"schema":{"@context":"https:\/\/schema.org","@graph":[{"@type":"WebPage","@id":"https:\/\/noticias.imer.mx\/antenaradio\/2012\/11\/28\/reunion-obama-pena-nieto-los-temas-empleo-y-seguridad\/","url":"https:\/\/noticias.imer.mx\/antenaradio\/2012\/11\/28\/reunion-obama-pena-nieto-los-temas-empleo-y-seguridad\/","name":"Reuni\u00f3n Obama-Pe\u00f1a Nieto, los temas empleo y seguridad - Antena Radio","isPartOf":{"@id":"https:\/\/noticias.imer.mx\/antenaradio\/#website"},"datePublished":"2012-11-28T17:50:39+00:00","dateModified":"2012-11-28T17:50:39+00:00","author":{"@id":"https:\/\/noticias.imer.mx\/antenaradio\/#\/schema\/person\/72de5454d165c5239bc56a49873e43c9"},"breadcrumb":{"@id":"https:\/\/noticias.imer.mx\/antenaradio\/2012\/11\/28\/reunion-obama-pena-nieto-los-temas-empleo-y-seguridad\/#breadcrumb"},"inLanguage":"es","potentialAction":[{"@type":"ReadAction","target":["https:\/\/noticias.imer.mx\/antenaradio\/2012\/11\/28\/reunion-obama-pena-nieto-los-temas-empleo-y-seguridad\/"]}]},{"@type":"BreadcrumbList","@id":"https:\/\/noticias.imer.mx\/antenaradio\/2012\/11\/28\/reunion-obama-pena-nieto-los-temas-empleo-y-seguridad\/#breadcrumb","itemListElement":[{"@type":"ListItem","position":1,"name":"Home","item":"https:\/\/noticias.imer.mx\/antenaradio\/"},{"@type":"ListItem","position":2,"name":"Reuni\u00f3n Obama-Pe\u00f1a Nieto, los temas empleo y seguridad"}]},{"@type":"WebSite","@id":"https:\/\/noticias.imer.mx\/antenaradio\/#website","url":"https:\/\/noticias.imer.mx\/antenaradio\/","name":"Antena Radio","description":"La forma m\u00e1s clara de entender la noticia","potentialAction":[{"@type":"SearchAction","target":{"@type":"EntryPoint","urlTemplate":"https:\/\/noticias.imer.mx\/antenaradio\/?s={search_term_string}"},"query-input":"required name=search_term_string"}],"inLanguage":"es"},{"@type":"Person","@id":"https:\/\/noticias.imer.mx\/antenaradio\/#\/schema\/person\/72de5454d165c5239bc56a49873e43c9","name":"IMER Noticias","url":"https:\/\/noticias.imer.mx\/antenaradio\/author\/antenaradio\/"}]}},"_links":{"self":[{"href":"https:\/\/noticias.imer.mx\/antenaradio\/wp-json\/wp\/v2\/posts\/20911"}],"collection":[{"href":"https:\/\/noticias.imer.mx\/antenaradio\/wp-json\/wp\/v2\/posts"}],"about":[{"href":"https:\/\/noticias.imer.mx\/antenaradio\/wp-json\/wp\/v2\/types\/post"}],"author":[{"embeddable":true,"href":"https:\/\/noticias.imer.mx\/antenaradio\/wp-json\/wp\/v2\/users\/8"}],"replies":[{"embeddable":true,"href":"https:\/\/noticias.imer.mx\/antenaradio\/wp-json\/wp\/v2\/comments?post=20911"}],"version-history":[{"count":1,"href":"https:\/\/noticias.imer.mx\/antenaradio\/wp-json\/wp\/v2\/posts\/20911\/revisions"}],"predecessor-version":[{"id":20914,"href":"https:\/\/noticias.imer.mx\/antenaradio\/wp-json\/wp\/v2\/posts\/20911\/revisions\/20914"}],"wp:attachment":[{"href":"https:\/\/noticias.imer.mx\/antenaradio\/wp-json\/wp\/v2\/media?parent=20911"}],"wp:term":[{"taxonomy":"category","embeddable":true,"href":"https:\/\/noticias.imer.mx\/antenaradio\/wp-json\/wp\/v2\/categories?post=20911"},{"taxonomy":"post_tag","embeddable":true,"href":"https:\/\/noticias.imer.mx\/antenaradio\/wp-json\/wp\/v2\/tags?post=20911"}],"curies":[{"name":"wp","href":"https:\/\/api.w.org\/{rel}","templated":true}]}}