{"id":20907,"date":"2012-11-28T11:40:20","date_gmt":"2012-11-28T17:40:20","guid":{"rendered":"http:\/\/www.blogs.imer.gob.mx\/antenaradio\/?p=20907"},"modified":"2012-11-28T11:40:20","modified_gmt":"2012-11-28T17:40:20","slug":"acuerdo-politico-nacional-relacion-pri-prd","status":"publish","type":"post","link":"https:\/\/noticias.imer.mx\/antenaradio\/2012\/11\/28\/acuerdo-politico-nacional-relacion-pri-prd\/","title":{"rendered":"Acuerdo pol\u00edtico nacional, relaci\u00f3n PRI-PRD"},"content":{"rendered":"<p><a href=\"http:\/\/snn.imer.gob.mx\/antenaradio\/files\/2012\/11\/Juan-Luis-Hern\u00e1ndez-Avenda\u00f1o-01.jpg\"><img decoding=\"async\" loading=\"lazy\" class=\"alignnone size-full wp-image-20909\" src=\"http:\/\/snn.imer.gob.mx\/antenaradio\/files\/2012\/11\/Juan-Luis-Hern\u00e1ndez-Avenda\u00f1o-01.jpg\" alt=\"\" width=\"120\" height=\"120\" \/><\/a><\/p>\n<p>El maestro <strong>Juan Luis Hern\u00e1ndez Avenda\u00f1o<\/strong>,polit\u00f3logo, profesor de tiempo completo de la Universidad Iberoamericana en Puebla, convers\u00f3 con nosotros sobre el acuerdo pol\u00edtico nacional entre los principales partidos.<\/p>\n<p><a href=\"http:\/\/snn.imer.gob.mx\/antenaradio\/files\/2012\/11\/28-NOV-JUAN-LUIS-HERN\u00c1NDEZ-AVENDA\u00d1O.mp3\">Descargue aqu\u00ed el audio de Juan Luis Hern\u00e1ndez Avenda\u00f1o<\/a><\/p>\n","protected":false},"excerpt":{"rendered":"<p>El maestro Juan Luis Hern\u00e1ndez Avenda\u00f1o,polit\u00f3logo, profesor de tiempo completo de la Universidad Iberoamericana en Puebla, convers\u00f3 con nosotros sobre el acuerdo pol\u00edtico nacional entre los principales partidos. Descargue aqu\u00ed el audio de Juan Luis Hern\u00e1ndez Avenda\u00f1o<\/p>\n","protected":false},"author":8,"featured_media":0,"comment_status":"open","ping_status":"open","sticky":false,"template":"","format":"standard","meta":{"wp_popup_display_lightbox":0,"wp_popup_suppress":"","wp_popup_trigger":"","wp_popup_trigger_amount":0,"wp_popup_disable_on_mobile":false},"categories":[5,4929],"tags":[84,2645,4557],"yoast_head":"<!-- This site is optimized with the Yoast SEO plugin v21.0 - https:\/\/yoast.com\/wordpress\/plugins\/seo\/ -->\n<title>Acuerdo pol\u00edtico nacional, relaci\u00f3n PRI-PRD - Antena Radio<\/title>\n<meta name=\"robots\" content=\"index, follow, max-snippet:-1, max-image-preview:large, max-video-preview:-1\" \/>\n<link rel=\"canonical\" href=\"https:\/\/noticias.imer.mx\/antenaradio\/2012\/11\/28\/acuerdo-politico-nacional-relacion-pri-prd\/\" \/>\n<meta property=\"og:locale\" content=\"es_ES\" \/>\n<meta property=\"og:type\" content=\"article\" \/>\n<meta property=\"og:title\" content=\"Acuerdo pol\u00edtico nacional, relaci\u00f3n PRI-PRD - Antena Radio\" \/>\n<meta property=\"og:description\" content=\"El maestro Juan Luis Hern\u00e1ndez Avenda\u00f1o,polit\u00f3logo, profesor de tiempo completo de la Universidad Iberoamericana en Puebla, convers\u00f3 con nosotros sobre el acuerdo pol\u00edtico nacional entre los principales partidos. Descargue aqu\u00ed el audio de Juan Luis Hern\u00e1ndez Avenda\u00f1o\" \/>\n<meta property=\"og:url\" content=\"https:\/\/noticias.imer.mx\/antenaradio\/2012\/11\/28\/acuerdo-politico-nacional-relacion-pri-prd\/\" \/>\n<meta property=\"og:site_name\" content=\"Antena Radio\" \/>\n<meta property=\"article:published_time\" content=\"2012-11-28T17:40:20+00:00\" \/>\n<meta name=\"author\" content=\"IMER Noticias\" \/>\n<meta name=\"twitter:card\" content=\"summary_large_image\" \/>\n<meta name=\"twitter:label1\" content=\"Escrito por\" \/>\n\t<meta name=\"twitter:data1\" content=\"IMER Noticias\" \/>\n<script type=\"application\/ld+json\" class=\"yoast-schema-graph\">{\"@context\":\"https:\/\/schema.org\",\"@graph\":[{\"@type\":\"WebPage\",\"@id\":\"https:\/\/noticias.imer.mx\/antenaradio\/2012\/11\/28\/acuerdo-politico-nacional-relacion-pri-prd\/\",\"url\":\"https:\/\/noticias.imer.mx\/antenaradio\/2012\/11\/28\/acuerdo-politico-nacional-relacion-pri-prd\/\",\"name\":\"Acuerdo pol\u00edtico nacional, relaci\u00f3n PRI-PRD - Antena Radio\",\"isPartOf\":{\"@id\":\"https:\/\/noticias.imer.mx\/antenaradio\/#website\"},\"datePublished\":\"2012-11-28T17:40:20+00:00\",\"dateModified\":\"2012-11-28T17:40:20+00:00\",\"author\":{\"@id\":\"https:\/\/noticias.imer.mx\/antenaradio\/#\/schema\/person\/72de5454d165c5239bc56a49873e43c9\"},\"breadcrumb\":{\"@id\":\"https:\/\/noticias.imer.mx\/antenaradio\/2012\/11\/28\/acuerdo-politico-nacional-relacion-pri-prd\/#breadcrumb\"},\"inLanguage\":\"es\",\"potentialAction\":[{\"@type\":\"ReadAction\",\"target\":[\"https:\/\/noticias.imer.mx\/antenaradio\/2012\/11\/28\/acuerdo-politico-nacional-relacion-pri-prd\/\"]}]},{\"@type\":\"BreadcrumbList\",\"@id\":\"https:\/\/noticias.imer.mx\/antenaradio\/2012\/11\/28\/acuerdo-politico-nacional-relacion-pri-prd\/#breadcrumb\",\"itemListElement\":[{\"@type\":\"ListItem\",\"position\":1,\"name\":\"Home\",\"item\":\"https:\/\/noticias.imer.mx\/antenaradio\/\"},{\"@type\":\"ListItem\",\"position\":2,\"name\":\"Acuerdo pol\u00edtico nacional, relaci\u00f3n PRI-PRD\"}]},{\"@type\":\"WebSite\",\"@id\":\"https:\/\/noticias.imer.mx\/antenaradio\/#website\",\"url\":\"https:\/\/noticias.imer.mx\/antenaradio\/\",\"name\":\"Antena Radio\",\"description\":\"La forma m\u00e1s clara de entender la noticia\",\"potentialAction\":[{\"@type\":\"SearchAction\",\"target\":{\"@type\":\"EntryPoint\",\"urlTemplate\":\"https:\/\/noticias.imer.mx\/antenaradio\/?s={search_term_string}\"},\"query-input\":\"required name=search_term_string\"}],\"inLanguage\":\"es\"},{\"@type\":\"Person\",\"@id\":\"https:\/\/noticias.imer.mx\/antenaradio\/#\/schema\/person\/72de5454d165c5239bc56a49873e43c9\",\"name\":\"IMER Noticias\",\"url\":\"https:\/\/noticias.imer.mx\/antenaradio\/author\/antenaradio\/\"}]}<\/script>\n<!-- \/ Yoast SEO plugin. -->","yoast_head_json":{"title":"Acuerdo pol\u00edtico nacional, relaci\u00f3n PRI-PRD - Antena Radio","robots":{"index":"index","follow":"follow","max-snippet":"max-snippet:-1","max-image-preview":"max-image-preview:large","max-video-preview":"max-video-preview:-1"},"canonical":"https:\/\/noticias.imer.mx\/antenaradio\/2012\/11\/28\/acuerdo-politico-nacional-relacion-pri-prd\/","og_locale":"es_ES","og_type":"article","og_title":"Acuerdo pol\u00edtico nacional, relaci\u00f3n PRI-PRD - Antena Radio","og_description":"El maestro Juan Luis Hern\u00e1ndez Avenda\u00f1o,polit\u00f3logo, profesor de tiempo completo de la Universidad Iberoamericana en Puebla, convers\u00f3 con nosotros sobre el acuerdo pol\u00edtico nacional entre los principales partidos. Descargue aqu\u00ed el audio de Juan Luis Hern\u00e1ndez Avenda\u00f1o","og_url":"https:\/\/noticias.imer.mx\/antenaradio\/2012\/11\/28\/acuerdo-politico-nacional-relacion-pri-prd\/","og_site_name":"Antena Radio","article_published_time":"2012-11-28T17:40:20+00:00","author":"IMER Noticias","twitter_card":"summary_large_image","twitter_misc":{"Escrito por":"IMER Noticias"},"schema":{"@context":"https:\/\/schema.org","@graph":[{"@type":"WebPage","@id":"https:\/\/noticias.imer.mx\/antenaradio\/2012\/11\/28\/acuerdo-politico-nacional-relacion-pri-prd\/","url":"https:\/\/noticias.imer.mx\/antenaradio\/2012\/11\/28\/acuerdo-politico-nacional-relacion-pri-prd\/","name":"Acuerdo pol\u00edtico nacional, relaci\u00f3n PRI-PRD - Antena Radio","isPartOf":{"@id":"https:\/\/noticias.imer.mx\/antenaradio\/#website"},"datePublished":"2012-11-28T17:40:20+00:00","dateModified":"2012-11-28T17:40:20+00:00","author":{"@id":"https:\/\/noticias.imer.mx\/antenaradio\/#\/schema\/person\/72de5454d165c5239bc56a49873e43c9"},"breadcrumb":{"@id":"https:\/\/noticias.imer.mx\/antenaradio\/2012\/11\/28\/acuerdo-politico-nacional-relacion-pri-prd\/#breadcrumb"},"inLanguage":"es","potentialAction":[{"@type":"ReadAction","target":["https:\/\/noticias.imer.mx\/antenaradio\/2012\/11\/28\/acuerdo-politico-nacional-relacion-pri-prd\/"]}]},{"@type":"BreadcrumbList","@id":"https:\/\/noticias.imer.mx\/antenaradio\/2012\/11\/28\/acuerdo-politico-nacional-relacion-pri-prd\/#breadcrumb","itemListElement":[{"@type":"ListItem","position":1,"name":"Home","item":"https:\/\/noticias.imer.mx\/antenaradio\/"},{"@type":"ListItem","position":2,"name":"Acuerdo pol\u00edtico nacional, relaci\u00f3n PRI-PRD"}]},{"@type":"WebSite","@id":"https:\/\/noticias.imer.mx\/antenaradio\/#website","url":"https:\/\/noticias.imer.mx\/antenaradio\/","name":"Antena Radio","description":"La forma m\u00e1s clara de entender la noticia","potentialAction":[{"@type":"SearchAction","target":{"@type":"EntryPoint","urlTemplate":"https:\/\/noticias.imer.mx\/antenaradio\/?s={search_term_string}"},"query-input":"required name=search_term_string"}],"inLanguage":"es"},{"@type":"Person","@id":"https:\/\/noticias.imer.mx\/antenaradio\/#\/schema\/person\/72de5454d165c5239bc56a49873e43c9","name":"IMER Noticias","url":"https:\/\/noticias.imer.mx\/antenaradio\/author\/antenaradio\/"}]}},"_links":{"self":[{"href":"https:\/\/noticias.imer.mx\/antenaradio\/wp-json\/wp\/v2\/posts\/20907"}],"collection":[{"href":"https:\/\/noticias.imer.mx\/antenaradio\/wp-json\/wp\/v2\/posts"}],"about":[{"href":"https:\/\/noticias.imer.mx\/antenaradio\/wp-json\/wp\/v2\/types\/post"}],"author":[{"embeddable":true,"href":"https:\/\/noticias.imer.mx\/antenaradio\/wp-json\/wp\/v2\/users\/8"}],"replies":[{"embeddable":true,"href":"https:\/\/noticias.imer.mx\/antenaradio\/wp-json\/wp\/v2\/comments?post=20907"}],"version-history":[{"count":1,"href":"https:\/\/noticias.imer.mx\/antenaradio\/wp-json\/wp\/v2\/posts\/20907\/revisions"}],"predecessor-version":[{"id":20910,"href":"https:\/\/noticias.imer.mx\/antenaradio\/wp-json\/wp\/v2\/posts\/20907\/revisions\/20910"}],"wp:attachment":[{"href":"https:\/\/noticias.imer.mx\/antenaradio\/wp-json\/wp\/v2\/media?parent=20907"}],"wp:term":[{"taxonomy":"category","embeddable":true,"href":"https:\/\/noticias.imer.mx\/antenaradio\/wp-json\/wp\/v2\/categories?post=20907"},{"taxonomy":"post_tag","embeddable":true,"href":"https:\/\/noticias.imer.mx\/antenaradio\/wp-json\/wp\/v2\/tags?post=20907"}],"curies":[{"name":"wp","href":"https:\/\/api.w.org\/{rel}","templated":true}]}}