{"id":20902,"date":"2012-11-27T20:59:33","date_gmt":"2012-11-28T02:59:33","guid":{"rendered":"http:\/\/www.blogs.imer.gob.mx\/antenaradio\/?p=20902"},"modified":"2012-11-27T20:59:33","modified_gmt":"2012-11-28T02:59:33","slug":"la-scjn-decidira-sobre-el-caso-de-jose-ramon-aniceto-y-pascual-agustin-cruz","status":"publish","type":"post","link":"https:\/\/noticias.imer.mx\/antenaradio\/2012\/11\/27\/la-scjn-decidira-sobre-el-caso-de-jose-ramon-aniceto-y-pascual-agustin-cruz\/","title":{"rendered":"La SCJN decidir\u00e1 sobre el caso de Jos\u00e9 Ram\u00f3n Aniceto y Pascual Agust\u00edn Cruz"},"content":{"rendered":"<p><a href=\"http:\/\/snn.imer.gob.mx\/antenaradio\/files\/2012\/11\/MILES.jpg\"><img decoding=\"async\" loading=\"lazy\" class=\"alignnone size-thumbnail wp-image-20904\" src=\"http:\/\/snn.imer.gob.mx\/antenaradio\/files\/2012\/11\/MILES-150x150.jpg\" alt=\"\" width=\"150\" height=\"150\" \/><\/a><\/p>\n<p>El licenciado Andr\u00e9s D\u00edaz, abogado del \u00e1rea de defensa integral del Centro de Derechos Humanos Miguel Agust\u00edn Pro Ju\u00e1rez, habl\u00f3 acerca de la resoluci\u00f3n de la Suprema Corte de Justicia de la Naci\u00f3n sobre el caso de Jos\u00e9 Ram\u00f3n Aniceto y Pascual Agust\u00edn Cruz, defensores comunitarios del agua en Puebla<\/p>\n<p><a href=\"http:\/\/snn.imer.gob.mx\/antenaradio\/files\/2012\/11\/ANICETO.mp3\">ANICETO<\/a><\/p>\n","protected":false},"excerpt":{"rendered":"<p>El licenciado Andr\u00e9s D\u00edaz, abogado del \u00e1rea de defensa integral del Centro de Derechos Humanos Miguel Agust\u00edn Pro Ju\u00e1rez, habl\u00f3 acerca de la resoluci\u00f3n de la Suprema Corte de Justicia de la Naci\u00f3n sobre el caso de Jos\u00e9 Ram\u00f3n Aniceto y Pascual Agust\u00edn Cruz, defensores comunitarios del agua en Puebla ANICETO<\/p>\n","protected":false},"author":8,"featured_media":0,"comment_status":"open","ping_status":"open","sticky":false,"template":"","format":"standard","meta":{"wp_popup_display_lightbox":0,"wp_popup_suppress":"","wp_popup_trigger":"","wp_popup_trigger_amount":0,"wp_popup_disable_on_mobile":false},"categories":[8093,4939],"tags":[6891,6893,6890,6892],"yoast_head":"<!-- This site is optimized with the Yoast SEO plugin v21.0 - https:\/\/yoast.com\/wordpress\/plugins\/seo\/ -->\n<title>La SCJN decidir\u00e1 sobre el caso de Jos\u00e9 Ram\u00f3n Aniceto y Pascual Agust\u00edn Cruz - Antena Radio<\/title>\n<meta name=\"robots\" content=\"index, follow, max-snippet:-1, max-image-preview:large, max-video-preview:-1\" \/>\n<link rel=\"canonical\" href=\"https:\/\/noticias.imer.mx\/antenaradio\/2012\/11\/27\/la-scjn-decidira-sobre-el-caso-de-jose-ramon-aniceto-y-pascual-agustin-cruz\/\" \/>\n<meta property=\"og:locale\" content=\"es_ES\" \/>\n<meta property=\"og:type\" content=\"article\" \/>\n<meta property=\"og:title\" content=\"La SCJN decidir\u00e1 sobre el caso de Jos\u00e9 Ram\u00f3n Aniceto y Pascual Agust\u00edn Cruz - Antena Radio\" \/>\n<meta property=\"og:description\" content=\"El licenciado Andr\u00e9s D\u00edaz, abogado del \u00e1rea de defensa integral del Centro de Derechos Humanos Miguel Agust\u00edn Pro Ju\u00e1rez, habl\u00f3 acerca de la resoluci\u00f3n de la Suprema Corte de Justicia de la Naci\u00f3n sobre el caso de Jos\u00e9 Ram\u00f3n Aniceto y Pascual Agust\u00edn Cruz, defensores comunitarios del agua en Puebla ANICETO\" \/>\n<meta property=\"og:url\" content=\"https:\/\/noticias.imer.mx\/antenaradio\/2012\/11\/27\/la-scjn-decidira-sobre-el-caso-de-jose-ramon-aniceto-y-pascual-agustin-cruz\/\" \/>\n<meta property=\"og:site_name\" content=\"Antena Radio\" \/>\n<meta property=\"article:published_time\" content=\"2012-11-28T02:59:33+00:00\" \/>\n<meta property=\"og:image\" content=\"http:\/\/snn.imer.gob.mx\/antenaradio\/files\/2012\/11\/MILES-150x150.jpg\" \/>\n<meta name=\"author\" content=\"IMER Noticias\" \/>\n<meta name=\"twitter:card\" content=\"summary_large_image\" \/>\n<meta name=\"twitter:label1\" content=\"Escrito por\" \/>\n\t<meta name=\"twitter:data1\" content=\"IMER Noticias\" \/>\n<script type=\"application\/ld+json\" class=\"yoast-schema-graph\">{\"@context\":\"https:\/\/schema.org\",\"@graph\":[{\"@type\":\"WebPage\",\"@id\":\"https:\/\/noticias.imer.mx\/antenaradio\/2012\/11\/27\/la-scjn-decidira-sobre-el-caso-de-jose-ramon-aniceto-y-pascual-agustin-cruz\/\",\"url\":\"https:\/\/noticias.imer.mx\/antenaradio\/2012\/11\/27\/la-scjn-decidira-sobre-el-caso-de-jose-ramon-aniceto-y-pascual-agustin-cruz\/\",\"name\":\"La SCJN decidir\u00e1 sobre el caso de Jos\u00e9 Ram\u00f3n Aniceto y Pascual Agust\u00edn Cruz - Antena Radio\",\"isPartOf\":{\"@id\":\"https:\/\/noticias.imer.mx\/antenaradio\/#website\"},\"datePublished\":\"2012-11-28T02:59:33+00:00\",\"dateModified\":\"2012-11-28T02:59:33+00:00\",\"author\":{\"@id\":\"https:\/\/noticias.imer.mx\/antenaradio\/#\/schema\/person\/72de5454d165c5239bc56a49873e43c9\"},\"breadcrumb\":{\"@id\":\"https:\/\/noticias.imer.mx\/antenaradio\/2012\/11\/27\/la-scjn-decidira-sobre-el-caso-de-jose-ramon-aniceto-y-pascual-agustin-cruz\/#breadcrumb\"},\"inLanguage\":\"es\",\"potentialAction\":[{\"@type\":\"ReadAction\",\"target\":[\"https:\/\/noticias.imer.mx\/antenaradio\/2012\/11\/27\/la-scjn-decidira-sobre-el-caso-de-jose-ramon-aniceto-y-pascual-agustin-cruz\/\"]}]},{\"@type\":\"BreadcrumbList\",\"@id\":\"https:\/\/noticias.imer.mx\/antenaradio\/2012\/11\/27\/la-scjn-decidira-sobre-el-caso-de-jose-ramon-aniceto-y-pascual-agustin-cruz\/#breadcrumb\",\"itemListElement\":[{\"@type\":\"ListItem\",\"position\":1,\"name\":\"Home\",\"item\":\"https:\/\/noticias.imer.mx\/antenaradio\/\"},{\"@type\":\"ListItem\",\"position\":2,\"name\":\"La SCJN decidir\u00e1 sobre el caso de Jos\u00e9 Ram\u00f3n Aniceto y Pascual Agust\u00edn Cruz\"}]},{\"@type\":\"WebSite\",\"@id\":\"https:\/\/noticias.imer.mx\/antenaradio\/#website\",\"url\":\"https:\/\/noticias.imer.mx\/antenaradio\/\",\"name\":\"Antena Radio\",\"description\":\"La forma m\u00e1s clara de entender la noticia\",\"potentialAction\":[{\"@type\":\"SearchAction\",\"target\":{\"@type\":\"EntryPoint\",\"urlTemplate\":\"https:\/\/noticias.imer.mx\/antenaradio\/?s={search_term_string}\"},\"query-input\":\"required name=search_term_string\"}],\"inLanguage\":\"es\"},{\"@type\":\"Person\",\"@id\":\"https:\/\/noticias.imer.mx\/antenaradio\/#\/schema\/person\/72de5454d165c5239bc56a49873e43c9\",\"name\":\"IMER Noticias\",\"url\":\"https:\/\/noticias.imer.mx\/antenaradio\/author\/antenaradio\/\"}]}<\/script>\n<!-- \/ Yoast SEO plugin. -->","yoast_head_json":{"title":"La SCJN decidir\u00e1 sobre el caso de Jos\u00e9 Ram\u00f3n Aniceto y Pascual Agust\u00edn Cruz - Antena Radio","robots":{"index":"index","follow":"follow","max-snippet":"max-snippet:-1","max-image-preview":"max-image-preview:large","max-video-preview":"max-video-preview:-1"},"canonical":"https:\/\/noticias.imer.mx\/antenaradio\/2012\/11\/27\/la-scjn-decidira-sobre-el-caso-de-jose-ramon-aniceto-y-pascual-agustin-cruz\/","og_locale":"es_ES","og_type":"article","og_title":"La SCJN decidir\u00e1 sobre el caso de Jos\u00e9 Ram\u00f3n Aniceto y Pascual Agust\u00edn Cruz - Antena Radio","og_description":"El licenciado Andr\u00e9s D\u00edaz, abogado del \u00e1rea de defensa integral del Centro de Derechos Humanos Miguel Agust\u00edn Pro Ju\u00e1rez, habl\u00f3 acerca de la resoluci\u00f3n de la Suprema Corte de Justicia de la Naci\u00f3n sobre el caso de Jos\u00e9 Ram\u00f3n Aniceto y Pascual Agust\u00edn Cruz, defensores comunitarios del agua en Puebla ANICETO","og_url":"https:\/\/noticias.imer.mx\/antenaradio\/2012\/11\/27\/la-scjn-decidira-sobre-el-caso-de-jose-ramon-aniceto-y-pascual-agustin-cruz\/","og_site_name":"Antena Radio","article_published_time":"2012-11-28T02:59:33+00:00","og_image":[{"url":"http:\/\/snn.imer.gob.mx\/antenaradio\/files\/2012\/11\/MILES-150x150.jpg"}],"author":"IMER Noticias","twitter_card":"summary_large_image","twitter_misc":{"Escrito por":"IMER Noticias"},"schema":{"@context":"https:\/\/schema.org","@graph":[{"@type":"WebPage","@id":"https:\/\/noticias.imer.mx\/antenaradio\/2012\/11\/27\/la-scjn-decidira-sobre-el-caso-de-jose-ramon-aniceto-y-pascual-agustin-cruz\/","url":"https:\/\/noticias.imer.mx\/antenaradio\/2012\/11\/27\/la-scjn-decidira-sobre-el-caso-de-jose-ramon-aniceto-y-pascual-agustin-cruz\/","name":"La SCJN decidir\u00e1 sobre el caso de Jos\u00e9 Ram\u00f3n Aniceto y Pascual Agust\u00edn Cruz - Antena Radio","isPartOf":{"@id":"https:\/\/noticias.imer.mx\/antenaradio\/#website"},"datePublished":"2012-11-28T02:59:33+00:00","dateModified":"2012-11-28T02:59:33+00:00","author":{"@id":"https:\/\/noticias.imer.mx\/antenaradio\/#\/schema\/person\/72de5454d165c5239bc56a49873e43c9"},"breadcrumb":{"@id":"https:\/\/noticias.imer.mx\/antenaradio\/2012\/11\/27\/la-scjn-decidira-sobre-el-caso-de-jose-ramon-aniceto-y-pascual-agustin-cruz\/#breadcrumb"},"inLanguage":"es","potentialAction":[{"@type":"ReadAction","target":["https:\/\/noticias.imer.mx\/antenaradio\/2012\/11\/27\/la-scjn-decidira-sobre-el-caso-de-jose-ramon-aniceto-y-pascual-agustin-cruz\/"]}]},{"@type":"BreadcrumbList","@id":"https:\/\/noticias.imer.mx\/antenaradio\/2012\/11\/27\/la-scjn-decidira-sobre-el-caso-de-jose-ramon-aniceto-y-pascual-agustin-cruz\/#breadcrumb","itemListElement":[{"@type":"ListItem","position":1,"name":"Home","item":"https:\/\/noticias.imer.mx\/antenaradio\/"},{"@type":"ListItem","position":2,"name":"La SCJN decidir\u00e1 sobre el caso de Jos\u00e9 Ram\u00f3n Aniceto y Pascual Agust\u00edn Cruz"}]},{"@type":"WebSite","@id":"https:\/\/noticias.imer.mx\/antenaradio\/#website","url":"https:\/\/noticias.imer.mx\/antenaradio\/","name":"Antena Radio","description":"La forma m\u00e1s clara de entender la noticia","potentialAction":[{"@type":"SearchAction","target":{"@type":"EntryPoint","urlTemplate":"https:\/\/noticias.imer.mx\/antenaradio\/?s={search_term_string}"},"query-input":"required name=search_term_string"}],"inLanguage":"es"},{"@type":"Person","@id":"https:\/\/noticias.imer.mx\/antenaradio\/#\/schema\/person\/72de5454d165c5239bc56a49873e43c9","name":"IMER Noticias","url":"https:\/\/noticias.imer.mx\/antenaradio\/author\/antenaradio\/"}]}},"_links":{"self":[{"href":"https:\/\/noticias.imer.mx\/antenaradio\/wp-json\/wp\/v2\/posts\/20902"}],"collection":[{"href":"https:\/\/noticias.imer.mx\/antenaradio\/wp-json\/wp\/v2\/posts"}],"about":[{"href":"https:\/\/noticias.imer.mx\/antenaradio\/wp-json\/wp\/v2\/types\/post"}],"author":[{"embeddable":true,"href":"https:\/\/noticias.imer.mx\/antenaradio\/wp-json\/wp\/v2\/users\/8"}],"replies":[{"embeddable":true,"href":"https:\/\/noticias.imer.mx\/antenaradio\/wp-json\/wp\/v2\/comments?post=20902"}],"version-history":[{"count":1,"href":"https:\/\/noticias.imer.mx\/antenaradio\/wp-json\/wp\/v2\/posts\/20902\/revisions"}],"predecessor-version":[{"id":20905,"href":"https:\/\/noticias.imer.mx\/antenaradio\/wp-json\/wp\/v2\/posts\/20902\/revisions\/20905"}],"wp:attachment":[{"href":"https:\/\/noticias.imer.mx\/antenaradio\/wp-json\/wp\/v2\/media?parent=20902"}],"wp:term":[{"taxonomy":"category","embeddable":true,"href":"https:\/\/noticias.imer.mx\/antenaradio\/wp-json\/wp\/v2\/categories?post=20902"},{"taxonomy":"post_tag","embeddable":true,"href":"https:\/\/noticias.imer.mx\/antenaradio\/wp-json\/wp\/v2\/tags?post=20902"}],"curies":[{"name":"wp","href":"https:\/\/api.w.org\/{rel}","templated":true}]}}