{"id":20841,"date":"2012-11-20T20:15:26","date_gmt":"2012-11-21T02:15:26","guid":{"rendered":"http:\/\/www.blogs.imer.gob.mx\/antenaradio\/?p=20841"},"modified":"2012-11-20T20:15:26","modified_gmt":"2012-11-21T02:15:26","slug":"eligen-a-marti-batres-como-presidente-del-comite-ejecutivo-nacional-de-morena","status":"publish","type":"post","link":"https:\/\/noticias.imer.mx\/antenaradio\/2012\/11\/20\/eligen-a-marti-batres-como-presidente-del-comite-ejecutivo-nacional-de-morena\/","title":{"rendered":"Eligen a Mart\u00ed Batres como presidente del Comit\u00e9 Ejecutivo Nacional de Morena"},"content":{"rendered":"<p><a href=\"http:\/\/snn.imer.gob.mx\/antenaradio\/files\/2012\/11\/morena.jpg\"><img decoding=\"async\" loading=\"lazy\" class=\"alignnone size-thumbnail wp-image-20842\" src=\"http:\/\/snn.imer.gob.mx\/antenaradio\/files\/2012\/11\/morena-150x150.jpg\" alt=\"\" width=\"150\" height=\"150\" \/><\/a><\/p>\n<p>Mart\u00ed Batres, presidente de Morena , habl\u00f3 acerca de su nombramiento como presidente del Comit\u00e9 Ejecutivo Nacional del Movimiento Ciudadano de Regeneraci\u00f3n Nacional<\/p>\n<p><a href=\"http:\/\/snn.imer.gob.mx\/antenaradio\/files\/2012\/11\/batres.mp3\">Descarga el audio de Mart\u00ed Batres<\/a><\/p>\n","protected":false},"excerpt":{"rendered":"<p>Mart\u00ed Batres, presidente de Morena , habl\u00f3 acerca de su nombramiento como presidente del Comit\u00e9 Ejecutivo Nacional del Movimiento Ciudadano de Regeneraci\u00f3n Nacional Descarga el audio de Mart\u00ed Batres<\/p>\n","protected":false},"author":8,"featured_media":0,"comment_status":"open","ping_status":"open","sticky":false,"template":"","format":"standard","meta":{"wp_popup_display_lightbox":0,"wp_popup_suppress":"","wp_popup_trigger":"","wp_popup_trigger_amount":0,"wp_popup_disable_on_mobile":false},"categories":[8093,4939],"tags":[6865,3061,6864],"yoast_head":"<!-- This site is optimized with the Yoast SEO plugin v21.0 - https:\/\/yoast.com\/wordpress\/plugins\/seo\/ -->\n<title>Eligen a Mart\u00ed Batres como presidente del Comit\u00e9 Ejecutivo Nacional de Morena - Antena Radio<\/title>\n<meta name=\"robots\" content=\"index, follow, max-snippet:-1, max-image-preview:large, max-video-preview:-1\" \/>\n<link rel=\"canonical\" href=\"https:\/\/noticias.imer.mx\/antenaradio\/2012\/11\/20\/eligen-a-marti-batres-como-presidente-del-comite-ejecutivo-nacional-de-morena\/\" \/>\n<meta property=\"og:locale\" content=\"es_ES\" \/>\n<meta property=\"og:type\" content=\"article\" \/>\n<meta property=\"og:title\" content=\"Eligen a Mart\u00ed Batres como presidente del Comit\u00e9 Ejecutivo Nacional de Morena - Antena Radio\" \/>\n<meta property=\"og:description\" content=\"Mart\u00ed Batres, presidente de Morena , habl\u00f3 acerca de su nombramiento como presidente del Comit\u00e9 Ejecutivo Nacional del Movimiento Ciudadano de Regeneraci\u00f3n Nacional Descarga el audio de Mart\u00ed Batres\" \/>\n<meta property=\"og:url\" content=\"https:\/\/noticias.imer.mx\/antenaradio\/2012\/11\/20\/eligen-a-marti-batres-como-presidente-del-comite-ejecutivo-nacional-de-morena\/\" \/>\n<meta property=\"og:site_name\" content=\"Antena Radio\" \/>\n<meta property=\"article:published_time\" content=\"2012-11-21T02:15:26+00:00\" \/>\n<meta property=\"og:image\" content=\"http:\/\/snn.imer.gob.mx\/antenaradio\/files\/2012\/11\/morena-150x150.jpg\" \/>\n<meta name=\"author\" content=\"IMER Noticias\" \/>\n<meta name=\"twitter:card\" content=\"summary_large_image\" \/>\n<meta name=\"twitter:label1\" content=\"Escrito por\" \/>\n\t<meta name=\"twitter:data1\" content=\"IMER Noticias\" \/>\n<script type=\"application\/ld+json\" class=\"yoast-schema-graph\">{\"@context\":\"https:\/\/schema.org\",\"@graph\":[{\"@type\":\"WebPage\",\"@id\":\"https:\/\/noticias.imer.mx\/antenaradio\/2012\/11\/20\/eligen-a-marti-batres-como-presidente-del-comite-ejecutivo-nacional-de-morena\/\",\"url\":\"https:\/\/noticias.imer.mx\/antenaradio\/2012\/11\/20\/eligen-a-marti-batres-como-presidente-del-comite-ejecutivo-nacional-de-morena\/\",\"name\":\"Eligen a Mart\u00ed Batres como presidente del Comit\u00e9 Ejecutivo Nacional de Morena - Antena Radio\",\"isPartOf\":{\"@id\":\"https:\/\/noticias.imer.mx\/antenaradio\/#website\"},\"datePublished\":\"2012-11-21T02:15:26+00:00\",\"dateModified\":\"2012-11-21T02:15:26+00:00\",\"author\":{\"@id\":\"https:\/\/noticias.imer.mx\/antenaradio\/#\/schema\/person\/72de5454d165c5239bc56a49873e43c9\"},\"breadcrumb\":{\"@id\":\"https:\/\/noticias.imer.mx\/antenaradio\/2012\/11\/20\/eligen-a-marti-batres-como-presidente-del-comite-ejecutivo-nacional-de-morena\/#breadcrumb\"},\"inLanguage\":\"es\",\"potentialAction\":[{\"@type\":\"ReadAction\",\"target\":[\"https:\/\/noticias.imer.mx\/antenaradio\/2012\/11\/20\/eligen-a-marti-batres-como-presidente-del-comite-ejecutivo-nacional-de-morena\/\"]}]},{\"@type\":\"BreadcrumbList\",\"@id\":\"https:\/\/noticias.imer.mx\/antenaradio\/2012\/11\/20\/eligen-a-marti-batres-como-presidente-del-comite-ejecutivo-nacional-de-morena\/#breadcrumb\",\"itemListElement\":[{\"@type\":\"ListItem\",\"position\":1,\"name\":\"Home\",\"item\":\"https:\/\/noticias.imer.mx\/antenaradio\/\"},{\"@type\":\"ListItem\",\"position\":2,\"name\":\"Eligen a Mart\u00ed Batres como presidente del Comit\u00e9 Ejecutivo Nacional de Morena\"}]},{\"@type\":\"WebSite\",\"@id\":\"https:\/\/noticias.imer.mx\/antenaradio\/#website\",\"url\":\"https:\/\/noticias.imer.mx\/antenaradio\/\",\"name\":\"Antena Radio\",\"description\":\"La forma m\u00e1s clara de entender la noticia\",\"potentialAction\":[{\"@type\":\"SearchAction\",\"target\":{\"@type\":\"EntryPoint\",\"urlTemplate\":\"https:\/\/noticias.imer.mx\/antenaradio\/?s={search_term_string}\"},\"query-input\":\"required name=search_term_string\"}],\"inLanguage\":\"es\"},{\"@type\":\"Person\",\"@id\":\"https:\/\/noticias.imer.mx\/antenaradio\/#\/schema\/person\/72de5454d165c5239bc56a49873e43c9\",\"name\":\"IMER Noticias\",\"url\":\"https:\/\/noticias.imer.mx\/antenaradio\/author\/antenaradio\/\"}]}<\/script>\n<!-- \/ Yoast SEO plugin. -->","yoast_head_json":{"title":"Eligen a Mart\u00ed Batres como presidente del Comit\u00e9 Ejecutivo Nacional de Morena - Antena Radio","robots":{"index":"index","follow":"follow","max-snippet":"max-snippet:-1","max-image-preview":"max-image-preview:large","max-video-preview":"max-video-preview:-1"},"canonical":"https:\/\/noticias.imer.mx\/antenaradio\/2012\/11\/20\/eligen-a-marti-batres-como-presidente-del-comite-ejecutivo-nacional-de-morena\/","og_locale":"es_ES","og_type":"article","og_title":"Eligen a Mart\u00ed Batres como presidente del Comit\u00e9 Ejecutivo Nacional de Morena - Antena Radio","og_description":"Mart\u00ed Batres, presidente de Morena , habl\u00f3 acerca de su nombramiento como presidente del Comit\u00e9 Ejecutivo Nacional del Movimiento Ciudadano de Regeneraci\u00f3n Nacional Descarga el audio de Mart\u00ed Batres","og_url":"https:\/\/noticias.imer.mx\/antenaradio\/2012\/11\/20\/eligen-a-marti-batres-como-presidente-del-comite-ejecutivo-nacional-de-morena\/","og_site_name":"Antena Radio","article_published_time":"2012-11-21T02:15:26+00:00","og_image":[{"url":"http:\/\/snn.imer.gob.mx\/antenaradio\/files\/2012\/11\/morena-150x150.jpg"}],"author":"IMER Noticias","twitter_card":"summary_large_image","twitter_misc":{"Escrito por":"IMER Noticias"},"schema":{"@context":"https:\/\/schema.org","@graph":[{"@type":"WebPage","@id":"https:\/\/noticias.imer.mx\/antenaradio\/2012\/11\/20\/eligen-a-marti-batres-como-presidente-del-comite-ejecutivo-nacional-de-morena\/","url":"https:\/\/noticias.imer.mx\/antenaradio\/2012\/11\/20\/eligen-a-marti-batres-como-presidente-del-comite-ejecutivo-nacional-de-morena\/","name":"Eligen a Mart\u00ed Batres como presidente del Comit\u00e9 Ejecutivo Nacional de Morena - Antena Radio","isPartOf":{"@id":"https:\/\/noticias.imer.mx\/antenaradio\/#website"},"datePublished":"2012-11-21T02:15:26+00:00","dateModified":"2012-11-21T02:15:26+00:00","author":{"@id":"https:\/\/noticias.imer.mx\/antenaradio\/#\/schema\/person\/72de5454d165c5239bc56a49873e43c9"},"breadcrumb":{"@id":"https:\/\/noticias.imer.mx\/antenaradio\/2012\/11\/20\/eligen-a-marti-batres-como-presidente-del-comite-ejecutivo-nacional-de-morena\/#breadcrumb"},"inLanguage":"es","potentialAction":[{"@type":"ReadAction","target":["https:\/\/noticias.imer.mx\/antenaradio\/2012\/11\/20\/eligen-a-marti-batres-como-presidente-del-comite-ejecutivo-nacional-de-morena\/"]}]},{"@type":"BreadcrumbList","@id":"https:\/\/noticias.imer.mx\/antenaradio\/2012\/11\/20\/eligen-a-marti-batres-como-presidente-del-comite-ejecutivo-nacional-de-morena\/#breadcrumb","itemListElement":[{"@type":"ListItem","position":1,"name":"Home","item":"https:\/\/noticias.imer.mx\/antenaradio\/"},{"@type":"ListItem","position":2,"name":"Eligen a Mart\u00ed Batres como presidente del Comit\u00e9 Ejecutivo Nacional de Morena"}]},{"@type":"WebSite","@id":"https:\/\/noticias.imer.mx\/antenaradio\/#website","url":"https:\/\/noticias.imer.mx\/antenaradio\/","name":"Antena Radio","description":"La forma m\u00e1s clara de entender la noticia","potentialAction":[{"@type":"SearchAction","target":{"@type":"EntryPoint","urlTemplate":"https:\/\/noticias.imer.mx\/antenaradio\/?s={search_term_string}"},"query-input":"required name=search_term_string"}],"inLanguage":"es"},{"@type":"Person","@id":"https:\/\/noticias.imer.mx\/antenaradio\/#\/schema\/person\/72de5454d165c5239bc56a49873e43c9","name":"IMER Noticias","url":"https:\/\/noticias.imer.mx\/antenaradio\/author\/antenaradio\/"}]}},"_links":{"self":[{"href":"https:\/\/noticias.imer.mx\/antenaradio\/wp-json\/wp\/v2\/posts\/20841"}],"collection":[{"href":"https:\/\/noticias.imer.mx\/antenaradio\/wp-json\/wp\/v2\/posts"}],"about":[{"href":"https:\/\/noticias.imer.mx\/antenaradio\/wp-json\/wp\/v2\/types\/post"}],"author":[{"embeddable":true,"href":"https:\/\/noticias.imer.mx\/antenaradio\/wp-json\/wp\/v2\/users\/8"}],"replies":[{"embeddable":true,"href":"https:\/\/noticias.imer.mx\/antenaradio\/wp-json\/wp\/v2\/comments?post=20841"}],"version-history":[{"count":1,"href":"https:\/\/noticias.imer.mx\/antenaradio\/wp-json\/wp\/v2\/posts\/20841\/revisions"}],"predecessor-version":[{"id":20844,"href":"https:\/\/noticias.imer.mx\/antenaradio\/wp-json\/wp\/v2\/posts\/20841\/revisions\/20844"}],"wp:attachment":[{"href":"https:\/\/noticias.imer.mx\/antenaradio\/wp-json\/wp\/v2\/media?parent=20841"}],"wp:term":[{"taxonomy":"category","embeddable":true,"href":"https:\/\/noticias.imer.mx\/antenaradio\/wp-json\/wp\/v2\/categories?post=20841"},{"taxonomy":"post_tag","embeddable":true,"href":"https:\/\/noticias.imer.mx\/antenaradio\/wp-json\/wp\/v2\/tags?post=20841"}],"curies":[{"name":"wp","href":"https:\/\/api.w.org\/{rel}","templated":true}]}}